{"id":754117,"date":"2016-10-18T19:40:41","date_gmt":"2016-10-18T17:40:41","guid":{"rendered":"https:\/\/dailynewshungary.com\/de\/regierung-ungarn-strebt-an-dass-die-migrantenquoten-von-der-eu-agenda-gestrichen-werden\/"},"modified":"2016-10-18T19:40:41","modified_gmt":"2016-10-18T17:40:41","slug":"regierung-ungarn-strebt-an-dass-die-migrantenquoten-von-der-eu-agenda-gestrichen-werden","status":"publish","type":"post","link":"https:\/\/dailynewshungary.com\/de\/regierung-ungarn-strebt-an-dass-die-migrantenquoten-von-der-eu-agenda-gestrichen-werden\/","title":{"rendered":"Regierung: Ungarn strebt an, dass die Migrantenquoten von der EU-Agenda gestrichen werden"},"content":{"rendered":"<p><strong>Budapest, 18. Oktober (MTI) \u2013 Ziel der ungarischen Regierung sei es, Br\u00fcssel davon zu \u00fcberzeugen, verbindliche Migrantenquoten von der Tagesordnung der Europ\u00e4ischen Union zu streichen, sagte der Chef des Regierungsb\u00fcros am Dienstag bei seiner w\u00f6chentlichen Pressekonferenz.<\/strong><\/p>\n<p>Die Regierung brauche bei diesem \u201cKampf\u201d die Hilfe jedes ungarischen Politikers, sagte Dsch\u00e1nos Laas\u00e1rEr stellte fest, dass Ministerpr\u00e4sident Viktor Orb\u00e1n Treffen mit den F\u00fchrern jeder Parlamentspartei initiiert habe, um Unterst\u00fctzung f\u00fcr Ungarns Herausforderung der Migrantenquoten zu gewinnen.<\/p>\n<p>Er sagte, der Premierminister habe in dieser Angelegenheit bereits den Vorsitzenden der Sozialistischen Partei, Gyula Moln\u00e1r, getroffen und er treffe sich am Dienstagnachmittag mit G\u00e1bor Vona, dem Chef von Jobbik.<\/p>\n<p>In seinen Gespr\u00e4chen mit Moln\u00e1r forderte der Premierminister die Sozialisten auf, Ungarn in seinen politischen Debatten mit der EU zu unterst\u00fctzen, auch wenn die Partei den von der Regierung initiierten Verfassungs\u00e4nderungsvorschlag zu Migrantenquoten nicht unterst\u00fctzt habe, sagte L\u00e1z\u00e1r.<\/p>\n<p>Die Sozialistische Partei best\u00e4tigte in einer Erkl\u00e4rung, dass Moln\u00e1r Orb\u00e1n am Dienstag getroffen habe, um die Themen zu besprechen, die auf dem EU-Gipfel dieser Woche auf der Tagesordnung stehen werden. Die Partei bekr\u00e4ftigte jedoch, dass sie nicht bereit sei, den Verfassungs\u00e4nderungsvorschlag mit dem Premierminister zu besprechen.<\/p>\n<p>Nachdem die Sozialistische Partei klargestellt habe, dass sie \u201cohne Mandat der W\u00e4hlermehrheit\u201d keine Gespr\u00e4che \u00fcber eine Verfassungs\u00e4nderung f\u00fchren werde, habe der Ministerpr\u00e4sident das Angebot, sicherheitspolitische Fragen zu er\u00f6rtern, \u201cangenommen\u201d, hei\u00dft es in der Erkl\u00e4rung.<\/p>\n<p>Die Partei sagte, das von Orb\u00e1n initiierte Treffen konzentriere sich auf die Themen, die vom Europ\u00e4ischen Rat behandelt werden, darunter Migration, Russland und die vorgeschlagenen Freihandelsabkommen zwischen der EU, den USA und der EU und Kanada.<\/p>\n<p>Die Sozialisten sagten, Orb\u00e1n und Moln\u00e1r seien sich \u00fcber den Stand des \u00f6ffentlichen Lebens, die Demokratie, die Pressefreiheit und die Rechtsstaatlichkeit in Ungarn nicht einig.<\/p>\n<p><em>Foto: MTI<\/em><\/p>\n","protected":false},"excerpt":{"rendered":"<p>Budapest, 18. Oktober (MTI) \u2013 Ziel der ungarischen Regierung sei es, Br\u00fcssel davon zu \u00fcberzeugen, verbindliche Migrantenquoten von der Tagesordnung der Europ\u00e4ischen Union zu streichen, sagte der Chef des Regierungsb\u00fcros am Dienstag bei seiner w\u00f6chentlichen Pressekonferenz. Die Regierung brauche bei diesem \u201cKampf\u201d die Hilfe jedes ungarischen Politikers, sagte Dsch\u00e1nos Laas\u00e1rEr stellte fest, dass Ministerpr\u00e4sident Viktor [&hellip;]<\/p>\n","protected":false},"author":2,"featured_media":754118,"comment_status":"open","ping_status":"open","sticky":false,"template":"","format":"standard","meta":{"_acf_changed":false,"_display_image":"","footnotes":""},"categories":[1081],"tags":[1082,1632,1689,1871,1695,1128],"class_list":["post-754117","post","type-post","status-publish","format-standard","has-post-thumbnail","hentry","category-politik","tag-europaische-union","tag-jobbik","tag-kanada","tag-migrantenquoten","tag-sozialisten","tag-viktor-orban"],"blocksy_meta":[],"acf":[],"author_username":"alk","telegram_post":"","public_post_metadata":{"breaking_news":"","important":"","csempe":"","center_tile":"","disable_thumbnail":"","target_lang":"","_featured_image_style":"","telegram_post":"","_xlat_group_id":""},"public_rank_math_data":{"title":"%title% %sep% %sitename%","description":"","focus_keyword":"Ungarische Regierung","canonical_url":"","robots":"","primary_category":"1081","breadcrumb_title":"","facebook_title":"","facebook_description":"","facebook_image":"","facebook_image_id":"","twitter_title":"","twitter_description":"","twitter_image":"","twitter_image_id":"","twitter_card_type":"","twitter_use_facebook":"","advanced_robots":"","pillar_content":"","seo_score":"9","contentai_score":"","rich_snippet":""},"_links":{"self":[{"href":"https:\/\/dailynewshungary.com\/de\/wp-json\/wp\/v2\/posts\/754117","targetHints":{"allow":["GET"]}}],"collection":[{"href":"https:\/\/dailynewshungary.com\/de\/wp-json\/wp\/v2\/posts"}],"about":[{"href":"https:\/\/dailynewshungary.com\/de\/wp-json\/wp\/v2\/types\/post"}],"author":[{"embeddable":true,"href":"https:\/\/dailynewshungary.com\/de\/wp-json\/wp\/v2\/users\/2"}],"replies":[{"embeddable":true,"href":"https:\/\/dailynewshungary.com\/de\/wp-json\/wp\/v2\/comments?post=754117"}],"version-history":[{"count":0,"href":"https:\/\/dailynewshungary.com\/de\/wp-json\/wp\/v2\/posts\/754117\/revisions"}],"wp:featuredmedia":[{"embeddable":true,"href":"https:\/\/dailynewshungary.com\/de\/wp-json\/wp\/v2\/media\/754118"}],"wp:attachment":[{"href":"https:\/\/dailynewshungary.com\/de\/wp-json\/wp\/v2\/media?parent=754117"}],"wp:term":[{"taxonomy":"category","embeddable":true,"href":"https:\/\/dailynewshungary.com\/de\/wp-json\/wp\/v2\/categories?post=754117"},{"taxonomy":"post_tag","embeddable":true,"href":"https:\/\/dailynewshungary.com\/de\/wp-json\/wp\/v2\/tags?post=754117"}],"curies":[{"name":"wp","href":"https:\/\/api.w.org\/{rel}","templated":true}]}}