{"id":754160,"date":"2016-10-17T12:47:15","date_gmt":"2016-10-17T10:47:15","guid":{"rendered":"https:\/\/dailynewshungary.com\/de\/parlament-tagt-orbans-verfassungsanderung-zu-migrantenquoten\/"},"modified":"2016-10-17T12:47:15","modified_gmt":"2016-10-17T10:47:15","slug":"parlament-tagt-orbans-verfassungsanderung-zu-migrantenquoten","status":"publish","type":"post","link":"https:\/\/dailynewshungary.com\/de\/parlament-tagt-orbans-verfassungsanderung-zu-migrantenquoten\/","title":{"rendered":"Parlament tagt \u2013 Orb\u00e1ns Verfassungs\u00e4nderung zu Migrantenquoten"},"content":{"rendered":"<p><strong>Budapest, 17. Oktober (MTI) \u201eAmbiss\u201cIn Ungarn ist seit dem Referendum vom 2. Oktober ein \u201eneuer Block\u201d von Anh\u00e4ngern \u00fcber Parteizugeh\u00f6rigkeiten hinweg entstanden, sagte Minister Viktor Orb\u00e1n am Montag im Parlament und stellte seine neue Verfassungs\u00e4nderung zu Migrantenquoten vor.<\/strong><\/p>\n<p><img loading=\"lazy\" decoding=\"async\" class=\"size-medium wp-image-88504 alignright\" src=\"https:\/\/dailynewshungary.com\/wp-content\/uploads\/2016\/10\/D_NOE20161017003-207x300.jpg\" alt=\"Orb\u00e1n Viktor\" width=\"207\" height=\"300\" srcset=\"https:\/\/contentf5.dailynewshungary.com\/wp-content\/uploads\/2016\/10\/D_NOE20161017003-207x300.jpg 207w, https:\/\/contentf5.dailynewshungary.com\/wp-content\/uploads\/2016\/10\/D_NOE20161017003-768x1114.jpg 768w, https:\/\/contentf5.dailynewshungary.com\/wp-content\/uploads\/2016\/10\/D_NOE20161017003-706x1024.jpg 706w, https:\/\/contentf5.dailynewshungary.com\/wp-content\/uploads\/2016\/10\/D_NOE20161017003-152x220.jpg 152w, https:\/\/contentf5.dailynewshungary.com\/wp-content\/uploads\/2016\/10\/D_NOE20161017003-610x885.jpg 610w, https:\/\/contentf5.dailynewshungary.com\/wp-content\/uploads\/2016\/10\/D_NOE20161017003-1080x1567.jpg 1080w\" sizes=\"auto, (max-width: 207px) 100vw, 207px\">Dieser \u201cneue Block\u201d sei breit, vielf\u00e4ltig und stark, denn die Menschen f\u00fchlten sich in der Souver\u00e4nit\u00e4t Ungarns \u201cwieder in Gefahr\u201d, sagte erDer Block bewegt sich in Richtung der Bef\u00fcrwortung einer Nation eines \u201cEuropas der Nationen\u201d, w\u00e4hrend er sich auch darum bem\u00fcht, \u201cUngarn als Land der Ungarn zu erhalten\u201d, f\u00fcgte er hinzu.<\/p>\n<p>Eine gro\u00dfe Mehrheit der Ungarn bef\u00fcrwortete bei einem k\u00fcrzlich durchgef\u00fchrten Referendum die Idee, dass jede Nation \u00fcber ihre eigene Zukunft entscheiden darf, sagte er und brachte den Gesetzentwurf ein, der die siebte \u00c4nderung des ungarischen Grundgesetzes darstellt. Bef\u00fcrworter eines Europas der Nationen wollen die Vielfalt Europas bewahren, im Gegensatz zu Bef\u00fcrwortern \u201eeiniger Staaten Europas\u201cdie Nationen loswerden wollen, sagte Orb\u00e1n.<\/p>\n<p>Der entstehende neue Block sei weder rechts noch links, er sei einfach ungarisch, sagte Orb\u00e1n. Sein Ziel sei es, ein Grundbed\u00fcrfnis auszudr\u00fccken, das von \u201cder ungarischen Seele\u201d herr\u00fchre, n\u00e4mlich dass \u201cohne unsere Zustimmung und Zustimmung niemand entscheiden k\u00f6nne, mit wem und wie wir leben wollen\u201d.<\/p>\n<p>Der aktuelle \u00c4nderungsantrag erkl\u00e4rt ein Bekenntnis zu einem \u201cEuropa der freien Nationen und eines B\u00fcndnisses von L\u00e4ndern, aber nicht zu einem von Br\u00fcssel aus kontrollierten Imperium\u201d, sagte Orb\u00e1n und f\u00fcgte hinzu, dass das Referendum ein breites Spektrum an Unterst\u00fctzung f\u00fcr die Souver\u00e4nit\u00e4t Ungarns geschaffen habe, die \u201cjetzt wieder in Gefahr\u201d sei Es sei notwendig, die Verfassung in diesem Punkt zu \u00e4ndern, da das Referendum \u00fcber die Migrationsfrage hinausgreife, es gehe um \u201cunsere verfassungsm\u00e4\u00dfige Identit\u00e4t\u201d, sagte erDie Frage der verfassungsm\u00e4\u00dfigen Identit\u00e4t sei \u201cvielleicht das Wesen unserer k\u00fcnftigen Debatten mit Br\u00fcssel\u201d, f\u00fcgte er hinzu.<\/p>\n<p><img loading=\"lazy\" decoding=\"async\" class=\"size-medium wp-image-88505 alignleft\" src=\"https:\/\/dailynewshungary.com\/wp-content\/uploads\/2016\/10\/D_NOE20161017008-205x300.jpg\" alt=\"Parlament-Ungarn-stimme-orb\u00e1n-fidesz\" width=\"205\" height=\"300\" srcset=\"https:\/\/contentf5.dailynewshungary.com\/wp-content\/uploads\/2016\/10\/D_NOE20161017008-205x300.jpg 205w, https:\/\/contentf5.dailynewshungary.com\/wp-content\/uploads\/2016\/10\/D_NOE20161017008-768x1121.jpg 768w, https:\/\/contentf5.dailynewshungary.com\/wp-content\/uploads\/2016\/10\/D_NOE20161017008-701x1024.jpg 701w, https:\/\/contentf5.dailynewshungary.com\/wp-content\/uploads\/2016\/10\/D_NOE20161017008-151x220.jpg 151w, https:\/\/contentf5.dailynewshungary.com\/wp-content\/uploads\/2016\/10\/D_NOE20161017008-610x891.jpg 610w, https:\/\/contentf5.dailynewshungary.com\/wp-content\/uploads\/2016\/10\/D_NOE20161017008-1080x1577.jpg 1080w\" sizes=\"auto, (max-width: 205px) 100vw, 205px\">Die ungarische Geschichte demonstriert eindringlich, dass jede Nation mit einer verschlechterten geopolitischen Situation zu \u201ceinfach einer Nationalit\u00e4t\u201d werden kann Er zitierte den ungarischen Staatsmann Lajos Kossuth aus dem 19. Jahrhundert mit den Worten, dass \u201cWir Ungarn eine europ\u00e4ische Nation und keine Nationalit\u00e4t in Europa bleiben wollen\u201d.<\/p>\n<p>Die Souver\u00e4nit\u00e4t Ungarns steht erneut vor der Herausforderung internationaler Stimmen, die die Ausrottung von Nationen fordern, die die Welt als einen global integrativen Ort betrachten, an dem Grenzen verschwinden und \u201eihr Traum darin besteht, dass die Welt, aber zumindest Europa, zu einer gro\u00dfen Masse verschmelzen sollte.\u201cAusrottung nationaler Kulturen, Sprachen, Erbes und Gesetze\u201d, sagte Orb\u00e1n.<\/p>\n<p>Er forderte die politischen Parteien im Parlament auf, ihre parteipolitischen \u00dcberlegungen beiseite zu legen und seinen \u00c4nderungsvorschlag zu unterst\u00fctzen, er habe die Debatte verlassen m\u00fcssen, um nach Bayern zu reisen, um dort an die Revolution Ungarns 1956 zu erinnernIn seiner Abwesenheit werde die Regierung durch Justizminister L\u00e1szl\u00f3 Tr\u00f3cs\u00e1nyi in der Debatte vertreten, sagte er.<\/p>\n<p><em>Foto: MTI<\/em><\/p>\n","protected":false},"excerpt":{"rendered":"<p>Budapest, 17. Oktober (MTI) \u201eAmbiss\u201cIn Ungarn ist seit dem Referendum vom 2. Oktober ein \u201eneuer Block\u201d von Anh\u00e4ngern \u00fcber Parteizugeh\u00f6rigkeiten hinweg entstanden, sagte Minister Viktor Orb\u00e1n am Montag im Parlament und stellte seine neue Verfassungs\u00e4nderung zu Migrantenquoten vor. Dieser \u201cneue Block\u201d sei breit, vielf\u00e4ltig und stark, denn die Menschen f\u00fchlten sich in der Souver\u00e4nit\u00e4t Ungarns [&hellip;]<\/p>\n","protected":false},"author":2,"featured_media":754161,"comment_status":"open","ping_status":"open","sticky":false,"template":"","format":"standard","meta":{"_acf_changed":false,"_display_image":"","footnotes":""},"categories":[1081],"tags":[1082,1091,1871,1658,1308,1128],"class_list":["post-754160","post","type-post","status-publish","format-standard","has-post-thumbnail","hentry","category-politik","tag-europaische-union","tag-fidesz","tag-migrantenquoten","tag-parlament","tag-verfassungsanderung","tag-viktor-orban"],"blocksy_meta":[],"acf":[],"author_username":"alk","telegram_post":"","public_post_metadata":{"breaking_news":"","important":"","csempe":"","center_tile":"","disable_thumbnail":"","target_lang":"","_featured_image_style":"","telegram_post":"","_xlat_group_id":""},"public_rank_math_data":{"title":"%title% %sep% %sitename%","description":"","focus_keyword":"Verfassungs\u00e4nderung","canonical_url":"","robots":"","primary_category":"1081","breadcrumb_title":"","facebook_title":"","facebook_description":"","facebook_image":"","facebook_image_id":"","twitter_title":"","twitter_description":"","twitter_image":"","twitter_image_id":"","twitter_card_type":"","twitter_use_facebook":"","advanced_robots":"","pillar_content":"","seo_score":"53","contentai_score":"","rich_snippet":""},"_links":{"self":[{"href":"https:\/\/dailynewshungary.com\/de\/wp-json\/wp\/v2\/posts\/754160","targetHints":{"allow":["GET"]}}],"collection":[{"href":"https:\/\/dailynewshungary.com\/de\/wp-json\/wp\/v2\/posts"}],"about":[{"href":"https:\/\/dailynewshungary.com\/de\/wp-json\/wp\/v2\/types\/post"}],"author":[{"embeddable":true,"href":"https:\/\/dailynewshungary.com\/de\/wp-json\/wp\/v2\/users\/2"}],"replies":[{"embeddable":true,"href":"https:\/\/dailynewshungary.com\/de\/wp-json\/wp\/v2\/comments?post=754160"}],"version-history":[{"count":0,"href":"https:\/\/dailynewshungary.com\/de\/wp-json\/wp\/v2\/posts\/754160\/revisions"}],"wp:featuredmedia":[{"embeddable":true,"href":"https:\/\/dailynewshungary.com\/de\/wp-json\/wp\/v2\/media\/754161"}],"wp:attachment":[{"href":"https:\/\/dailynewshungary.com\/de\/wp-json\/wp\/v2\/media?parent=754160"}],"wp:term":[{"taxonomy":"category","embeddable":true,"href":"https:\/\/dailynewshungary.com\/de\/wp-json\/wp\/v2\/categories?post=754160"},{"taxonomy":"post_tag","embeddable":true,"href":"https:\/\/dailynewshungary.com\/de\/wp-json\/wp\/v2\/tags?post=754160"}],"curies":[{"name":"wp","href":"https:\/\/api.w.org\/{rel}","templated":true}]}}