{"id":754223,"date":"2016-10-14T09:56:08","date_gmt":"2016-10-14T07:56:08","guid":{"rendered":"https:\/\/dailynewshungary.com\/de\/radiointerview-mit-ministerprasident-viktor-orban\/"},"modified":"2016-10-14T09:56:08","modified_gmt":"2016-10-14T07:56:08","slug":"radiointerview-mit-ministerprasident-viktor-orban","status":"publish","type":"post","link":"https:\/\/dailynewshungary.com\/de\/radiointerview-mit-ministerprasident-viktor-orban\/","title":{"rendered":"Radiointerview mit Ministerpr\u00e4sident Viktor Orb\u00e1n"},"content":{"rendered":"<p><strong>Budapest, 14. Oktober (MTI) \u2013 Ungarn ist das einzige Land, in dem die Meinung der \u00d6ffentlichkeit zur Migration beurteilt wurde, und das ist ein Grund, stolz zu sein, sagte Premierminister Viktor Orb\u00e1n am Freitag.<\/strong><\/p>\n<p>Im \u00f6ffentlichen Radio Kossuth sagte Orb\u00e1n, den Ungarn sei die M\u00f6glichkeit gegeben worden, ihre Meinung zu \u00e4u\u00dfern, und die Regierung m\u00fcsse nun zeigen, dass sie den Willen des Volkes ernst nehme. \u201eDie Tatsache, dass hier die \u00f6ffentliche Meinung gesucht wird, bedeutet, dass \u201ein Ungarn die demokratischen Standards hoch sind\u201csagte Orb\u00e1n.<\/p>\n<p>Zum Thema Wirtschaft sagte der Premierminister, die Regierung wolle im Interesse der Steigerung der Wettbewerbsf\u00e4higkeit Vereinbarungen mit Wirtschaftsakteuren treffen. Ungarn sei eine Privatwirtschaft, daher k\u00f6nne die Regierung die Wettbewerbsf\u00e4higkeit nur im Einvernehmen mit den Wirtschaftsakteuren verbessern, sagte Orb\u00e1n. Dieses Abkommen sollte als Schl\u00fcsselelemente die Richtung der Berufsbildung, der Arbeitspolitik, des Steuersystems und der Bildung enthalten, sagte er.<\/p>\n<p><img loading=\"lazy\" decoding=\"async\" class=\"size-large wp-image-88182 aligncenter\" src=\"https:\/\/dailynewshungary.com\/wp-content\/uploads\/2016\/10\/D_MTZ20161014006-1024x680.jpg\" alt=\"Havasi Bertalan; Orb\u00e1n Viktor\" width=\"1024\" height=\"680\" srcset=\"https:\/\/contentf5.dailynewshungary.com\/wp-content\/uploads\/2016\/10\/D_MTZ20161014006-1024x680.jpg 1024w, https:\/\/contentf5.dailynewshungary.com\/wp-content\/uploads\/2016\/10\/D_MTZ20161014006-300x199.jpg 300w, https:\/\/contentf5.dailynewshungary.com\/wp-content\/uploads\/2016\/10\/D_MTZ20161014006-768x510.jpg 768w, https:\/\/contentf5.dailynewshungary.com\/wp-content\/uploads\/2016\/10\/D_MTZ20161014006-220x146.jpg 220w, https:\/\/contentf5.dailynewshungary.com\/wp-content\/uploads\/2016\/10\/D_MTZ20161014006-610x405.jpg 610w, https:\/\/contentf5.dailynewshungary.com\/wp-content\/uploads\/2016\/10\/D_MTZ20161014006-1080x718.jpg 1080w\" sizes=\"auto, (max-width: 1024px) 100vw, 1024px\"><\/p>\n<p>W\u00e4hrend es immer wieder interne Debatten \u00fcber die Wirtschaft gebe, sei es eine neue Wendung, dass externe Akteure nun den Zustand der ungarischen Wirtschaft loben und f\u00fcr Investitionen empfehlen, sagte erDas bedeutet, dass die wirtschaftlichen M\u00f6glichkeiten Ungarns sich erweitern und verbessern werden und es ist angesichts dieser Ver\u00e4nderung, dass der Wirtschaftsminister die Situation bewerten und Empfehlungen f\u00fcr die Zukunft abgeben muss, sagte erDas Ziel ist die Schaffung eines Wirtschaftssystems, das auf Arbeit basiert und ein zentrales Element davon ist die Vollbesch\u00e4ftigung Ungarns Arbeitslosenquote liegt unter 5 Prozent und bald wird das Problem, das es zu bew\u00e4ltigen gilt, der Arbeitskr\u00e4ftemangel sein, sagte erIn den vergangenen sechs Jahren im Amt hat die Regierung bereits etwa 660.000-670.00000000000000000 der versprochenen Jahre geschaffen, die Millionen Orten Jahre der Jahr der Jahr der versprochenen Millionen Arbeitspl\u00e4tze in den Jahr.<\/p>\n<p>Ungarn brauche einen \u00e4hnlichen Konsens in der Wirtschaftspolitik wie in Bezug auf Migration, sagte Orb\u00e1n und f\u00fcgte hinzu, dass zum Erreichen dieser Gespr\u00e4che notwendig seienDie Regierung und die Wirtschaftsakteure seien sich der Probleme bewusst, identifizierten die Herausforderungen und suchten gemeinsam nach L\u00f6sungen, sagte erDie Regierung werde dann Rechtsvorschriften schaffen, die auf diesen gemeinsamen Ideen beruhenf\u00fcgte er hinzu.<\/p>\n<p style=\"text-align: center;\">&nbsp;<iframe loading=\"lazy\" style=\"border: none; overflow: hidden;\" src=\"https:\/\/www.facebook.com\/plugins\/post.php?href=https%3A%2F%2Fwww.facebook.com%2Fdailynewshungary%2Fposts%2F1118223824879854&amp;width=500\" width=\"500\" height=\"507\" frameborder=\"0\" scrolling=\"no\"><\/iframe><\/p>\n<p>Zum Jahrestag der antisowjetischen Revolution Ungarns sagte er, 1956 gehe es um Freiheit, die in vielerlei Hinsicht bedroht sein k\u00f6nne. \u201eZum Beispiel, wenn \u201eFremde auf dem Territorium eines Landes ohne jegliche Kontrolle erscheinen, dessen Vorstellungen vom Leben sich stark von unseren unterscheiden.\u201cund sie ver\u00e4ndern \u201eunsere Gesellschaft gegen unseren Wunsch\u201d. \u201eEs ist schwierig, \u00fcber 1956 und Freiheit ohne den Kontext aktueller Ereignisse zu sprechen, f\u00fcgte er hinzu.<\/p>\n<p><em>Foto: MTI<\/em><\/p>\n","protected":false},"excerpt":{"rendered":"<p>Budapest, 14. Oktober (MTI) \u2013 Ungarn ist das einzige Land, in dem die Meinung der \u00d6ffentlichkeit zur Migration beurteilt wurde, und das ist ein Grund, stolz zu sein, sagte Premierminister Viktor Orb\u00e1n am Freitag. Im \u00f6ffentlichen Radio Kossuth sagte Orb\u00e1n, den Ungarn sei die M\u00f6glichkeit gegeben worden, ihre Meinung zu \u00e4u\u00dfern, und die Regierung m\u00fcsse [&hellip;]<\/p>\n","protected":false},"author":2,"featured_media":754224,"comment_status":"open","ping_status":"open","sticky":false,"template":"","format":"standard","meta":{"_acf_changed":false,"_display_image":"","footnotes":""},"categories":[1081],"tags":[1066],"class_list":["post-754223","post","type-post","status-publish","format-standard","has-post-thumbnail","hentry","category-politik","tag-hungary"],"blocksy_meta":[],"acf":[],"author_username":"alk","telegram_post":"","public_post_metadata":{"breaking_news":"","important":"","csempe":"","center_tile":"","disable_thumbnail":"","target_lang":"","_featured_image_style":"","telegram_post":"","_xlat_group_id":""},"public_rank_math_data":{"title":"%title% %sep% %sitename%","description":"","focus_keyword":"Interview Premierminister","canonical_url":"","robots":"","primary_category":"1081","breadcrumb_title":"","facebook_title":"","facebook_description":"","facebook_image":"","facebook_image_id":"","twitter_title":"","twitter_description":"","twitter_image":"","twitter_image_id":"","twitter_card_type":"","twitter_use_facebook":"","advanced_robots":"","pillar_content":"","seo_score":"11","contentai_score":"","rich_snippet":""},"_links":{"self":[{"href":"https:\/\/dailynewshungary.com\/de\/wp-json\/wp\/v2\/posts\/754223","targetHints":{"allow":["GET"]}}],"collection":[{"href":"https:\/\/dailynewshungary.com\/de\/wp-json\/wp\/v2\/posts"}],"about":[{"href":"https:\/\/dailynewshungary.com\/de\/wp-json\/wp\/v2\/types\/post"}],"author":[{"embeddable":true,"href":"https:\/\/dailynewshungary.com\/de\/wp-json\/wp\/v2\/users\/2"}],"replies":[{"embeddable":true,"href":"https:\/\/dailynewshungary.com\/de\/wp-json\/wp\/v2\/comments?post=754223"}],"version-history":[{"count":0,"href":"https:\/\/dailynewshungary.com\/de\/wp-json\/wp\/v2\/posts\/754223\/revisions"}],"wp:featuredmedia":[{"embeddable":true,"href":"https:\/\/dailynewshungary.com\/de\/wp-json\/wp\/v2\/media\/754224"}],"wp:attachment":[{"href":"https:\/\/dailynewshungary.com\/de\/wp-json\/wp\/v2\/media?parent=754223"}],"wp:term":[{"taxonomy":"category","embeddable":true,"href":"https:\/\/dailynewshungary.com\/de\/wp-json\/wp\/v2\/categories?post=754223"},{"taxonomy":"post_tag","embeddable":true,"href":"https:\/\/dailynewshungary.com\/de\/wp-json\/wp\/v2\/tags?post=754223"}],"curies":[{"name":"wp","href":"https:\/\/api.w.org\/{rel}","templated":true}]}}