{"id":754235,"date":"2016-10-13T18:18:51","date_gmt":"2016-10-13T16:18:51","guid":{"rendered":"https:\/\/dailynewshungary.com\/de\/regelmasige-pressekonferenz-der-regierung-verteidigung-der-sudgrenze-neues-budapester-krankenhaus-verfassungsanderung\/"},"modified":"2016-10-13T18:18:51","modified_gmt":"2016-10-13T16:18:51","slug":"regelmasige-pressekonferenz-der-regierung-verteidigung-der-sudgrenze-neues-budapester-krankenhaus-verfassungsanderung","status":"publish","type":"post","link":"https:\/\/dailynewshungary.com\/de\/regelmasige-pressekonferenz-der-regierung-verteidigung-der-sudgrenze-neues-budapester-krankenhaus-verfassungsanderung\/","title":{"rendered":"Regelm\u00e4\u00dfige Pressekonferenz der Regierung \u2013 Verteidigung der S\u00fcdgrenze, neues Budapester Krankenhaus, Verfassungs\u00e4nderung"},"content":{"rendered":"<p><strong>Die Regierung habe beschlossen, dem Innenministerium 29,4 Forint (96 Mio. EUR) an Erg\u00e4nzungsmitteln f\u00fcr den Schutz der serbisch-ungarischen Grenze zu gew\u00e4hren, sagte der Regierungsstellenchef am DonnerstagZiel der Regierung sei es, die Parlamentsparteien Ungarns davon zu \u00fcberzeugen, dass die Verfassungs\u00e4nderung \u201cunverzichtbar f\u00fcr den Schutz der Grenzen Ungarns\u201d sei, sagte Dsch\u00e1nos L\u00e1z\u00e1rEs gebe keinen Grund zu bef\u00fcrchten, dass die Europ\u00e4ische Union die Zahlungen an Ungarn aussetzen werde.<\/strong><\/p>\n<p><strong>Innenministerium erh\u00e4lt zus\u00e4tzliche Mittel f\u00fcr die Verteidigung der S\u00fcdgrenze<\/strong><\/p>\n<p>L\u00e1z\u00e1r teilte einer regelm\u00e4\u00dfigen Regierungsnachricht mit, dass der Umgang mit illegaler Migration an der S\u00fcdgrenze in den letzten anderthalb Jahren \u00fcber 100 Milliarden Forint gekostet habe.<\/p>\n<p>Zu anderen Themen sagte L\u00e1z\u00e1r, dass auf Initiative der Semmelweis-Universit\u00e4t, Ungarns wichtigstem medizinischen Ausbildungszentrum, neben anderen gesundheitsbezogenen Entwicklungen auch ein neues medizinisches Zentrum f\u00fcr Kinder eingerichtet werde.<\/p>\n<p>Zum Thema \u00f6ffentliche Verwaltung sagte L\u00e1z\u00e1r, dass in den n\u00e4chsten 3 Jahren 250 Milliarden Forint f\u00fcr die Neugestaltung des \u00f6ffentlichen Dienstes bereitgestellt w\u00fcrden und 45 entsprechende Gesetze ge\u00e4ndert w\u00fcrden, um den b\u00fcrokratischen Aufwand abzubauen.<\/p>\n<p><strong>Verfassungs\u00e4nderung &#8216;unverzichtbar&#8217;&nbsp;<\/strong><\/p>\n<p>L\u00e1z\u00e1r teilte einer regelm\u00e4\u00dfigen Pressekonferenz der Regierung mit, dass der Premierminister sich zu dieser Angelegenheit mit dem Vorsitzenden der Sozialistischen Partei beraten habe und dass er n\u00e4chste Woche Gespr\u00e4che mit dem Vorsitzenden von Jobbik f\u00fchren werde.<\/p>\n<p>L\u00e1z\u00e1r sagte unter Ber\u00fccksichtigung bereits stattgefundener Konsultationen, es sei wahrscheinlich, dass der \u00c4nderungsvorschlag die f\u00fcr seine Verabschiedung erforderliche parlamentarische Mehrheit haben w\u00fcrde. Er wies darauf hin, dass das Parlament am kommenden Montag mit der Debatte \u00fcber den Vorschlag beginnen und voraussichtlich entweder in der ersten oder zweiten Novemberwoche dar\u00fcber abstimmen werde.<\/p>\n<p>Der Vorsitzende der Sozialistischen Partei, Gyula Moln\u00e1r, sagte sp\u00e4ter in einer Erkl\u00e4rung, dass er den Premierminister nicht treffen werde. Molnar best\u00e4tigte, dass Premierminister Viktor Orb\u00e1n sich an ihn gewandt habe, um eine Sitzung zum \u00c4nderungsvorschlag einzurichten.<\/p>\n<p>Moln\u00e1r sagte, er sei bereit, Orb\u00e1n zu treffen, wenn der Premierminister sicherheitspolitische Fragen zu Ungarn, der Zukunft der EU oder der \u201eWiederherstellung\u201cder Rechtsstaatlichkeit und der Pressefreiheit in Ungarn besprechen wolle.<\/p>\n<p>Zum Thema der Sitzung des Europ\u00e4ischen Rates n\u00e4chste Woche sagte L\u00e1z\u00e1r, dass das politische Ziel Ungarns darin bestehe, verbindliche Migrantenquoten zu blockieren, und dass erwartet werde, dass die Ratsmitglieder ihren Standpunkt best\u00e4tigen w\u00fcrden, dass die Quote nur freiwillig sein k\u00f6nne Er wies darauf hin, dass er am Donnerstagabend im Vorfeld der Tagung des Europ\u00e4ischen Rates mit dem \u00f6sterreichischen Kanzleramtsminister Thomas Drozda in Wien zusammentreffen werde.<\/p>\n<p>Die ungarische Regierung unterst\u00fctze die Bem\u00fchungen Deutschlands, die illegale Migration in die EU durch die Migrationsabkommen einzud\u00e4mmen, die der Block mit der T\u00fcrkei und bestimmten afrikanischen L\u00e4ndern unterzeichnet habe, sagte L\u00e1z\u00e1rAber Ungarn h\u00e4lt diese Abkommen auch f\u00fcr keinen Grund f\u00fcr die EU, den Schutz ihrer Au\u00dfengrenzen aufzugeben, f\u00fcgte er hinzuL\u00e1z\u00e1r sagte auch, er glaube, die EU habe bisher \u201cl\u00e4cherlich wenig\u201d zum Schutz der Au\u00dfengrenzen getan.<\/p>\n<p>L\u00e1z\u00e1r kommentierte auch einen aktuellen Leitartikel der New York Times \u00fcber Ungarns Referendum \u00fcber die Migrantenquote, in dem die Redaktion der Zeitung sagte, dass \u201e[Premierminister Viktor] Orb\u00e1n und andere Nationalisten, die die liberalen Werte Toleranz und Freiz\u00fcgigkeit ablehnen&#8230;\u201cGefahr, Feindseligkeiten zu sch\u00fcren, die den Kontinent vor weniger als einem Jahrhundert in den Weltkrieg gef\u00fchrt haben.\u201d Der Leiter des Regierungsb\u00fcros sagte, es sei \u201eoffensichtlich verr\u00fcckt\u201d der NYT, \u201ezu implizieren, dass die ungarische Regierung eine Nazi-Regierung ist\u201d.<\/p>\n<p>Zu den j\u00fcngsten \u00c4u\u00dferungen einiger europ\u00e4ischer Politiker, die vorgeschlagen haben, dass die EU die Finanzierung Ungarns aussetzen sollte, sagte L\u00e1z\u00e1r, dass der Gr\u00fcndungsvertrag der EU es keinem Mitgliedstaat erlaube, seine Rechte auf Koh\u00e4sionsfonds zu entziehen. Wenn die Koh\u00e4sionsfonds ausgesetzt w\u00fcrden, m\u00fcsste Ungarn seine Wirtschaft sch\u00fctzen, sagte erAber L\u00e1z\u00e1r bestand darauf, dass die Bef\u00fcrchtungen, dass Ungarn seine EU-Mittel aussetzen k\u00f6nnte, unbegr\u00fcndet seien Er f\u00fcgte gleichzeitig hinzu, dass immer die M\u00f6glichkeit bestehe, dass \u201epolitische Entscheidungen\u201cgegen Ungarn getroffen werden k\u00f6nnten, aber er bestand darauf, dass solche Entscheidungen das ungarische Volk und nicht die Regierung bestrafen w\u00fcrden. L\u00e1z\u00e1r sagte, er werde am kommenden Mittwoch nach Br\u00fcssel reisen, um die Situation rund um die EU-Finanzierung Ungarns zu kl\u00e4ren.<\/p>\n<p>L\u00e1z\u00e1r sagte, Ungarn habe in der laufenden Haushaltsperiode Anspruch auf 8,9 Billionen Forint (29,1 Mrd. EUR) an EU-Geldern und f\u00fcgte hinzu, dass bereits Ausschreibungen f\u00fcr 6,391 Billionen Forint oder 71 Prozent der Mittel durchgef\u00fchrt worden seien. Die Regierung strebe an, die verbleibenden Mittel noch vor Jahresende auszuschreiben, f\u00fcgte er hinzu.<\/p>\n<p>Auf die Untersuchung der j\u00fcngsten Berichte \u00fcber organisierte Kriminelle, die in Ungarn gro\u00dfe Mengen an SIM-Karten beschafften, die vermutlich in die H\u00e4nde von Terroristen gelangt seien, antwortete L\u00e1z\u00e1r, dass das Verfassungsschutzamt mit Telekommunikationsdienstleistern in Kontakt stehe und pr\u00fcfe, ob das System Die Verteilung von SIMs m\u00fcsse ge\u00e4ndert werden. Das Thema werde auch in der Sitzung des nationalen Sicherheitsausschusses des Parlaments am kommenden Mittwoch auf der Tagesordnung stehen, f\u00fcgte er hinzu.<\/p>\n<p>L\u00e1z\u00e1r sagte, er habe angeboten, das nationale Sicherheitskomitee \u00fcber den Einfluss des ungarisch-amerikanischen Finanziers George Soros in Mitteleuropa und die Methoden zu informieren, mit denen Soros seiner Meinung nach versucht, L\u00e4nder zu \u201cver\u00e4ndern\u201d und politische Entscheidungstr\u00e4ger zu beeinflussen.<\/p>\n<p><strong>\u00c4ngste vor Aussetzung von EU-Mitteln &#8216;unbegr\u00fcndet&#8217;<\/strong><\/p>\n<p>J\u00e1nos L\u00e1z\u00e1r teilte einer regelm\u00e4\u00dfigen Regierungsbesprechung mit, dass er n\u00e4chsten Mittwoch nach Br\u00fcssel reisen werde, um die Situation zu kl\u00e4ren.<\/p>\n<p>Er sagte, Ungarn habe in der laufenden EU-Finanzperiode 8 900 Milliarden Forint erhalten und 65-70 Prozent dieser F\u00f6rdermittel seien ausgeschrieben worden, er f\u00fcgte hinzu, dass die Regierung in diesem Jahr beabsichtige, den gesamten Betrag zu erschlie\u00dfen.<\/p>\n<p>Ungarn stehe bei den EU-F\u00f6rderbetr\u00e4gen an erster Stelle der Visegrad-L\u00e4ndergruppe, w\u00e4hrend es im gesamten Block auf Platz 6 liege, stellte L\u00e1z\u00e1r fest.<\/p>\n<p><strong>Neues Budapester Krankenhaus in der N\u00e4he des Bahnhofs Kelenf\u00f6ld zu bauen<\/strong><\/p>\n<p>Die Regierung habe beschlossen, dass das neue Superkrankenhaus S\u00fcd-Buda der Hauptstadt in der N\u00e4he des Bahnhofs Kelenf\u00f6ld gebaut werden solle, sagte der Leiter des Regierungsb\u00fcros. L\u00e1z\u00e1r sagte, dass die neue Anlage \u00fcber 1.000 Betten verf\u00fcgen werde. Bei der Entscheidung \u00fcber den Standort wurde die N\u00e4he zu den Autobahnen M1 und M7 sowie den U-Bahn- und Busknotenpunkten in der N\u00e4he ber\u00fccksichtigt.<\/p>\n<p>Das Personalministerium begutachtet zwei Grundst\u00fccke und Gespr\u00e4che mit den Eigent\u00fcmern haben bereits begonnen, ein 8-10 Hektar gro\u00dfes Gel\u00e4nde wird ben\u00f6tigt und das Geb\u00e4ude wird eine Gesamtgrundfl\u00e4che von 100.000 Quadratmetern haben. Es wird das bedeutendste Gesundheitsentwicklungsprojekt der Regierung in Budapest sein, sagte L\u00e1z\u00e1r.<\/p>\n<p>Er sagte auch, dass das Personalministerium auf Ersuchen des Premierministers jungen \u00c4rzten nach der allgemeinen Gehaltserh\u00f6hung im September ein gerechteres Lohnabkommen erm\u00f6glichen werde.<\/p>\n<p>Zu einer neuen Gesetzes\u00e4nderung zum Steuergeheimnis sagte er, ebenso wie der fakultative Empf\u00e4nger von 1 Prozent der Einkommensteuer jedes Steuerpflichtigen geheim gehalten werde, sollte es auch ein Steuergeheimnis sein, dass Sportvereine Spenden aus der K\u00f6rperschaftssteuer von Unternehmen erhalten.<\/p>\n<p>Unterdessen erkl\u00e4rte L\u00e1z\u00e1r, Ungarn sei bereit, der Ukraine Hilfe bei der Bew\u00e4ltigung der Finanzierungsprobleme im Zusammenhang mit obligatorischen Impfungen anzubieten. Einige Einwohner in der Westukraine h\u00e4tten die Impfungen nicht erhalten.<\/p>\n<p>Auf eine Frage zur Aussetzung des t\u00e4glichen N\u00e9pszabads\u00e1g antwortete er, die Regierung habe das Thema nicht diskutiert, da weder die Mitarbeiter des Blattes noch der Verlag das Kabinett um Hilfe gebeten h\u00e4tten. Er kommentierte Spekulationen, dass die Aussetzung politischer und nicht finanzieller Natur sei, und sagte, dass Fragen an den Verlag gerichtet werden sollten.<\/p>\n<p>\u201cWir haben 2010 und 2014 zwei Drittel Unterst\u00fctzung erhalten, als N\u00e9pszabads\u00e1g seine gesegneten Aktivit\u00e4ten aus\u00fcbte. Warum w\u00e4re es also in unserem Interesse, sie zu stoppen?\u201d<\/p>\n<p style=\"text-align: center;\">[button link=\u201dhttps:\/\/dailynewshungary.com\/tag\/nepszabadsag-suspension\/\u201d type=\u201dbig\u201d color=\u201d red\u201d newwindow=\u201d yes\u201d] Lesen Sie hier mehr \u00fcber die ENTSZABADS\u00c1G SUSPENSION [\/button]<\/p>\n<p>Der Wille der Regierung oder der Partei ist in diesem Fall nicht entscheidend; das Schicksal eines Blattes h\u00e4ngt von seinen Abonnenten und zahlenden Lesern abWenn es des Geistes bedarf, den N\u00e9pszabads\u00e1g vertrat, dann wird es weitergehen, sagte er und f\u00fcgte hinzu, dass seine Mitarbeiter auf jeden Fall fair behandelt werden sollten.<\/p>\n<p>Auf eine Frage zu Presseberichten, wonach der Zentralbankgouverneur Gy\u00f6rgy Matolcsy in einer Residenz des Chefs des ungarischen Bankenverbandes Mih\u00e1ly Patai wohne, sagte er, es sei falsch, wenn die Regierung sich zu Fragen der Zentralbank \u00e4u\u00dfern w\u00fcrde Er f\u00fcgte jedoch hinzu, dass die Bankenvereinigung vorsichtiger sein sollte.<\/p>\n<p>Auf eine Frage zur geplanten Umgestaltung der dritten U-Bahn-Linie antwortete er, die Regierung betrachte dies als vorrangiges Thema und der Stadtrat solle entscheiden, ob nur die Waggons oder auch die Haltestellen umgebaut werden m\u00fcssten.<\/p>\n<p>\u201cWir werden finanzieren, wozu sich die Hauptstadt entscheidet\u201d Er \u00e4u\u00dferte die Hoffnung, dass B\u00fcrgermeister Istv\u00e1n Tarl.s aus Streitigkeiten mit verschiedenen Ministerien nicht den Schluss ziehen w\u00fcrde, dass sie das Projekt behindern wollten.<\/p>\n<p><em>Foto: MTI<\/em><\/p>\n","protected":false},"excerpt":{"rendered":"<p>Die Regierung habe beschlossen, dem Innenministerium 29,4 Forint (96 Mio. EUR) an Erg\u00e4nzungsmitteln f\u00fcr den Schutz der serbisch-ungarischen Grenze zu gew\u00e4hren, sagte der Regierungsstellenchef am DonnerstagZiel der Regierung sei es, die Parlamentsparteien Ungarns davon zu \u00fcberzeugen, dass die Verfassungs\u00e4nderung \u201cunverzichtbar f\u00fcr den Schutz der Grenzen Ungarns\u201d sei, sagte Dsch\u00e1nos L\u00e1z\u00e1rEs gebe keinen Grund zu bef\u00fcrchten, [&hellip;]<\/p>\n","protected":false},"author":2,"featured_media":754236,"comment_status":"open","ping_status":"open","sticky":false,"template":"","format":"standard","meta":{"_acf_changed":false,"_display_image":"","footnotes":""},"categories":[1081],"tags":[4090,1111,1082,1107,1582,1871,1445,2150,3772,1543],"class_list":["post-754235","post","type-post","status-publish","format-standard","has-post-thumbnail","hentry","category-politik","tag-aussetzung-des-nepszabadsag","tag-budapest","tag-europaische-union","tag-gesundheit","tag-krankenhaus","tag-migrantenquoten","tag-migration","tag-modernisierung-der-u-bahn-linie-3","tag-referendum-uber-migrantenquoten","tag-terrorismus"],"blocksy_meta":[],"acf":[],"author_username":"alk","telegram_post":"","public_post_metadata":{"breaking_news":"","important":"","csempe":"","center_tile":"","disable_thumbnail":"","target_lang":"","_featured_image_style":"","telegram_post":"","_xlat_group_id":""},"public_rank_math_data":{"title":"%title% %sep% %sitename%","description":"","focus_keyword":"Regierung","canonical_url":"","robots":"","primary_category":"1081","breadcrumb_title":"","facebook_title":"","facebook_description":"","facebook_image":"","facebook_image_id":"","twitter_title":"","twitter_description":"","twitter_image":"","twitter_image_id":"","twitter_card_type":"","twitter_use_facebook":"","advanced_robots":"","pillar_content":"","seo_score":"60","contentai_score":"","rich_snippet":""},"_links":{"self":[{"href":"https:\/\/dailynewshungary.com\/de\/wp-json\/wp\/v2\/posts\/754235","targetHints":{"allow":["GET"]}}],"collection":[{"href":"https:\/\/dailynewshungary.com\/de\/wp-json\/wp\/v2\/posts"}],"about":[{"href":"https:\/\/dailynewshungary.com\/de\/wp-json\/wp\/v2\/types\/post"}],"author":[{"embeddable":true,"href":"https:\/\/dailynewshungary.com\/de\/wp-json\/wp\/v2\/users\/2"}],"replies":[{"embeddable":true,"href":"https:\/\/dailynewshungary.com\/de\/wp-json\/wp\/v2\/comments?post=754235"}],"version-history":[{"count":0,"href":"https:\/\/dailynewshungary.com\/de\/wp-json\/wp\/v2\/posts\/754235\/revisions"}],"wp:featuredmedia":[{"embeddable":true,"href":"https:\/\/dailynewshungary.com\/de\/wp-json\/wp\/v2\/media\/754236"}],"wp:attachment":[{"href":"https:\/\/dailynewshungary.com\/de\/wp-json\/wp\/v2\/media?parent=754235"}],"wp:term":[{"taxonomy":"category","embeddable":true,"href":"https:\/\/dailynewshungary.com\/de\/wp-json\/wp\/v2\/categories?post=754235"},{"taxonomy":"post_tag","embeddable":true,"href":"https:\/\/dailynewshungary.com\/de\/wp-json\/wp\/v2\/tags?post=754235"}],"curies":[{"name":"wp","href":"https:\/\/api.w.org\/{rel}","templated":true}]}}