{"id":754283,"date":"2016-10-11T23:40:17","date_gmt":"2016-10-11T21:40:17","guid":{"rendered":"https:\/\/dailynewshungary.com\/de\/mediaworks-nepszabadsag-chefredakteur-sagt-sitzung-uber-moglichen-verkauf-von-papier-ab\/"},"modified":"2016-10-11T23:40:17","modified_gmt":"2016-10-11T21:40:17","slug":"mediaworks-nepszabadsag-chefredakteur-sagt-sitzung-uber-moglichen-verkauf-von-papier-ab","status":"publish","type":"post","link":"https:\/\/dailynewshungary.com\/de\/mediaworks-nepszabadsag-chefredakteur-sagt-sitzung-uber-moglichen-verkauf-von-papier-ab\/","title":{"rendered":"Mediaworks: Nepszabads\u00e1g-Chefredakteur sagt Sitzung \u00fcber m\u00f6glichen Verkauf von Papier ab"},"content":{"rendered":"<p><strong>Budapest, 11. Oktober (MTI) \u2013 Der Chefredakteur der Tageszeitung N\u00e9pszabads\u00e1g, deren Ver\u00f6ffentlichung am Wochenende ausgesetzt wurde, sagte ein im Voraus vereinbartes Treffen mit dem Verlag Mediaworks \u00fcber einen m\u00f6glichen Verkauf der Zeitung an sein Redaktionsteam ab, sagte Mediaworks am Dienstag.<\/strong><\/p>\n<p>\u201cMedienwerke bedauerte, als sie h\u00f6rten, dass der Chefredakteur von N\u00e9pszabads\u00e1g ein von ihm initiiertes Treffen \u00fcber eine m\u00f6gliche \u00dcbernahme des Blattes kurz vor dessen geplantem Start abgesagt hatte\u201d, sagte der Verlag in einer Erkl\u00e4rung. \u201eMediaworks sagte, die Redaktion habe keinen alternativen Zeitpunkt f\u00fcr Gespr\u00e4che vorgeschlagen.<\/p>\n<p>Mediaworks f\u00fcgte hinzu, dass es weiterhin offen f\u00fcr Gespr\u00e4che \u00fcber die Zukunft von Nepszabads\u00e1g sei. \u201eDeshalb hoffen wir, dass sich Vertreter der Redaktion bald wieder zu Gespr\u00e4chen zusammensetzen und&#8230; helfen, einen Weg zur Erneuerung des Blattes zu finden,\u201cf\u00fcgte der Verlag hinzu.<\/p>\n<p>Der Verlag teilte au\u00dferdem mit, dass er am Dienstag Gespr\u00e4che mit den Gewerkschaftsvertretern des Blattes gef\u00fchrt habe und dass sich die Parteien auf ein Format f\u00fcr die Fortsetzung der Verhandlungen geeinigt h\u00e4tten.<\/p>\n<p>Nepszabadsag-Chefredakteur Andr\u00e1s Mur\u00e1nyi antwortete, dass die Redaktion von der Aussage des Verlags \u201e\u00fcberrascht\u201csei. Mur\u00e1nyi sagte, er habe Mediaworks am Dienstag gesagt, seine Voraussetzung f\u00fcr die Aufnahme von Gespr\u00e4chen \u00fcber den Kauf des Blattes sei, dass die Unsicherheit \u00fcber die Mitarbeiter von Neepszabads\u00e1g gel\u00f6st werden m\u00fcsse.<\/p>\n<p>Er sagte, als die Redaktion Mediaworks ihr Angebot unterbreitete, sei ihnen nicht bekannt gewesen, dass es eine Hypothek auf die Marken von N\u00e9pszabads\u00e1g gebe. Wenn Gespr\u00e4che \u00fcber eine m\u00f6gliche \u00dcbernahme beginnen sollen, sollte Mediaworks offenlegen, wie es diese Marken entlasten will, bevor es das Papier verkauft, sagte Mur\u00e1nyi Er f\u00fcgte hinzu, dass er Mediaworks sp\u00e4ter am Dienstag einen Vorschlag zur L\u00f6sung der Unsicherheit \u00fcber die Mitarbeiter der Zeitung zukommen lassen werde.<\/p>\n<p>Mur\u00e1nyi sagte Reportern am Montag, dass die Redaktion angesichts der Verluste von Nepszabads\u00e1g angeboten habe, das Blatt f\u00fcr 1 Euro zu kaufen.<\/p>\n<p>Mediaworks teilte am Samstag mit, dass es die Ver\u00f6ffentlichung von N\u00e9pszabads\u00e1g ausgesetzt habe, bis es ein neues Gesch\u00e4ftsmodell vorlege. Es f\u00fcgte hinzu, dass die Auflage der Zeitung um 74 Prozent gesunken sei, w\u00e4hrend sie in den letzten zehn Jahren Verluste in H\u00f6he von mehr als 5 Milliarden Forint (16,4 Mio. EUR) erzielt habe.<\/p>\n<p>Am Montag erkl\u00e4rte der Verlag, er sei zu \u201cangeplagten\u201d Verhandlungen mit den Redakteuren von N\u00e9pszabads\u00e1g \u00fcber einen m\u00f6glichen Verkauf des Blattes verpflichtet, f\u00fcgte Mediaworks hinzu, dass man sich verpflichtet habe, die Gespr\u00e4che in gutem Glauben zu f\u00fchren.<\/p>\n<p><em>Foto: MTI<\/em><\/p>\n","protected":false},"excerpt":{"rendered":"<p>Budapest, 11. Oktober (MTI) \u2013 Der Chefredakteur der Tageszeitung N\u00e9pszabads\u00e1g, deren Ver\u00f6ffentlichung am Wochenende ausgesetzt wurde, sagte ein im Voraus vereinbartes Treffen mit dem Verlag Mediaworks \u00fcber einen m\u00f6glichen Verkauf der Zeitung an sein Redaktionsteam ab, sagte Mediaworks am Dienstag. \u201cMedienwerke bedauerte, als sie h\u00f6rten, dass der Chefredakteur von N\u00e9pszabads\u00e1g ein von ihm initiiertes Treffen [&hellip;]<\/p>\n","protected":false},"author":2,"featured_media":754284,"comment_status":"open","ping_status":"open","sticky":false,"template":"","format":"standard","meta":{"_acf_changed":false,"_display_image":"","footnotes":""},"categories":[1281],"tags":[1207,4081],"class_list":["post-754283","post","type-post","status-publish","format-standard","has-post-thumbnail","hentry","category-geschaft","tag-medien","tag-nepszabadsag-suspension"],"blocksy_meta":[],"acf":[],"author_username":"alk","telegram_post":"","public_post_metadata":{"breaking_news":"","important":"","csempe":"","center_tile":"","disable_thumbnail":"","target_lang":"","_featured_image_style":"","telegram_post":"","_xlat_group_id":""},"public_rank_math_data":{"title":"%title% %sep% %sitename%","description":"","focus_keyword":"Nepszabads\u00e1g","canonical_url":"","robots":"","primary_category":"1281","breadcrumb_title":"","facebook_title":"","facebook_description":"","facebook_image":"","facebook_image_id":"","twitter_title":"","twitter_description":"","twitter_image":"","twitter_image_id":"","twitter_card_type":"","twitter_use_facebook":"","advanced_robots":"","pillar_content":"","seo_score":"","contentai_score":"","rich_snippet":""},"_links":{"self":[{"href":"https:\/\/dailynewshungary.com\/de\/wp-json\/wp\/v2\/posts\/754283","targetHints":{"allow":["GET"]}}],"collection":[{"href":"https:\/\/dailynewshungary.com\/de\/wp-json\/wp\/v2\/posts"}],"about":[{"href":"https:\/\/dailynewshungary.com\/de\/wp-json\/wp\/v2\/types\/post"}],"author":[{"embeddable":true,"href":"https:\/\/dailynewshungary.com\/de\/wp-json\/wp\/v2\/users\/2"}],"replies":[{"embeddable":true,"href":"https:\/\/dailynewshungary.com\/de\/wp-json\/wp\/v2\/comments?post=754283"}],"version-history":[{"count":0,"href":"https:\/\/dailynewshungary.com\/de\/wp-json\/wp\/v2\/posts\/754283\/revisions"}],"wp:featuredmedia":[{"embeddable":true,"href":"https:\/\/dailynewshungary.com\/de\/wp-json\/wp\/v2\/media\/754284"}],"wp:attachment":[{"href":"https:\/\/dailynewshungary.com\/de\/wp-json\/wp\/v2\/media?parent=754283"}],"wp:term":[{"taxonomy":"category","embeddable":true,"href":"https:\/\/dailynewshungary.com\/de\/wp-json\/wp\/v2\/categories?post=754283"},{"taxonomy":"post_tag","embeddable":true,"href":"https:\/\/dailynewshungary.com\/de\/wp-json\/wp\/v2\/tags?post=754283"}],"curies":[{"name":"wp","href":"https:\/\/api.w.org\/{rel}","templated":true}]}}