{"id":754329,"date":"2016-10-10T09:34:36","date_gmt":"2016-10-10T07:34:36","guid":{"rendered":"https:\/\/dailynewshungary.com\/de\/nepszabadsag-redakteure-verhandeln-mit-dem-verlag-uber-einen-moglichen-papierverkauf\/"},"modified":"2016-10-10T09:34:36","modified_gmt":"2016-10-10T07:34:36","slug":"nepszabadsag-redakteure-verhandeln-mit-dem-verlag-uber-einen-moglichen-papierverkauf","status":"publish","type":"post","link":"https:\/\/dailynewshungary.com\/de\/nepszabadsag-redakteure-verhandeln-mit-dem-verlag-uber-einen-moglichen-papierverkauf\/","title":{"rendered":"Nepszabads\u00e1g-Redakteure verhandeln mit dem Verlag \u00fcber einen m\u00f6glichen Papierverkauf"},"content":{"rendered":"<p><strong>Budapest (MTI) \u201eDie Gespr\u00e4che am Sonntag \u00fcber die Ver\u00f6ffentlichung der Montagsausgabe der Tageszeitung Nepszabads\u00e1g und die Wiederinbetriebnahme der Website-Inhalte scheiterten; Allerdings werden die Seiten am Montag \u00fcber den m\u00f6glichen Verkauf der Zeitung verhandeln, sagte Chefredakteur Andr\u00e1s Mur\u00e1nyi vor dem Verlagssitz in Budapest einigen hundert Sympathisanten und Journalisten.<\/strong><\/p>\n<p>Die Redakteure der Zeitung machten ein Angebot, und der Herausgeber Mediaworks stimmte dem allgemeinen Konzept zu, wollte die Vereinbarung jedoch in rechtliche Bedingungen umwandeln, bis dahin werde die Zeitung nicht mehr funktionieren, sagte Mur\u00e1nyi.<\/p>\n<blockquote>\n<p>\u201cIch habe das so interpretiert, dass die getroffene Entscheidung keine finanzielle war, sondern eine andere Art\u201d, f\u00fcgte er hinzu.<\/p>\n<\/blockquote>\n<p>Das Einzige, wor\u00fcber die Gesch\u00e4ftsf\u00fchrung und der Verlag der Zeitung verhandeln k\u00f6nnen, sei die Sicherstellung des Verkaufs von Nepszabads\u00e1g, sagte Mur\u00e1nyi.<\/p>\n<p style=\"text-align: center;\">&nbsp;<iframe loading=\"lazy\" style=\"border: none; overflow: hidden;\" src=\"https:\/\/www.facebook.com\/plugins\/post.php?href=https%3A%2F%2Fwww.facebook.com%2Fdailynewshungary%2Fposts%2F1113875595314677&amp;width=500\" width=\"500\" height=\"483\" frameborder=\"0\" scrolling=\"no\"><\/iframe><\/p>\n<p>Anna Dano, die den Arbeitsrat des Blattes leitet, sagte, die Gespr\u00e4che mit dem Verlag w\u00fcrden am Montag fortgesetzt.<\/p>\n<p>Die Gesch\u00e4ftsf\u00fchrung der Zeitung und der Verlag k\u00f6nnten \u00fcber den Verkauf von N\u00e9pszabads\u00e1g verhandeln, sagte er und f\u00fcgte hinzu, dass in wenigen Tagen eine Absichtserkl\u00e4rung zum Verkauf erstellt werden k\u00f6nne.<\/p>\n<p>Der Verlag Mediaworks gab am Samstag bekannt, dass er die Ver\u00f6ffentlichung der Tageszeitung Nepszabads\u00e1g ausgesetzt habe, bis ein neues Gesch\u00e4ftsmodell entwickelt sei.<\/p>\n<p>\u201cUm Nepszabads\u00e1g f\u00fcr die Zukunft zu erhalten, wird sich das Management von Mediaworks darauf konzentrieren, das beste Gesch\u00e4ftsmodell f\u00fcr das Papier zu finden, das den aktuellen Trends in der Branche entspricht, und Konsultationen aufnehmen, um die zuk\u00fcnftige Entwicklung bestm\u00f6glich zu sichern\u201d, sagte der Verlag in einer auf der Website der Tageszeitung ver\u00f6ffentlichten MitteilungDie Auflage des Blattes ist um 74 Prozent gesunken, w\u00e4hrend es in den letzten zehn Jahren mehr als 5 Milliarden Forint (16,4 Mio. EUR) an Verlusten gesammelt hat, f\u00fcgte es hinzu.<\/p>\n","protected":false},"excerpt":{"rendered":"<p>Budapest (MTI) \u201eDie Gespr\u00e4che am Sonntag \u00fcber die Ver\u00f6ffentlichung der Montagsausgabe der Tageszeitung Nepszabads\u00e1g und die Wiederinbetriebnahme der Website-Inhalte scheiterten; Allerdings werden die Seiten am Montag \u00fcber den m\u00f6glichen Verkauf der Zeitung verhandeln, sagte Chefredakteur Andr\u00e1s Mur\u00e1nyi vor dem Verlagssitz in Budapest einigen hundert Sympathisanten und Journalisten. Die Redakteure der Zeitung machten ein Angebot, und [&hellip;]<\/p>\n","protected":false},"author":2,"featured_media":754330,"comment_status":"open","ping_status":"open","sticky":false,"template":"","format":"standard","meta":{"_acf_changed":false,"_display_image":"","footnotes":""},"categories":[1081],"tags":[1207,4081],"class_list":["post-754329","post","type-post","status-publish","format-standard","has-post-thumbnail","hentry","category-politik","tag-medien","tag-nepszabadsag-suspension"],"blocksy_meta":[],"acf":[],"author_username":"alk","telegram_post":"","public_post_metadata":{"breaking_news":"","important":"","csempe":"","center_tile":"","disable_thumbnail":"","target_lang":"","_featured_image_style":"","telegram_post":"","_xlat_group_id":""},"public_rank_math_data":{"title":"%title% %sep% %sitename%","description":"","focus_keyword":"Nepszabads\u00e1g","canonical_url":"","robots":"","primary_category":"1081","breadcrumb_title":"","facebook_title":"","facebook_description":"","facebook_image":"","facebook_image_id":"","twitter_title":"","twitter_description":"","twitter_image":"","twitter_image_id":"","twitter_card_type":"","twitter_use_facebook":"","advanced_robots":"","pillar_content":"","seo_score":"58","contentai_score":"","rich_snippet":""},"_links":{"self":[{"href":"https:\/\/dailynewshungary.com\/de\/wp-json\/wp\/v2\/posts\/754329","targetHints":{"allow":["GET"]}}],"collection":[{"href":"https:\/\/dailynewshungary.com\/de\/wp-json\/wp\/v2\/posts"}],"about":[{"href":"https:\/\/dailynewshungary.com\/de\/wp-json\/wp\/v2\/types\/post"}],"author":[{"embeddable":true,"href":"https:\/\/dailynewshungary.com\/de\/wp-json\/wp\/v2\/users\/2"}],"replies":[{"embeddable":true,"href":"https:\/\/dailynewshungary.com\/de\/wp-json\/wp\/v2\/comments?post=754329"}],"version-history":[{"count":0,"href":"https:\/\/dailynewshungary.com\/de\/wp-json\/wp\/v2\/posts\/754329\/revisions"}],"wp:featuredmedia":[{"embeddable":true,"href":"https:\/\/dailynewshungary.com\/de\/wp-json\/wp\/v2\/media\/754330"}],"wp:attachment":[{"href":"https:\/\/dailynewshungary.com\/de\/wp-json\/wp\/v2\/media?parent=754329"}],"wp:term":[{"taxonomy":"category","embeddable":true,"href":"https:\/\/dailynewshungary.com\/de\/wp-json\/wp\/v2\/categories?post=754329"},{"taxonomy":"post_tag","embeddable":true,"href":"https:\/\/dailynewshungary.com\/de\/wp-json\/wp\/v2\/tags?post=754329"}],"curies":[{"name":"wp","href":"https:\/\/api.w.org\/{rel}","templated":true}]}}