{"id":754342,"date":"2016-10-09T14:08:57","date_gmt":"2016-10-09T12:08:57","guid":{"rendered":"https:\/\/dailynewshungary.com\/de\/sprecher-des-reprasentantenhauses-nationale-parlamente-sollten-eine-grosere-rolle-bei-der-entscheidungsfindung-der-eu-spielen\/"},"modified":"2016-10-09T14:08:57","modified_gmt":"2016-10-09T12:08:57","slug":"sprecher-des-reprasentantenhauses-nationale-parlamente-sollten-eine-grosere-rolle-bei-der-entscheidungsfindung-der-eu-spielen","status":"publish","type":"post","link":"https:\/\/dailynewshungary.com\/de\/sprecher-des-reprasentantenhauses-nationale-parlamente-sollten-eine-grosere-rolle-bei-der-entscheidungsfindung-der-eu-spielen\/","title":{"rendered":"Sprecher des Repr\u00e4sentantenhauses: Nationale Parlamente sollten eine gr\u00f6\u00dfere Rolle bei der Entscheidungsfindung der EU spielen"},"content":{"rendered":"<p>&nbsp;<\/p>\n<p><strong>Bratislava, 7. Oktober (MTI) \u2013 Den nationalen Parlamenten sollte eine gr\u00f6\u00dfere Rolle im Entscheidungsprozess der Europ\u00e4ischen Union zugewiesen werden, sagte der ungarische Sprecher des Repr\u00e4sentantenhauses, L\u00e1szl\u00f3 K\u00f6v\u00e9r, nach einem informellen Treffen der EU-Parlamentsredner am Freitag in Pozsony (Bratislava).<\/strong><\/p>\n<p>Die Teilnehmer brachten mehrere Vorschl\u00e4ge ein, die darauf abzielen, die \u00dcberwachungsfunktion der nationalen Parlamente innerhalb der EU auszubauen, sagte K\u00f6v\u00e9r ungarischen Medien.<\/p>\n<p>Frankreich etwa habe die formelle Einf\u00fchrung eines Verfahrens der \u201cgr\u00fcnen Karte\u201d vorgeschlagen, nach dem die nationalen Parlamente ihre Kr\u00e4fte b\u00fcndeln und der Europ\u00e4ischen Kommission neue Gesetzesinitiativen vorschlagen k\u00f6nnten, sagte erFrankreich schlug au\u00dferdem vor, dass die EU die den Parlamenten einger\u00e4umten Fristen verl\u00e4ngern sollte, um EU-Initiativen dahingehend zu bewerten, ob sie in die Zust\u00e4ndigkeit der EU oder der Mitgliedstaaten fallen.<\/p>\n<p>\u201cDer Grund, warum wir dies in der Vergangenheit nicht erfolgreich bewertet haben, war, dass den nationalen Parlamenten eine sehr enge Frist von 8 Wochen zur \u00dcberpr\u00fcfung einger\u00e4umt wurde&#8230; sehr komplizierte EU-Gesetze, sagte K\u00f6v\u00e9r.<\/p>\n<p>Zum Thema Vertrauenskrise innerhalb der EU sagte K\u00f6v\u00e9r, es sei \u201cwert, zu pr\u00fcfen\u201d, ob die EU-Institutionen ihre eigenen Regeln oder von anderen vorgeschriebenen Regeln befolgenEr sagte, eine der Ursachen f\u00fcr die Vertrauenskrise der EU sei, dass die nationalen Parlamente zwar von der EU zur Rechenschaft gezogen werden k\u00f6nnen, die Leiter der EU-Institutionen aber niemandem gegen\u00fcber Rechenschaft ablegen k\u00f6nntenDas k\u00f6nnte sich \u00e4ndern, wenn den nationalen Parlamenten eine gr\u00f6\u00dfere Rolle zugewiesen w\u00fcrde, betonte er.<\/p>\n<p><em>Foto: MTI\/TASR\/Vladimir Benko<\/em><\/p>\n","protected":false},"excerpt":{"rendered":"<p>&nbsp; Bratislava, 7. Oktober (MTI) \u2013 Den nationalen Parlamenten sollte eine gr\u00f6\u00dfere Rolle im Entscheidungsprozess der Europ\u00e4ischen Union zugewiesen werden, sagte der ungarische Sprecher des Repr\u00e4sentantenhauses, L\u00e1szl\u00f3 K\u00f6v\u00e9r, nach einem informellen Treffen der EU-Parlamentsredner am Freitag in Pozsony (Bratislava). Die Teilnehmer brachten mehrere Vorschl\u00e4ge ein, die darauf abzielen, die \u00dcberwachungsfunktion der nationalen Parlamente innerhalb der [&hellip;]<\/p>\n","protected":false},"author":2,"featured_media":754343,"comment_status":"open","ping_status":"open","sticky":false,"template":"","format":"standard","meta":{"_acf_changed":false,"_display_image":"","footnotes":""},"categories":[1081],"tags":[1082,1658,1173,1722],"class_list":["post-754342","post","type-post","status-publish","format-standard","has-post-thumbnail","hentry","category-politik","tag-europaische-union","tag-parlament","tag-slowakei","tag-sprecher-des-reprasentantenhauses"],"blocksy_meta":[],"acf":[],"author_username":"alk","telegram_post":"","public_post_metadata":{"breaking_news":"","important":"","csempe":"","center_tile":"","disable_thumbnail":"","target_lang":"","_featured_image_style":"","telegram_post":"","_xlat_group_id":""},"public_rank_math_data":{"title":"%title% %sep% %sitename%","description":"","focus_keyword":"Parlament","canonical_url":"","robots":"","primary_category":"1081","breadcrumb_title":"","facebook_title":"","facebook_description":"","facebook_image":"","facebook_image_id":"","twitter_title":"","twitter_description":"","twitter_image":"","twitter_image_id":"","twitter_card_type":"","twitter_use_facebook":"","advanced_robots":"","pillar_content":"","seo_score":"51","contentai_score":"","rich_snippet":""},"_links":{"self":[{"href":"https:\/\/dailynewshungary.com\/de\/wp-json\/wp\/v2\/posts\/754342","targetHints":{"allow":["GET"]}}],"collection":[{"href":"https:\/\/dailynewshungary.com\/de\/wp-json\/wp\/v2\/posts"}],"about":[{"href":"https:\/\/dailynewshungary.com\/de\/wp-json\/wp\/v2\/types\/post"}],"author":[{"embeddable":true,"href":"https:\/\/dailynewshungary.com\/de\/wp-json\/wp\/v2\/users\/2"}],"replies":[{"embeddable":true,"href":"https:\/\/dailynewshungary.com\/de\/wp-json\/wp\/v2\/comments?post=754342"}],"version-history":[{"count":0,"href":"https:\/\/dailynewshungary.com\/de\/wp-json\/wp\/v2\/posts\/754342\/revisions"}],"wp:featuredmedia":[{"embeddable":true,"href":"https:\/\/dailynewshungary.com\/de\/wp-json\/wp\/v2\/media\/754343"}],"wp:attachment":[{"href":"https:\/\/dailynewshungary.com\/de\/wp-json\/wp\/v2\/media?parent=754342"}],"wp:term":[{"taxonomy":"category","embeddable":true,"href":"https:\/\/dailynewshungary.com\/de\/wp-json\/wp\/v2\/categories?post=754342"},{"taxonomy":"post_tag","embeddable":true,"href":"https:\/\/dailynewshungary.com\/de\/wp-json\/wp\/v2\/tags?post=754342"}],"curies":[{"name":"wp","href":"https:\/\/api.w.org\/{rel}","templated":true}]}}