{"id":754376,"date":"2016-10-07T21:40:37","date_gmt":"2016-10-07T19:40:37","guid":{"rendered":"https:\/\/dailynewshungary.com\/de\/orban-und-fico-fuhren-gesprache-in-der-slowakei\/"},"modified":"2016-10-07T21:40:37","modified_gmt":"2016-10-07T19:40:37","slug":"orban-und-fico-fuhren-gesprache-in-der-slowakei","status":"publish","type":"post","link":"https:\/\/dailynewshungary.com\/de\/orban-und-fico-fuhren-gesprache-in-der-slowakei\/","title":{"rendered":"Orb\u00e1n und Fico f\u00fchren Gespr\u00e4che in der Slowakei"},"content":{"rendered":"<p><strong>Bratislava, 7. Oktober (MTI) \u2013 Obligatorische Migrantenquoten m\u00fcssen endg\u00fcltig von der Agenda der Europ\u00e4ischen Union gestrichen werden, sagte Premierminister Viktor Orb\u00e1n nach Gespr\u00e4chen mit seinem slowakischen Amtskollegen in Bratislava (auf Ungarisch: Pozsony) am Freitag.<\/strong><\/p>\n<p>Die ungarische Verfassung m\u00fcsse dahingehend ge\u00e4ndert werden, dass niemand den Ungarn irgendeine Art von obligatorischen Umsiedlungsquoten aufzwingen k\u00f6nne, sagte Orb\u00e1n nach seinen Gespr\u00e4chen mit Robert Fico gegen\u00fcber Reportern.<\/p>\n<p>Der Ministerpr\u00e4sident sagte, er habe Fico versichert, dass die Verfassungs\u00e4nderung Ungarns im Einklang mit dem Rechtssystem der EU st\u00fcnde.<\/p>\n<p>Ein obligatorisches Umsiedlungsquotensystem ohne Obergrenze k\u00f6nnte \u201calles, was wir erreicht haben, ruinieren und alles zerst\u00f6ren, wof\u00fcr wir gearbeitet haben\u201d, sagte Orb\u00e1n.<\/p>\n<figure id=\"attachment_87461\" aria-describedby=\"caption-attachment-87461\" style=\"width: 1024px\" class=\"wp-caption aligncenter\"><img loading=\"lazy\" decoding=\"async\" class=\"size-large wp-image-87461\" src=\"https:\/\/dailynewshungary.com\/wp-content\/uploads\/2016\/10\/D_MTI20161007002-1024x682.jpg\" alt=\"Foto: MTI\/Premierministerb\u00fcro: Bot\u00e1r Gergely\" width=\"1024\" height=\"682\" srcset=\"https:\/\/contentf5.dailynewshungary.com\/wp-content\/uploads\/2016\/10\/D_MTI20161007002-1024x682.jpg 1024w, https:\/\/contentf5.dailynewshungary.com\/wp-content\/uploads\/2016\/10\/D_MTI20161007002-300x200.jpg 300w, https:\/\/contentf5.dailynewshungary.com\/wp-content\/uploads\/2016\/10\/D_MTI20161007002-768x511.jpg 768w, https:\/\/contentf5.dailynewshungary.com\/wp-content\/uploads\/2016\/10\/D_MTI20161007002-220x146.jpg 220w, https:\/\/contentf5.dailynewshungary.com\/wp-content\/uploads\/2016\/10\/D_MTI20161007002-610x406.jpg 610w, https:\/\/contentf5.dailynewshungary.com\/wp-content\/uploads\/2016\/10\/D_MTI20161007002-1080x719.jpg 1080w\" sizes=\"auto, (max-width: 1024px) 100vw, 1024px\"><figcaption id=\"caption-attachment-87461\" class=\"wp-caption-text\">Foto: MTI\/Premierministerb\u00fcro: Bot\u00e1r Gergely<\/figcaption><\/figure>\n<p>Zum ungarischen Referendum \u00fcber die Migrantenquote sagte Orb\u00e1n, dass sich seit dem demokratischen \u00dcbergang des Landes von 1989-90 noch nie so viele W\u00e4hler auf ihre Pr\u00e4ferenz geeinigt h\u00e4tten wie am vergangenen Sonntag Obwohl das Verfassungssystem Ungarns strenge Regeln hinsichtlich der G\u00fcltigkeitsschwelle eines Referendums vorschreibt, kann die Tatsache, dass 3,3 Millionen Menschen ihre Stimme f\u00fcr dieselbe Antwort abgegeben haben, nicht ignoriert werden, betonte Orb\u00e1n.<\/p>\n<p>Das Referendum wurde vom ungarischen Wahlb\u00fcro f\u00fcr ung\u00fcltig erkl\u00e4rt, da die Wahlbeteiligung nicht die erforderliche Schwelle von 50 Prozent plus einer Stimme erreichte.<\/p>\n<p>Da das Referendum nicht automatisch rechtliche Konsequenzen haben werde, m\u00fcsse das ungarische Parlament sicherstellen, dass sich das Ergebnis in der Gesetzgebung widerspiegele, sagte Orb\u00e1n.<\/p>\n<p>Der Ministerpr\u00e4sident sagte auch, dass die europ\u00e4ischen Ministerpr\u00e4sidenten Anfang des Jahres beschlossen h\u00e4tten, dass der Block bis November wieder das Schengen-System beobachten und die Au\u00dfengrenzen der EU verteidigt werden sollten Orb\u00e1n sagte, er habe Fico gebeten, diese Entscheidung als Ministerpr\u00e4sident des Landes durchzusetzen, das die rotierende EU-Pr\u00e4sidentschaft innehat.<\/p>\n<p>\u201cWir wollen keine Kriminellen oder Terroranschl\u00e4ge\u201d, sagte Orb\u00e1n und f\u00fcgte hinzu, dass Ungarn seine Errungenschaften sch\u00fctzen und die Sicherheit seiner B\u00fcrger gew\u00e4hrleisten wolle. Er stellte fest, dass Hunderttausende Migranten letztes Jahr auf dem Weg nach Westeuropa illegal durch Ungarn reisten Einige derjenigen, die das Land durchquert hatten, waren am Terroranschlag in Paris im vergangenen November beteiligt, stellte er fest.<\/p>\n<p>Orb\u00e1n sagte, die Ungarn wollen sicher sein und f\u00fcgte jedoch hinzu, dass das, was in Paris passiert sei, auch in Bratislava oder Budapest passieren k\u00f6nne. Er sagte, dass er Fico angesichts dieser Sicherheitsrisiken gebeten habe, die Streichung von Migrantenquoten von der EU-Agenda zu unterst\u00fctzen.<\/p>\n<p><img loading=\"lazy\" decoding=\"async\" class=\"size-large wp-image-87460 aligncenter\" src=\"https:\/\/dailynewshungary.com\/wp-content\/uploads\/2016\/10\/D_MTI20161007003-1024x682.jpg\" alt=\"Orb\u00e1n Viktor; FICO, Robert\" width=\"1024\" height=\"682\" srcset=\"https:\/\/contentf5.dailynewshungary.com\/wp-content\/uploads\/2016\/10\/D_MTI20161007003-1024x682.jpg 1024w, https:\/\/contentf5.dailynewshungary.com\/wp-content\/uploads\/2016\/10\/D_MTI20161007003-300x200.jpg 300w, https:\/\/contentf5.dailynewshungary.com\/wp-content\/uploads\/2016\/10\/D_MTI20161007003-768x511.jpg 768w, https:\/\/contentf5.dailynewshungary.com\/wp-content\/uploads\/2016\/10\/D_MTI20161007003-220x146.jpg 220w, https:\/\/contentf5.dailynewshungary.com\/wp-content\/uploads\/2016\/10\/D_MTI20161007003-610x406.jpg 610w, https:\/\/contentf5.dailynewshungary.com\/wp-content\/uploads\/2016\/10\/D_MTI20161007003-1080x719.jpg 1080w\" sizes=\"auto, (max-width: 1024px) 100vw, 1024px\"><\/p>\n<p>Fico sagte nach den Gespr\u00e4chen, dass er \u201csowohl als slowakischer Ministerpr\u00e4sident als auch als rotierender Pr\u00e4sident der EU\u201d das Ergebnis des ungarischen Quotenreferendums \u201cvoll akzeptabel\u201d finde, er f\u00fcgte hinzu, dass er Referenden als ein \u201clegitimes und demokratisches\u201d Instrument betrachte.<\/p>\n<p>Bez\u00fcglich der Migration sagte Fico, dass die Beseitigung ihrer Ursachen und ein effizienter Schutz der Schengen-Grenzen f\u00fcr die Bew\u00e4ltigung des Problems von entscheidender Bedeutung seien. Er bekr\u00e4ftigte auch seinen fr\u00fcheren Standpunkt, dass das obligatorische Quotensystem f\u00fcr Migranten \u201epolitisch tot\u201csei.<\/p>\n<p>Zum Thema bilaterale Beziehungen sagte Fico, dass sie sich \u201cin allen Bereichen in einer positiven Atmosph\u00e4re entwickeln\u201d und dass sie \u201chistorisch auf h\u00f6chstem Niveau\u201d seien.<\/p>\n<p><em>Foto: MTI<\/em><\/p>\n","protected":false},"excerpt":{"rendered":"<p>Bratislava, 7. Oktober (MTI) \u2013 Obligatorische Migrantenquoten m\u00fcssen endg\u00fcltig von der Agenda der Europ\u00e4ischen Union gestrichen werden, sagte Premierminister Viktor Orb\u00e1n nach Gespr\u00e4chen mit seinem slowakischen Amtskollegen in Bratislava (auf Ungarisch: Pozsony) am Freitag. Die ungarische Verfassung m\u00fcsse dahingehend ge\u00e4ndert werden, dass niemand den Ungarn irgendeine Art von obligatorischen Umsiedlungsquoten aufzwingen k\u00f6nne, sagte Orb\u00e1n nach [&hellip;]<\/p>\n","protected":false},"author":2,"featured_media":754377,"comment_status":"open","ping_status":"open","sticky":false,"template":"","format":"standard","meta":{"_acf_changed":false,"_display_image":"","footnotes":""},"categories":[1081],"tags":[1173,1128],"class_list":["post-754376","post","type-post","status-publish","format-standard","has-post-thumbnail","hentry","category-politik","tag-slowakei","tag-viktor-orban"],"blocksy_meta":[],"acf":[],"author_username":"alk","telegram_post":"","public_post_metadata":{"breaking_news":"","important":"","csempe":"","center_tile":"","disable_thumbnail":"","target_lang":"","_featured_image_style":"","telegram_post":"","_xlat_group_id":""},"public_rank_math_data":{"title":"%title% %sep% %sitename%","description":"","focus_keyword":"Slowakei","canonical_url":"","robots":"","primary_category":"1081","breadcrumb_title":"","facebook_title":"","facebook_description":"","facebook_image":"","facebook_image_id":"","twitter_title":"","twitter_description":"","twitter_image":"","twitter_image_id":"","twitter_card_type":"","twitter_use_facebook":"","advanced_robots":"","pillar_content":"","seo_score":"47","contentai_score":"","rich_snippet":""},"_links":{"self":[{"href":"https:\/\/dailynewshungary.com\/de\/wp-json\/wp\/v2\/posts\/754376","targetHints":{"allow":["GET"]}}],"collection":[{"href":"https:\/\/dailynewshungary.com\/de\/wp-json\/wp\/v2\/posts"}],"about":[{"href":"https:\/\/dailynewshungary.com\/de\/wp-json\/wp\/v2\/types\/post"}],"author":[{"embeddable":true,"href":"https:\/\/dailynewshungary.com\/de\/wp-json\/wp\/v2\/users\/2"}],"replies":[{"embeddable":true,"href":"https:\/\/dailynewshungary.com\/de\/wp-json\/wp\/v2\/comments?post=754376"}],"version-history":[{"count":0,"href":"https:\/\/dailynewshungary.com\/de\/wp-json\/wp\/v2\/posts\/754376\/revisions"}],"wp:featuredmedia":[{"embeddable":true,"href":"https:\/\/dailynewshungary.com\/de\/wp-json\/wp\/v2\/media\/754377"}],"wp:attachment":[{"href":"https:\/\/dailynewshungary.com\/de\/wp-json\/wp\/v2\/media?parent=754376"}],"wp:term":[{"taxonomy":"category","embeddable":true,"href":"https:\/\/dailynewshungary.com\/de\/wp-json\/wp\/v2\/categories?post=754376"},{"taxonomy":"post_tag","embeddable":true,"href":"https:\/\/dailynewshungary.com\/de\/wp-json\/wp\/v2\/tags?post=754376"}],"curies":[{"name":"wp","href":"https:\/\/api.w.org\/{rel}","templated":true}]}}