{"id":754395,"date":"2016-10-07T11:10:29","date_gmt":"2016-10-07T09:10:29","guid":{"rendered":"https:\/\/dailynewshungary.com\/de\/beamter-des-ausenministeriums-diskutiert-bilaterale-beziehungen-und-migration-in-schweden\/"},"modified":"2016-10-07T11:10:29","modified_gmt":"2016-10-07T09:10:29","slug":"beamter-des-ausenministeriums-diskutiert-bilaterale-beziehungen-und-migration-in-schweden","status":"publish","type":"post","link":"https:\/\/dailynewshungary.com\/de\/beamter-des-ausenministeriums-diskutiert-bilaterale-beziehungen-und-migration-in-schweden\/","title":{"rendered":"Beamter des Au\u00dfenministeriums diskutiert bilaterale Beziehungen und Migration in Schweden"},"content":{"rendered":"<p><strong>Stockholm (MTI) \u2013 Au\u00dfenminister L\u00e1szl\u00f3 Szab\u00f3 f\u00fchrte in den letzten zwei Tagen in Stockholm Gespr\u00e4che, in denen es unter anderem um bilaterale Beziehungen und Migration ging.<\/strong><\/p>\n<p>Szab\u00f3 teilte MTI am Donnerstag am Telefon mit, dass sie in Gespr\u00e4chen mit der Staatssekret\u00e4rin des schwedischen Au\u00dfenministeriums, Annika Soder, \u00fcber die politischen Beziehungen zwischen Ungarn und Schweden und ihren jeweiligen Umgang mit der europ\u00e4ischen Fl\u00fcchtlingskrise gesprochen h\u00e4tten.<\/p>\n<p>Die beiden L\u00e4nder h\u00e4tten bei der Migration deutlich unterschiedliche Ans\u00e4tze verfolgt, bemerkte Szab\u00f3, f\u00fcgte jedoch hinzu, dass sie in Gespr\u00e4chen mit Soder mehrere Aspekte der Bew\u00e4ltigung der Krise identifiziert h\u00e4tten, auf die sie sich einigen k\u00f6nnten.<\/p>\n<p style=\"text-align: center;\">&nbsp;<iframe loading=\"lazy\" style=\"border: none; overflow: hidden;\" src=\"https:\/\/www.facebook.com\/plugins\/post.php?href=https%3A%2F%2Fwww.facebook.com%2Fdailynewshungary%2Fposts%2F1111455732223330&amp;width=500\" width=\"500\" height=\"526\" frameborder=\"0\" scrolling=\"no\"><\/iframe><\/p>\n<p>Er sagte, Schweden habe aufgeh\u00f6rt, Migranten ohne Papiere aufzunehmen, und argumentierte, dass das Land nun genau das tue, was Ungarn seit anderthalb Jahren getan habe.<\/p>\n<p>Szab\u00f3 sagte, er und der Staatssekret\u00e4r h\u00e4tten auch \u00fcber das \u00d6stliche Partnerschaftsprogramm der Europ\u00e4ischen Union gesprochen. Die beiden L\u00e4nder seien sich einig, dass die EU weiter erweitert werden sollte, sagte er.<\/p>\n<p>Er sagte, Ungarn und Schweden unterst\u00fctzten sich gegenseitig bei ihren UN-Kandidaturen: Ungarn unterst\u00fctze Schwedens Kandidatur f\u00fcr eine nichtst\u00e4ndige Mitgliedschaft im Sicherheitsrat und habe die Unterst\u00fctzung Schwedens bei seiner eigenen Kandidatur f\u00fcr die Mitgliedschaft im UN-Menschenrechtsrat.<\/p>\n<p>Szab\u00f3 f\u00fchrte au\u00dferdem Gespr\u00e4che mit Oscar Stenstrom, Staatssekret\u00e4r im Ministerium f\u00fcr EU-Angelegenheiten und Handel und stellvertretender Staatssekret\u00e4r, und Karin Olofsdotter, ehemaliger Botschafterin in Budapest, und er\u00f6rterte die wirtschaftlichen Erfolge Ungarns in den letzten sechs Jahren.<\/p>\n<p>Szab\u00f3 traf auch Ulf Pehrsson, Vizepr\u00e4sident f\u00fcr Regierungs- und Industriebeziehungen bei Ericsson. Er bemerkte, dass Ericssons zweitgr\u00f6\u00dfte europ\u00e4ische F+E-Basis in Budapest liegt. Das Unternehmen hat k\u00fcrzlich beschlossen, seinen Hauptsitz in Budapest in ein neues Geb\u00e4ude zu verlegen, wo seine Dienstleistungs- und Entwicklungsabteilungen unter einem Dach sein werden. Ericssons Budapester St\u00fctzpunkt sei dabei, Mobilkommunikationssysteme der f\u00fcnften Generation zu entwickeln, bemerkte Szab\u00f3.<\/p>\n","protected":false},"excerpt":{"rendered":"<p>Stockholm (MTI) \u2013 Au\u00dfenminister L\u00e1szl\u00f3 Szab\u00f3 f\u00fchrte in den letzten zwei Tagen in Stockholm Gespr\u00e4che, in denen es unter anderem um bilaterale Beziehungen und Migration ging. Szab\u00f3 teilte MTI am Donnerstag am Telefon mit, dass sie in Gespr\u00e4chen mit der Staatssekret\u00e4rin des schwedischen Au\u00dfenministeriums, Annika Soder, \u00fcber die politischen Beziehungen zwischen Ungarn und Schweden und [&hellip;]<\/p>\n","protected":false},"author":2,"featured_media":754396,"comment_status":"open","ping_status":"open","sticky":false,"template":"","format":"standard","meta":{"_acf_changed":false,"_display_image":"","footnotes":""},"categories":[1081],"tags":[1470,1082,1445,1299],"class_list":["post-754395","post","type-post","status-publish","format-standard","has-post-thumbnail","hentry","category-politik","tag-ausenministerium-fur-ungarn","tag-europaische-union","tag-migration","tag-schengen"],"blocksy_meta":[],"acf":[],"author_username":"alk","telegram_post":"","public_post_metadata":{"breaking_news":"","important":"","csempe":"","center_tile":"","disable_thumbnail":"","target_lang":"","_featured_image_style":"","telegram_post":"","_xlat_group_id":""},"public_rank_math_data":{"title":"%title% %sep% %sitename%","description":"","focus_keyword":"Schweden","canonical_url":"","robots":"","primary_category":"1081","breadcrumb_title":"","facebook_title":"","facebook_description":"","facebook_image":"","facebook_image_id":"","twitter_title":"","twitter_description":"","twitter_image":"","twitter_image_id":"","twitter_card_type":"","twitter_use_facebook":"","advanced_robots":"","pillar_content":"","seo_score":"54","contentai_score":"","rich_snippet":""},"_links":{"self":[{"href":"https:\/\/dailynewshungary.com\/de\/wp-json\/wp\/v2\/posts\/754395","targetHints":{"allow":["GET"]}}],"collection":[{"href":"https:\/\/dailynewshungary.com\/de\/wp-json\/wp\/v2\/posts"}],"about":[{"href":"https:\/\/dailynewshungary.com\/de\/wp-json\/wp\/v2\/types\/post"}],"author":[{"embeddable":true,"href":"https:\/\/dailynewshungary.com\/de\/wp-json\/wp\/v2\/users\/2"}],"replies":[{"embeddable":true,"href":"https:\/\/dailynewshungary.com\/de\/wp-json\/wp\/v2\/comments?post=754395"}],"version-history":[{"count":0,"href":"https:\/\/dailynewshungary.com\/de\/wp-json\/wp\/v2\/posts\/754395\/revisions"}],"wp:featuredmedia":[{"embeddable":true,"href":"https:\/\/dailynewshungary.com\/de\/wp-json\/wp\/v2\/media\/754396"}],"wp:attachment":[{"href":"https:\/\/dailynewshungary.com\/de\/wp-json\/wp\/v2\/media?parent=754395"}],"wp:term":[{"taxonomy":"category","embeddable":true,"href":"https:\/\/dailynewshungary.com\/de\/wp-json\/wp\/v2\/categories?post=754395"},{"taxonomy":"post_tag","embeddable":true,"href":"https:\/\/dailynewshungary.com\/de\/wp-json\/wp\/v2\/tags?post=754395"}],"curies":[{"name":"wp","href":"https:\/\/api.w.org\/{rel}","templated":true}]}}