{"id":754433,"date":"2016-10-05T22:45:08","date_gmt":"2016-10-05T20:45:08","guid":{"rendered":"https:\/\/dailynewshungary.com\/de\/globaler-terrorismus-und-kriminalitat-erfordern-eine-globale-strafverfolgung-sagt-cepol-direktor-in-budapest\/"},"modified":"2016-10-05T22:45:08","modified_gmt":"2016-10-05T20:45:08","slug":"globaler-terrorismus-und-kriminalitat-erfordern-eine-globale-strafverfolgung-sagt-cepol-direktor-in-budapest","status":"publish","type":"post","link":"https:\/\/dailynewshungary.com\/de\/globaler-terrorismus-und-kriminalitat-erfordern-eine-globale-strafverfolgung-sagt-cepol-direktor-in-budapest\/","title":{"rendered":"Globaler Terrorismus und Kriminalit\u00e4t erfordern eine globale Strafverfolgung, sagt CEPOL-Direktor in Budapest"},"content":{"rendered":"<p><strong>Budapest, 5. Oktober (MTI) 6 Eine Globalisierung von Terrorismus und Kriminalit\u00e4t erfordert die Globalisierung der Ausbildung und Ausbildung der Strafverfolgungsbeh\u00f6rden, sagte der Exekutivdirektor der EU-Agentur f\u00fcr die Ausbildung von Strafverfolgungsbeh\u00f6rden (CEPOL) am Mittwoch auf einer internationalen Konferenz in Budapest.<\/strong><\/p>\n<p>Globaler Terrorismus und Kriminalit\u00e4t erfordern eine verst\u00e4rkte Zusammenarbeit zwischen den verschiedenen Strafverfolgungsbeh\u00f6rden auf der ganzen Welt, sagte Ferenc B\u00e1nfi in seiner Er\u00f6ffnungsrede auf der CEPOL-Konferenz 2016 von Global Trends In Law Enforcement Training and Education.<\/p>\n<p>Die globalisierte Schulung und Ausbildung der Strafverfolgungsbeh\u00f6rden m\u00fcsse jedoch differenziert durchgef\u00fchrt werden, um eine Verletzung verschiedener nationaler Sicherheitsinteressen zu vermeiden, sagte B\u00e1nfi.<\/p>\n<p>Er nahm einen Vorschlag zur Kenntnis, der darauf abzielt, ein globales Netzwerk von Strafverfolgungsexperten und eine globale Datenbank einzurichten, auf die Strafverfolgungsbeh\u00f6rden und -beh\u00f6rden auf der ganzen Welt zugreifen k\u00f6nnen.<\/p>\n<p>Die von CEPOL und der National University of Public Service organisierte dreit\u00e4gige Konferenz umfasst 75 Vortr\u00e4ge und Podiumsdiskussionen und wird von mehr als 200 Teilnehmern aus der ganzen Welt besucht.<\/p>\n","protected":false},"excerpt":{"rendered":"<p>Budapest, 5. Oktober (MTI) 6 Eine Globalisierung von Terrorismus und Kriminalit\u00e4t erfordert die Globalisierung der Ausbildung und Ausbildung der Strafverfolgungsbeh\u00f6rden, sagte der Exekutivdirektor der EU-Agentur f\u00fcr die Ausbildung von Strafverfolgungsbeh\u00f6rden (CEPOL) am Mittwoch auf einer internationalen Konferenz in Budapest. Globaler Terrorismus und Kriminalit\u00e4t erfordern eine verst\u00e4rkte Zusammenarbeit zwischen den verschiedenen Strafverfolgungsbeh\u00f6rden auf der ganzen Welt, [&hellip;]<\/p>\n","protected":false},"author":2,"featured_media":754434,"comment_status":"open","ping_status":"open","sticky":false,"template":"","format":"standard","meta":{"_acf_changed":false,"_display_image":"","footnotes":""},"categories":[1098],"tags":[1438,1111,1082,1597,1236],"class_list":["post-754433","post","type-post","status-publish","format-standard","has-post-thumbnail","hentry","category-gesellschaft","tag-bildung","tag-budapest","tag-europaische-union","tag-konferenz","tag-polizei"],"blocksy_meta":[],"acf":[],"author_username":"alk","telegram_post":"","public_post_metadata":{"breaking_news":"","important":"","csempe":"","center_tile":"","disable_thumbnail":"","target_lang":"","_featured_image_style":"","telegram_post":"","_xlat_group_id":""},"public_rank_math_data":{"title":"%title% %sep% %sitename%","description":"","focus_keyword":"cepol","canonical_url":"","robots":"","primary_category":"1098","breadcrumb_title":"","facebook_title":"","facebook_description":"","facebook_image":"","facebook_image_id":"","twitter_title":"","twitter_description":"","twitter_image":"","twitter_image_id":"","twitter_card_type":"","twitter_use_facebook":"","advanced_robots":"","pillar_content":"","seo_score":"54","contentai_score":"","rich_snippet":""},"_links":{"self":[{"href":"https:\/\/dailynewshungary.com\/de\/wp-json\/wp\/v2\/posts\/754433","targetHints":{"allow":["GET"]}}],"collection":[{"href":"https:\/\/dailynewshungary.com\/de\/wp-json\/wp\/v2\/posts"}],"about":[{"href":"https:\/\/dailynewshungary.com\/de\/wp-json\/wp\/v2\/types\/post"}],"author":[{"embeddable":true,"href":"https:\/\/dailynewshungary.com\/de\/wp-json\/wp\/v2\/users\/2"}],"replies":[{"embeddable":true,"href":"https:\/\/dailynewshungary.com\/de\/wp-json\/wp\/v2\/comments?post=754433"}],"version-history":[{"count":0,"href":"https:\/\/dailynewshungary.com\/de\/wp-json\/wp\/v2\/posts\/754433\/revisions"}],"wp:featuredmedia":[{"embeddable":true,"href":"https:\/\/dailynewshungary.com\/de\/wp-json\/wp\/v2\/media\/754434"}],"wp:attachment":[{"href":"https:\/\/dailynewshungary.com\/de\/wp-json\/wp\/v2\/media?parent=754433"}],"wp:term":[{"taxonomy":"category","embeddable":true,"href":"https:\/\/dailynewshungary.com\/de\/wp-json\/wp\/v2\/categories?post=754433"},{"taxonomy":"post_tag","embeddable":true,"href":"https:\/\/dailynewshungary.com\/de\/wp-json\/wp\/v2\/tags?post=754433"}],"curies":[{"name":"wp","href":"https:\/\/api.w.org\/{rel}","templated":true}]}}