{"id":754463,"date":"2016-10-04T21:20:56","date_gmt":"2016-10-04T19:20:56","guid":{"rendered":"https:\/\/dailynewshungary.com\/de\/referendum-orban-verfassungsanderungen-die-ein-verbot-der-umsiedlung-von-gruppen-beinhalten\/"},"modified":"2016-10-04T21:20:56","modified_gmt":"2016-10-04T19:20:56","slug":"referendum-orban-verfassungsanderungen-die-ein-verbot-der-umsiedlung-von-gruppen-beinhalten","status":"publish","type":"post","link":"https:\/\/dailynewshungary.com\/de\/referendum-orban-verfassungsanderungen-die-ein-verbot-der-umsiedlung-von-gruppen-beinhalten\/","title":{"rendered":"Referendum \u2013 Orb\u00e1n: Verfassungs\u00e4nderungen, die ein Verbot der Umsiedlung von Gruppen beinhalten"},"content":{"rendered":"<p><strong>Budapest, 4. Oktober (MTI) \u2013 Eine von der Regierungspartei Fidesz unterst\u00fctzte Verfassungs\u00e4nderung wird angesichts der Ergebnisse des Referendums vom Sonntag, bei dem 98 Prozent gegen die obligatorische Quotenregelung der EU gestimmt haben, \u00c4nderungen anstreben, sagte Ministerpr\u00e4sident Viktor Orb\u00e1n am Dienstag.<\/strong><\/p>\n<p>Die Ergebnisse des Referendums h\u00e4tten in Ungarn einen neuen partei\u00fcbergreifenden Block geschaffen, der den Schutz der Souver\u00e4nit\u00e4t als nationale Angelegenheit betrachte, sagte Orb\u00e1n auf einer Pressekonferenz im ParlamentDie 3,3 Millionen Menschen, die mit \u201cNein\u201d gestimmt haben, umfassten eine Million, die wahrscheinlich andere Parteien unterst\u00fctzen, was zeigt, dass dies eine nationale Angelegenheit war, sagte Orb\u00e1nEr f\u00fcgte hinzu, dass diese Menschen nicht gegen Migranten oder die Europ\u00e4ische Union gestimmt h\u00e4tten, sondern f\u00fcr den angemessenen Umgang mit einer modernen Migrationswelle.<\/p>\n<p>\u201cDie Entscheidung des Volkes muss im Parlament durchgesetzt werden\u201d, bestand Orb\u00e1n darauf.<\/p>\n<p>Zu den vorgeschlagenen Verfassungs\u00e4nderungen geh\u00f6rt eine klare Aussage dar\u00fcber, wie Br\u00fcssel daran gehindert werden soll, die Umsiedlung von Migranten nach Ungarn im Rahmen einer Resolution ohne Zustimmung des ungarischen Parlaments anzuordnen; Dazu geh\u00f6rt das Verbot obligatorischer Gruppenumsiedlungen und die Feststellung, dass die Umsiedlung von Menschen ohne Recht auf Freiz\u00fcgigkeit und Aufenthalt in Ungarn nur auf der Grundlage individueller Antr\u00e4ge erfolgen kann, die von den ungarischen Beh\u00f6rden in Verfahren gepr\u00fcft werden, die in den vom Parlament erlassenen ungarischen Gesetzen festgelegt sind.<\/p>\n<p>Die vorgeschlagenen \u00c4nderungen werden in einer Kabinettssitzung am Mittwoch \u00fcberpr\u00fcft, sagte Orb\u00e1n.<\/p>\n<p>Auf die Frage, wie er die Abstimmung \u00fcber die \u00c4nderungen, die eine Zweidrittelmehrheit erfordern, wahrnehme, sagte Orb\u00e1n, er glaube, dass die Gesetzgeber \u201cdas richtige Szenario verfolgen werden\u201d Er f\u00fcgte hinzu, dass eine Wahlbeteiligung von 50 Prozent beim Referendum \u201cdie Stimmen der W\u00e4hler an sich best\u00e4tigt h\u00e4tte\u201d, aber bei 43 Prozent Wahlbeteiligung m\u00fcsse das Parlament \u201ceinen zus\u00e4tzlichen Ansto\u00df geben\u201d Ein Referendum und eine Verfassungs\u00e4nderung bieten zusammen eine st\u00e4rkere Position als ein Referendum allein, sagte er und f\u00fcgte hinzu, dass er \u201cnicht vorstellen kann, dass Br\u00fcssel gegen eine Mehrheit von 98 Prozent der Menschen entscheiden w\u00fcrde\u201d.<\/p>\n<p><img loading=\"lazy\" decoding=\"async\" class=\"aligncenter wp-image-87050 size-large\" src=\"https:\/\/dailynewshungary.com\/wp-content\/uploads\/2016\/10\/orb\u00e1n-press-conference-1024x682.jpg\" alt=\"Budapest, 2016. okt\u00f3ber 4. Orb\u00e1n Viktor minisztereln\u00f6k besz\u00e9l a K\u00f3sa Lajossal, a Fidesz frakci\u00f3vezet j\u00e9vel az okt\u00f3ber 2-ai kv\u00f3tareferendummal kapcsolatban k\u00f6z\u00f6sen tartott sajt\u00f3jekoztat\u00f3n az Orsz\u00e1gh\u00e1zban 2016. okt\u00f3ber 4-\u00e9n. MTI Fot\u00f3: Szigetv\u00e1ry Zsolt\" width=\"1024\" height=\"682\" srcset=\"https:\/\/contentf5.dailynewshungary.com\/wp-content\/uploads\/2016\/10\/orb\u00e1n-press-conference-1024x682.jpg 1024w, https:\/\/contentf5.dailynewshungary.com\/wp-content\/uploads\/2016\/10\/orb\u00e1n-press-conference-300x200.jpg 300w, https:\/\/contentf5.dailynewshungary.com\/wp-content\/uploads\/2016\/10\/orb\u00e1n-press-conference-768x512.jpg 768w, https:\/\/contentf5.dailynewshungary.com\/wp-content\/uploads\/2016\/10\/orb\u00e1n-press-conference-220x147.jpg 220w, https:\/\/contentf5.dailynewshungary.com\/wp-content\/uploads\/2016\/10\/orb\u00e1n-press-conference-610x407.jpg 610w, https:\/\/contentf5.dailynewshungary.com\/wp-content\/uploads\/2016\/10\/orb\u00e1n-press-conference-1080x720.jpg 1080w\" sizes=\"auto, (max-width: 1024px) 100vw, 1024px\"><\/p>\n<p>Lajos K\u00f3sa, der Fraktionschef von Fidesz, sagte der Pressekonferenz, dass die Regierung die \u00c4nderungsvorschl\u00e4ge bis zum 10. Oktober dem Parlament vorlegen m\u00fcsse, eine Debatte f\u00fcr den 17. Oktober und eine Abstimmung f\u00fcr den 8. November angesetzt werdeDie \u00c4nderungsantr\u00e4ge k\u00f6nnten bis Mitte November in Kraft treten, au\u00dferdem w\u00fcrden F\u00fcnf-Parteien-Gespr\u00e4che zu dem Thema gef\u00fchrt, f\u00fcgte er hinzu.<\/p>\n<p>Jobbik-Parteivorsitzender G\u00e1bor Vona sagte, dass seine Partei eine Verfassungs\u00e4nderung unterst\u00fctzen werde, die darauf abzielt, die Sicherheit Ungarns zu erh\u00f6hen. Er f\u00fcgte jedoch hinzu, dass Orb\u00e1ns Vorschlag mit Jobbiks fr\u00fcherer Initiative identisch sei. Als Partei, die sich f\u00fcr Fragen der Nation einsetzt, werde Jobbik an den von Fidesz initiierten F\u00fcnf-Parteien-Gespr\u00e4chen teilnehmen, sagte Vona.<\/p>\n<p>Die oppositionellen Sozialisten erkl\u00e4rten, der Vorschlag der regierenden Fidesz-Partei zur \u00c4nderung der Verfassung sei illegitim, und warnten Orb\u00e1n und seine Partei davor, ein ung\u00fcltiges Referendum zur Rechtfertigung einer Entscheidung zu nutzen, die die Zukunft von zehn Millionen Menschen betreffe. Parteigruppenchef Bertalan T\u00f3th sagte, Orb\u00e1n und Fidesz h\u00e4tten beim Referendum \u00fcber die Migrantenquoten am Sonntag keine Genehmigung von der Mehrheit der W\u00e4hler erhalten, da 5 Millionen Menschen beschlossen h\u00e4tten, nicht teilzunehmen. Fidesz sollte Menschen nicht ignorieren, die ihre Meinung ge\u00e4u\u00dfert haben, indem sie zu Hause blieben, sagte er.<\/p>\n<p>Der Sprecher der gr\u00fcnen Oppositionspartei LMP, J\u00f3zsef G\u00e1l, sagte, das Referendum werde die Probleme im Zusammenhang mit der Migration nicht l\u00f6sen. \u201eLMP wird sich nicht an einer \u201epolitischen Farce\u201cbeteiligen, die nur dazu dient, der Regierung die M\u00f6glichkeit zu geben, wichtige Themen wie Gesundheitsversorgung, Armut, Auswanderung, Arbeitskr\u00e4ftemangel und weit verbreitete Korruption unter den Teppich zu kehren.<\/p>\n<p>Die oppositionelle Demokratische Koalition (DK) erkl\u00e4rte, sie werde sich von der Parlamentsdebatte fernhalten und \u00fcber eine geplante Verfassungs\u00e4nderung abstimmen, die von der regierenden Fidesz unterst\u00fctzt wird, und forderte alle Oppositionsparteien auf, diesem Beispiel zu folgen. Der stellvertretende Parteivorsitzende Csaba Moln\u00e1r unterst\u00fctzte die Botschaft des ung\u00fcltigen Referendums am Sonntag \u00fcber die Migrantenquoten in der Europ\u00e4ischen Union und war klar: Die Ungarn erteilten Orban keine Genehmigung f\u00fcr irgendeine Form der Migrationsgesetzgebung. Diejenigen, die an der geplanten Verfassungs\u00e4nderung teilnehmen, werden gegen den Willen der \u00d6ffentlichkeit vorgehen, sagte er.<\/p>\n<p><em>Fotos: MTI<\/em><\/p>\n","protected":false},"excerpt":{"rendered":"<p>Budapest, 4. Oktober (MTI) \u2013 Eine von der Regierungspartei Fidesz unterst\u00fctzte Verfassungs\u00e4nderung wird angesichts der Ergebnisse des Referendums vom Sonntag, bei dem 98 Prozent gegen die obligatorische Quotenregelung der EU gestimmt haben, \u00c4nderungen anstreben, sagte Ministerpr\u00e4sident Viktor Orb\u00e1n am Dienstag. Die Ergebnisse des Referendums h\u00e4tten in Ungarn einen neuen partei\u00fcbergreifenden Block geschaffen, der den Schutz [&hellip;]<\/p>\n","protected":false},"author":7,"featured_media":754464,"comment_status":"open","ping_status":"open","sticky":false,"template":"","format":"standard","meta":{"_acf_changed":false,"_display_image":"","footnotes":""},"categories":[1081],"tags":[3772,1308,1128],"class_list":["post-754463","post","type-post","status-publish","format-standard","has-post-thumbnail","hentry","category-politik","tag-referendum-uber-migrantenquoten","tag-verfassungsanderung","tag-viktor-orban"],"blocksy_meta":[],"acf":[],"author_username":"Szandi","telegram_post":"","public_post_metadata":{"breaking_news":"","important":"","csempe":"","center_tile":"","disable_thumbnail":"","target_lang":"","_featured_image_style":"","telegram_post":"","_xlat_group_id":""},"public_rank_math_data":{"title":"%title% %sep% %sitename%","description":"","focus_keyword":"Umsiedlung","canonical_url":"","robots":"","primary_category":"1081","breadcrumb_title":"","facebook_title":"","facebook_description":"","facebook_image":"","facebook_image_id":"","twitter_title":"","twitter_description":"","twitter_image":"","twitter_image_id":"","twitter_card_type":"","twitter_use_facebook":"","advanced_robots":"","pillar_content":"","seo_score":"49","contentai_score":"","rich_snippet":""},"_links":{"self":[{"href":"https:\/\/dailynewshungary.com\/de\/wp-json\/wp\/v2\/posts\/754463","targetHints":{"allow":["GET"]}}],"collection":[{"href":"https:\/\/dailynewshungary.com\/de\/wp-json\/wp\/v2\/posts"}],"about":[{"href":"https:\/\/dailynewshungary.com\/de\/wp-json\/wp\/v2\/types\/post"}],"author":[{"embeddable":true,"href":"https:\/\/dailynewshungary.com\/de\/wp-json\/wp\/v2\/users\/7"}],"replies":[{"embeddable":true,"href":"https:\/\/dailynewshungary.com\/de\/wp-json\/wp\/v2\/comments?post=754463"}],"version-history":[{"count":0,"href":"https:\/\/dailynewshungary.com\/de\/wp-json\/wp\/v2\/posts\/754463\/revisions"}],"wp:featuredmedia":[{"embeddable":true,"href":"https:\/\/dailynewshungary.com\/de\/wp-json\/wp\/v2\/media\/754464"}],"wp:attachment":[{"href":"https:\/\/dailynewshungary.com\/de\/wp-json\/wp\/v2\/media?parent=754463"}],"wp:term":[{"taxonomy":"category","embeddable":true,"href":"https:\/\/dailynewshungary.com\/de\/wp-json\/wp\/v2\/categories?post=754463"},{"taxonomy":"post_tag","embeddable":true,"href":"https:\/\/dailynewshungary.com\/de\/wp-json\/wp\/v2\/tags?post=754463"}],"curies":[{"name":"wp","href":"https:\/\/api.w.org\/{rel}","templated":true}]}}