{"id":754471,"date":"2016-10-04T17:00:39","date_gmt":"2016-10-04T15:00:39","guid":{"rendered":"https:\/\/dailynewshungary.com\/de\/das-strasburger-gericht-entscheidet-erneut-gegen-ungarn-uber-lebenslange-haftstrafen\/"},"modified":"2016-10-04T17:00:39","modified_gmt":"2016-10-04T15:00:39","slug":"das-strasburger-gericht-entscheidet-erneut-gegen-ungarn-uber-lebenslange-haftstrafen","status":"publish","type":"post","link":"https:\/\/dailynewshungary.com\/de\/das-strasburger-gericht-entscheidet-erneut-gegen-ungarn-uber-lebenslange-haftstrafen\/","title":{"rendered":"Das Stra\u00dfburger Gericht entscheidet erneut gegen Ungarn \u00fcber lebenslange Haftstrafen"},"content":{"rendered":"<p><strong>Stra\u00dfburg, 4. Oktober (MTI) \u2013 Der Europ\u00e4ische Gerichtshof f\u00fcr Menschenrechte hat erneut gegen Ungarn entschieden, was die lebenslangen Haftstrafen zweier ungarischer Insassen betrifft.<\/strong><\/p>\n<p>Die Verh\u00e4ngung einer lebenslangen Haftstrafe, die mit einer Freiheitsstrafe von mindestens 40 Jahren geahndet wird, gilt als unmenschliche und erniedrigende Behandlung, urteilte das Gericht am Dienstag.<\/p>\n<p>Die Insassen wandten sich wegen der von Ungarn im Jahr 2015 als Reaktion auf ein fr\u00fcheres Urteil eines europ\u00e4ischen Gerichts zu ihren Gunsten erlassenen Vorschriften an das Gericht und argumentierten, dass das neue Gesetz auch keine echte Aussicht auf eine Entlassung aus dem Gef\u00e4ngnis zu ihren Lebzeiten gew\u00e4hrleistete.<\/p>\n<p>Das Gericht sagte, dass bis zur ersten Gelegenheit einer Straf\u00fcberpr\u00fcfung nach geltendem ungarischem Recht zu viel Zeit vergeht, weit l\u00e4nger als die vom Gericht in einem fr\u00fcheren Urteil empfohlene H\u00f6chstdauer von 25 Jahren.<\/p>\n<p>Strenge Kriterien f\u00fcr Gnadenentscheidungen eines Ausschusses gelten nicht f\u00fcr den Pr\u00e4sidenten, der bei jedem Klagegrund das letzte Wort hat, sagte das Gericht und f\u00fcgte hinzu, dass der Pr\u00e4sident auch keine Frist f\u00fcr solche Entscheidungen und auch keine Rechtfertigungspflicht habe.<\/p>\n","protected":false},"excerpt":{"rendered":"<p>Stra\u00dfburg, 4. Oktober (MTI) \u2013 Der Europ\u00e4ische Gerichtshof f\u00fcr Menschenrechte hat erneut gegen Ungarn entschieden, was die lebenslangen Haftstrafen zweier ungarischer Insassen betrifft. Die Verh\u00e4ngung einer lebenslangen Haftstrafe, die mit einer Freiheitsstrafe von mindestens 40 Jahren geahndet wird, gilt als unmenschliche und erniedrigende Behandlung, urteilte das Gericht am Dienstag. Die Insassen wandten sich wegen der [&hellip;]<\/p>\n","protected":false},"author":7,"featured_media":754472,"comment_status":"open","ping_status":"open","sticky":false,"template":"","format":"standard","meta":{"_acf_changed":false,"_display_image":"","footnotes":""},"categories":[1081],"tags":[2097,1326,1423,1267],"class_list":["post-754471","post","type-post","status-publish","format-standard","has-post-thumbnail","hentry","category-politik","tag-europaischer-gerichtshof-fur-menschenrechte","tag-gericht","tag-recht","tag-rechte"],"blocksy_meta":[],"acf":[],"author_username":"Szandi","telegram_post":"","public_post_metadata":{"breaking_news":"","important":"","csempe":"","center_tile":"","disable_thumbnail":"","target_lang":"","_featured_image_style":"","telegram_post":"","_xlat_group_id":""},"public_rank_math_data":{"title":"%title% %sep% %sitename%","description":"","focus_keyword":"Gericht","canonical_url":"","robots":"","primary_category":"1081","breadcrumb_title":"","facebook_title":"","facebook_description":"","facebook_image":"","facebook_image_id":"","twitter_title":"","twitter_description":"","twitter_image":"","twitter_image_id":"","twitter_card_type":"","twitter_use_facebook":"","advanced_robots":"","pillar_content":"","seo_score":"54","contentai_score":"","rich_snippet":""},"_links":{"self":[{"href":"https:\/\/dailynewshungary.com\/de\/wp-json\/wp\/v2\/posts\/754471","targetHints":{"allow":["GET"]}}],"collection":[{"href":"https:\/\/dailynewshungary.com\/de\/wp-json\/wp\/v2\/posts"}],"about":[{"href":"https:\/\/dailynewshungary.com\/de\/wp-json\/wp\/v2\/types\/post"}],"author":[{"embeddable":true,"href":"https:\/\/dailynewshungary.com\/de\/wp-json\/wp\/v2\/users\/7"}],"replies":[{"embeddable":true,"href":"https:\/\/dailynewshungary.com\/de\/wp-json\/wp\/v2\/comments?post=754471"}],"version-history":[{"count":0,"href":"https:\/\/dailynewshungary.com\/de\/wp-json\/wp\/v2\/posts\/754471\/revisions"}],"wp:featuredmedia":[{"embeddable":true,"href":"https:\/\/dailynewshungary.com\/de\/wp-json\/wp\/v2\/media\/754472"}],"wp:attachment":[{"href":"https:\/\/dailynewshungary.com\/de\/wp-json\/wp\/v2\/media?parent=754471"}],"wp:term":[{"taxonomy":"category","embeddable":true,"href":"https:\/\/dailynewshungary.com\/de\/wp-json\/wp\/v2\/categories?post=754471"},{"taxonomy":"post_tag","embeddable":true,"href":"https:\/\/dailynewshungary.com\/de\/wp-json\/wp\/v2\/tags?post=754471"}],"curies":[{"name":"wp","href":"https:\/\/api.w.org\/{rel}","templated":true}]}}