{"id":754487,"date":"2016-10-04T08:00:23","date_gmt":"2016-10-04T06:00:23","guid":{"rendered":"https:\/\/dailynewshungary.com\/de\/lmp-quotenreferendum-vollstandiges-scheitern\/"},"modified":"2016-10-04T08:00:23","modified_gmt":"2016-10-04T06:00:23","slug":"lmp-quotenreferendum-vollstandiges-scheitern","status":"publish","type":"post","link":"https:\/\/dailynewshungary.com\/de\/lmp-quotenreferendum-vollstandiges-scheitern\/","title":{"rendered":"LMP: Quotenreferendum \u2018vollst\u00e4ndiges Scheitern\u2019"},"content":{"rendered":"<p><strong>Budapest (MTI) \u201eDas Referendum \u00fcber die Migrantenquoten am Sonntag war ein \u201ev\u00f6lliges Scheitern\u201cund \u201esch\u00e4dlich\u201d, sagten Co-Vorsitzende der oppositionellen LMP-Partei auf einer Pressekonferenz.<\/strong><\/p>\n<p>Bernadett Sz\u00e9l sagte, Ministerpr\u00e4sident Viktor Orb\u00e1n habe sich \u201ceine Falle gestellt\u201d Das ung\u00fcltige Votum schw\u00e4che das Ansehen der Regierung, f\u00fcgte sie hinzu.<\/p>\n<p>\u00c1kos Hadh\u00e1zy bestand darauf, dass Orb\u00e1n nun international f\u00fcr seine \u201cpopulistische Provokationskampagne\u201d verachtet werde.<\/p>\n<p>Unter Bezugnahme auf Orb\u00e1ns Pl\u00e4ne, die Verfassung zu \u00e4ndern, sagte Hadh\u00e1zy, dass das Grundgesetz ein \u201cWitz\u201d sei, da es sich als \u201cso weich wie Kitt und nicht so hart wie Granit\u201d erwiesen habe.<\/p>\n<p>Das Referendum sei destruktiv, sagte Hadh\u00e1zy, weil es bei vielen \u201cpanik\u00e4hnliche Angst\u201d gesch\u00fcrt und gleichzeitig von der \u201cPl\u00fcnderung von EU-Mitteln\u201d abgelenkt habe.<\/p>\n<p>Nur 11.000 von einer halben Million Ungarn im Ausland h\u00e4tten sich vorab f\u00fcr das Referendum registriert, sagte er und f\u00fcgte hinzu, dass es schwierig sei festzustellen, wie viele W\u00e4hler mit doppelter Staatsb\u00fcrgerschaft seit ihrer Registrierung gestorben seien, und forderte \u00c4nderungen zur Beseitigung von Anomalien im Wahlsystem Um dies zu erreichen, sei eine Zusammenarbeit zwischen den Parlamentsparteien erforderlich, sagte er.<\/p>\n<p><em>Foto: MTI<\/em><\/p>\n","protected":false},"excerpt":{"rendered":"<p>Budapest (MTI) \u201eDas Referendum \u00fcber die Migrantenquoten am Sonntag war ein \u201ev\u00f6lliges Scheitern\u201cund \u201esch\u00e4dlich\u201d, sagten Co-Vorsitzende der oppositionellen LMP-Partei auf einer Pressekonferenz. Bernadett Sz\u00e9l sagte, Ministerpr\u00e4sident Viktor Orb\u00e1n habe sich \u201ceine Falle gestellt\u201d Das ung\u00fcltige Votum schw\u00e4che das Ansehen der Regierung, f\u00fcgte sie hinzu. \u00c1kos Hadh\u00e1zy bestand darauf, dass Orb\u00e1n nun international f\u00fcr seine \u201cpopulistische [&hellip;]<\/p>\n","protected":false},"author":7,"featured_media":754488,"comment_status":"open","ping_status":"open","sticky":false,"template":"","format":"standard","meta":{"_acf_changed":false,"_display_image":"","footnotes":""},"categories":[1081],"tags":[1873,3772,1128],"class_list":["post-754487","post","type-post","status-publish","format-standard","has-post-thumbnail","hentry","category-politik","tag-lmp","tag-referendum-uber-migrantenquoten","tag-viktor-orban"],"blocksy_meta":[],"acf":[],"author_username":"Szandi","telegram_post":"","public_post_metadata":{"breaking_news":"","important":"","csempe":"","center_tile":"","disable_thumbnail":"","target_lang":"","_featured_image_style":"","telegram_post":"","_xlat_group_id":""},"public_rank_math_data":{"title":"%title% %sep% %sitename%","description":"","focus_keyword":"LMP","canonical_url":"","robots":"","primary_category":"1081","breadcrumb_title":"","facebook_title":"","facebook_description":"","facebook_image":"","facebook_image_id":"","twitter_title":"","twitter_description":"","twitter_image":"","twitter_image_id":"","twitter_card_type":"","twitter_use_facebook":"","advanced_robots":"","pillar_content":"","seo_score":"56","contentai_score":"","rich_snippet":""},"_links":{"self":[{"href":"https:\/\/dailynewshungary.com\/de\/wp-json\/wp\/v2\/posts\/754487","targetHints":{"allow":["GET"]}}],"collection":[{"href":"https:\/\/dailynewshungary.com\/de\/wp-json\/wp\/v2\/posts"}],"about":[{"href":"https:\/\/dailynewshungary.com\/de\/wp-json\/wp\/v2\/types\/post"}],"author":[{"embeddable":true,"href":"https:\/\/dailynewshungary.com\/de\/wp-json\/wp\/v2\/users\/7"}],"replies":[{"embeddable":true,"href":"https:\/\/dailynewshungary.com\/de\/wp-json\/wp\/v2\/comments?post=754487"}],"version-history":[{"count":0,"href":"https:\/\/dailynewshungary.com\/de\/wp-json\/wp\/v2\/posts\/754487\/revisions"}],"wp:featuredmedia":[{"embeddable":true,"href":"https:\/\/dailynewshungary.com\/de\/wp-json\/wp\/v2\/media\/754488"}],"wp:attachment":[{"href":"https:\/\/dailynewshungary.com\/de\/wp-json\/wp\/v2\/media?parent=754487"}],"wp:term":[{"taxonomy":"category","embeddable":true,"href":"https:\/\/dailynewshungary.com\/de\/wp-json\/wp\/v2\/categories?post=754487"},{"taxonomy":"post_tag","embeddable":true,"href":"https:\/\/dailynewshungary.com\/de\/wp-json\/wp\/v2\/tags?post=754487"}],"curies":[{"name":"wp","href":"https:\/\/api.w.org\/{rel}","templated":true}]}}