{"id":754498,"date":"2016-10-03T17:00:10","date_gmt":"2016-10-03T15:00:10","guid":{"rendered":"https:\/\/dailynewshungary.com\/de\/referendum-orban-volksabstimmung-ist-nur-eine-moglichkeit-den-ungarn-die-macht-uber-die-migration-zu-ubertragen\/"},"modified":"2016-10-03T17:00:10","modified_gmt":"2016-10-03T15:00:10","slug":"referendum-orban-volksabstimmung-ist-nur-eine-moglichkeit-den-ungarn-die-macht-uber-die-migration-zu-ubertragen","status":"publish","type":"post","link":"https:\/\/dailynewshungary.com\/de\/referendum-orban-volksabstimmung-ist-nur-eine-moglichkeit-den-ungarn-die-macht-uber-die-migration-zu-ubertragen\/","title":{"rendered":"Referendum \u2013 Orb\u00e1n: Volksabstimmung ist nur eine M\u00f6glichkeit, den Ungarn die Macht \u00fcber die Migration zu \u00fcbertragen"},"content":{"rendered":"<p><strong>Budapest, 3. Oktober (MTI) \u201eAuch Ministerpr\u00e4sident Viktor Orb\u00e1n sagte den Gesetzgebern vor der Verhandlung im Parlament am Montag, dass das Referendum am Sonntag der einzige \u201eehrliche Weg\u201cwar, den Ungarn die Macht zu geben, zu entscheiden, mit wem sie im Land leben wollten.<\/strong><\/p>\n<p>Orb\u00e1n bewertete das Ergebnis des Referendums vom Sonntag und sagte, die Parlamentswahlen 2014 h\u00e4tten vor dem Ausbruch der Migrationskrise stattgefunden, sodass keine politische Partei in der Lage gewesen sei, zu diesem Thema \u201eetwas zu sagen\u201cDie Meinung des ungarischen Volkes k\u00f6nne nicht aus dem Ergebnis der Migrationskrise 2014 abgeleitet werden, weshalb ein Referendum notwendig sei, sagte er.<\/p>\n<p>Orb\u00e1n sagte, das \u201cNein\u201d &#8211; Lager habe einen historischen, erdrutschartigen Sieg \u201cf\u00fcr Ungarn\u201d errungen. 3,3 Millionen Menschen h\u00e4tten die Migrantenquoten der Europ\u00e4ischen Union abgelehnt, mehr als die 3.050.000, die sich f\u00fcr einen Beitritt Ungarns zur Europ\u00e4ischen Union entschieden hatten.<\/p>\n<p>\u201cVon nun an werden wir den Willen von 3,3 Millionen Menschen in Br\u00fcssel vertreten\u201d, sagte Orb\u00e1n den Gesetzgebern.<\/p>\n<p>Er sagte, dieses Ergebnis sei 1 Million Stimmen mehr Unterst\u00fctzung gewesen, als das B\u00fcndnis Fidesz-Christlich-Demokratische bei den Parlamentswahlen 2014 gewonnen habe \u201cSeit 1990 hat noch keine politische Partei dieses Ma\u00df an Unterst\u00fctzung erhalten\u201d, sagte erDer Wille dieser vielen Menschen kann nicht ignoriert werden, f\u00fcgte er hinzu.<\/p>\n<p>Orb\u00e1n stellte fest, dass das Ergebnis des Referendums rechtlich f\u00fcr das Parlament nicht bindend sei, die Gesetzgeber sich jedoch daf\u00fcr entscheiden k\u00f6nnten, es durchzusetzen. Er sagte, er werde vorschlagen, das ungarische Grundgesetz \u201eim Geiste der Ergebnisse des Referendums\u201czu \u00e4ndern.<\/p>\n<p>Orb\u00e1n sagte, viele Europ\u00e4er unterst\u00fctzen den Plan der Quotenregelung nicht, Ungarn habe also Raum, \u201cSchlachten in Br\u00fcssel zu gewinnen\u201d dar\u00fcber. Ganze 92 Prozent entschieden, dass Budapest in diesen Angelegenheiten mitreden sollte, und dieses Recht m\u00fcsse verteidigt werden, sagte er und argumentierte, dass die Diskontierung von ung\u00fcltigen Stimmzetteln 98 Prozent der Teilnehmer mit \u201cNein\u201d f\u00fcr verbindliche Quoten gestimmt h\u00e4tten.<\/p>\n<p>Seit 2010 sei Ungarn ein \u201cModellstaat\u201d geworden, sagte Orb\u00e1nEs habe sich an alle seine von Br\u00fcssel mandatierten finanziellen Verpflichtungen sowie an seine internationalen Verpflichtungen gehalten, und sein Grundgesetz habe Europas Gesetzeswerk \u00fcbernommen \u201cUngarn hat jedes Recht, sich in entscheidenden Fragen in der EU Geh\u00f6r zu verschaffen\u201d, sagte Orb\u00e1n und f\u00fcgte hinzu, dass er eine \u201crockige Fahrt\u201d sowie \u201cEU-Angriffe auf Ungarn\u201d und sogar m\u00f6gliche \u201cRache oder Erpressung\u201d erwarte.<\/p>\n<p><em>Foto: MTI<\/em><\/p>\n","protected":false},"excerpt":{"rendered":"<p>Budapest, 3. Oktober (MTI) \u201eAuch Ministerpr\u00e4sident Viktor Orb\u00e1n sagte den Gesetzgebern vor der Verhandlung im Parlament am Montag, dass das Referendum am Sonntag der einzige \u201eehrliche Weg\u201cwar, den Ungarn die Macht zu geben, zu entscheiden, mit wem sie im Land leben wollten. Orb\u00e1n bewertete das Ergebnis des Referendums vom Sonntag und sagte, die Parlamentswahlen 2014 [&hellip;]<\/p>\n","protected":false},"author":7,"featured_media":754499,"comment_status":"open","ping_status":"open","sticky":false,"template":"","format":"standard","meta":{"_acf_changed":false,"_display_image":"","footnotes":""},"categories":[1081],"tags":[1082,1445,3772],"class_list":["post-754498","post","type-post","status-publish","format-standard","has-post-thumbnail","hentry","category-politik","tag-europaische-union","tag-migration","tag-referendum-uber-migrantenquoten"],"blocksy_meta":[],"acf":[],"author_username":"Szandi","telegram_post":"","public_post_metadata":{"breaking_news":"","important":"","csempe":"","center_tile":"","disable_thumbnail":"","target_lang":"","_featured_image_style":"","telegram_post":"","_xlat_group_id":""},"public_rank_math_data":{"title":"%title% %sep% %sitename%","description":"","focus_keyword":"Popul\u00e4r","canonical_url":"","robots":"","primary_category":"1081","breadcrumb_title":"","facebook_title":"","facebook_description":"","facebook_image":"","facebook_image_id":"","twitter_title":"","twitter_description":"","twitter_image":"","twitter_image_id":"","twitter_card_type":"","twitter_use_facebook":"","advanced_robots":"","pillar_content":"","seo_score":"45","contentai_score":"","rich_snippet":""},"_links":{"self":[{"href":"https:\/\/dailynewshungary.com\/de\/wp-json\/wp\/v2\/posts\/754498","targetHints":{"allow":["GET"]}}],"collection":[{"href":"https:\/\/dailynewshungary.com\/de\/wp-json\/wp\/v2\/posts"}],"about":[{"href":"https:\/\/dailynewshungary.com\/de\/wp-json\/wp\/v2\/types\/post"}],"author":[{"embeddable":true,"href":"https:\/\/dailynewshungary.com\/de\/wp-json\/wp\/v2\/users\/7"}],"replies":[{"embeddable":true,"href":"https:\/\/dailynewshungary.com\/de\/wp-json\/wp\/v2\/comments?post=754498"}],"version-history":[{"count":0,"href":"https:\/\/dailynewshungary.com\/de\/wp-json\/wp\/v2\/posts\/754498\/revisions"}],"wp:featuredmedia":[{"embeddable":true,"href":"https:\/\/dailynewshungary.com\/de\/wp-json\/wp\/v2\/media\/754499"}],"wp:attachment":[{"href":"https:\/\/dailynewshungary.com\/de\/wp-json\/wp\/v2\/media?parent=754498"}],"wp:term":[{"taxonomy":"category","embeddable":true,"href":"https:\/\/dailynewshungary.com\/de\/wp-json\/wp\/v2\/categories?post=754498"},{"taxonomy":"post_tag","embeddable":true,"href":"https:\/\/dailynewshungary.com\/de\/wp-json\/wp\/v2\/tags?post=754498"}],"curies":[{"name":"wp","href":"https:\/\/api.w.org\/{rel}","templated":true}]}}