{"id":754507,"date":"2016-10-03T11:20:29","date_gmt":"2016-10-03T09:20:29","guid":{"rendered":"https:\/\/dailynewshungary.com\/de\/coco-jambo-begruste-die-10-jahrige-ahu-auf-dem-oktoberfest\/"},"modified":"2016-10-03T11:20:29","modified_gmt":"2016-10-03T09:20:29","slug":"coco-jambo-begruste-die-10-jahrige-ahu-auf-dem-oktoberfest","status":"publish","type":"post","link":"https:\/\/dailynewshungary.com\/de\/coco-jambo-begruste-die-10-jahrige-ahu-auf-dem-oktoberfest\/","title":{"rendered":"Coco Jambo begr\u00fc\u00dfte die 10-j\u00e4hrige AHU auf dem Oktoberfest"},"content":{"rendered":"<p><strong><a href=\"http:\/\/www.globoport.hu\/175815\/coco-jambo-koszontotte-a-10-eves-ahu-t-az-oktoberfesten\/\" target=\"_blank\" rel=\"noopener noreferrer\">Globoport.hu schreibt<\/a> Dass es im Paulanerzelt des Oktoberfestes nur um k\u00fchles Bier und Afrikafeeling gingAlle feierten den 10. Geburtstag der Afrikanisch-Ungarischen Union (AHU).<\/strong><\/p>\n<p>Bayerische Volkskleidung und afrikanische Trommeln \u2013 sie haben nicht viel gemeinsam, oder? hat die Afrikanisch-Ungarische Union am Samstag auf dem Budapester Oktoberfest geschafft, beides zu vereinen. <a href=\"https:\/\/dailynewshungary.com\/de\/die-afrikanisch-ungarische-union-feiert-ihren-10-geburtstag\/\" target=\"_blank\" rel=\"noopener noreferrer\">Die 10-j\u00e4hrige AHU beendete ihre Geburtstagsprogrammreihe<\/a> Mit dem Bierfest.<\/p>\n<p>Die Gewerkschaft ruhte nicht auf dem Oktoberfest, es ging ihnen darum, Afrika als Entwicklungskontinent zu propagieren, der bald ein bedeutender Wirtschaftsmotor der Welt sein wird. Nat\u00fcrlich taten sie dies auf unterhaltsame Weise: Kamerunische, senegalesische, tansanische Bands, Familienprogramme und Schlagzeuger unterhielten das Publikum des Festivals.<\/p>\n<p><img loading=\"lazy\" decoding=\"async\" class=\"aligncenter wp-image-86737\" src=\"https:\/\/dailynewshungary.com\/wp-content\/uploads\/2016\/10\/ahu-oktoberfest-300x225.jpg\" alt=\"ahu-oktoberfest\" width=\"1024\" height=\"768\" srcset=\"https:\/\/contentf5.dailynewshungary.com\/wp-content\/uploads\/2016\/10\/ahu-oktoberfest-300x225.jpg 300w, https:\/\/contentf5.dailynewshungary.com\/wp-content\/uploads\/2016\/10\/ahu-oktoberfest-768x576.jpg 768w, https:\/\/contentf5.dailynewshungary.com\/wp-content\/uploads\/2016\/10\/ahu-oktoberfest-220x165.jpg 220w, https:\/\/contentf5.dailynewshungary.com\/wp-content\/uploads\/2016\/10\/ahu-oktoberfest-610x458.jpg 610w, https:\/\/contentf5.dailynewshungary.com\/wp-content\/uploads\/2016\/10\/ahu-oktoberfest.jpg 1000w\" sizes=\"auto, (max-width: 1024px) 100vw, 1024px\"><\/p>\n<p>Aber die Hauptattraktion war zweifellos die deutsche Band, Herr Pr\u00e4sident. Der Botschafter der Republik S\u00fcdafrika in Budapest, Johann Marx, begr\u00fc\u00dfte die Organisation vor den gro\u00dfen Hits.<\/p>\n<p>S\u00e1ndor Balogh, der Pr\u00e4sident der AHU, begr\u00fc\u00dfte S\u00e4nger Abebe D\u00e1nial \u201eBebe\u201cals Botschafter des guten Willens und S\u00e4nger von Herrn Pr\u00e4sident als Ehrenmitglied der AHU. Der Pr\u00e4sident skizzierte auch die Hauptziele der folgenden 10 Jahre: \u201eNach den bisherigen F\u00f6rderprogrammen suchen wir nun nach M\u00f6glichkeiten der Zusammenarbeit, um Arbeitspl\u00e4tze, Gesundheitszentren und eine Sportschule nach Afrika zu bringen.\u201d<\/p>\n<p><img loading=\"lazy\" decoding=\"async\" class=\"aligncenter wp-image-86738\" src=\"https:\/\/dailynewshungary.com\/wp-content\/uploads\/2016\/10\/ahu-oktoberfest2-300x225.jpg\" alt=\"ahu-oktoberfest2\" width=\"1024\" height=\"768\" srcset=\"https:\/\/contentf5.dailynewshungary.com\/wp-content\/uploads\/2016\/10\/ahu-oktoberfest2-300x225.jpg 300w, https:\/\/contentf5.dailynewshungary.com\/wp-content\/uploads\/2016\/10\/ahu-oktoberfest2-768x576.jpg 768w, https:\/\/contentf5.dailynewshungary.com\/wp-content\/uploads\/2016\/10\/ahu-oktoberfest2-220x165.jpg 220w, https:\/\/contentf5.dailynewshungary.com\/wp-content\/uploads\/2016\/10\/ahu-oktoberfest2-610x458.jpg 610w, https:\/\/contentf5.dailynewshungary.com\/wp-content\/uploads\/2016\/10\/ahu-oktoberfest2.jpg 1000w\" sizes=\"auto, (max-width: 1024px) 100vw, 1024px\"><\/p>\n<p>Nachdem er S\u00e1ndor Balogh nach seinem Lieblingslied von Mr. President gefragt hatte, n\u00e4mlich <em>Coco Jambo<\/em>\u201eDas erwartete Konzert und die Geburtstagsfeier begannen schlie\u00dflich nat\u00fcrlich mit einer Geburtstagstorte.<\/p>\n<p><em>Fotos: www.globoport.hu<\/em><\/p>\n<p>Editor kopieren: bm<\/p>\n","protected":false},"excerpt":{"rendered":"<p>Globoport.hu schreibt Dass es im Paulanerzelt des Oktoberfestes nur um k\u00fchles Bier und Afrikafeeling gingAlle feierten den 10. Geburtstag der Afrikanisch-Ungarischen Union (AHU). Bayerische Volkskleidung und afrikanische Trommeln \u2013 sie haben nicht viel gemeinsam, oder? hat die Afrikanisch-Ungarische Union am Samstag auf dem Budapester Oktoberfest geschafft, beides zu vereinen. Die 10-j\u00e4hrige AHU beendete ihre Geburtstagsprogrammreihe [&hellip;]<\/p>\n","protected":false},"author":7,"featured_media":754508,"comment_status":"open","ping_status":"open","sticky":false,"template":"","format":"standard","meta":{"_acf_changed":false,"_display_image":"","footnotes":""},"categories":[1151],"tags":[1976,1437],"class_list":["post-754507","post","type-post","status-publish","format-standard","has-post-thumbnail","hentry","category-kulturen","tag-fest","tag-jubilaum"],"blocksy_meta":[],"acf":[],"author_username":"Szandi","telegram_post":"","public_post_metadata":{"breaking_news":"","important":"","csempe":"","center_tile":"","disable_thumbnail":"","target_lang":"","_featured_image_style":"","telegram_post":"","_xlat_group_id":""},"public_rank_math_data":{"title":"%title% %sep% %sitename%","description":"","focus_keyword":"AHU","canonical_url":"","robots":"","primary_category":"1151","breadcrumb_title":"","facebook_title":"","facebook_description":"","facebook_image":"","facebook_image_id":"","twitter_title":"","twitter_description":"","twitter_image":"","twitter_image_id":"","twitter_card_type":"","twitter_use_facebook":"","advanced_robots":"","pillar_content":"","seo_score":"73","contentai_score":"","rich_snippet":""},"_links":{"self":[{"href":"https:\/\/dailynewshungary.com\/de\/wp-json\/wp\/v2\/posts\/754507","targetHints":{"allow":["GET"]}}],"collection":[{"href":"https:\/\/dailynewshungary.com\/de\/wp-json\/wp\/v2\/posts"}],"about":[{"href":"https:\/\/dailynewshungary.com\/de\/wp-json\/wp\/v2\/types\/post"}],"author":[{"embeddable":true,"href":"https:\/\/dailynewshungary.com\/de\/wp-json\/wp\/v2\/users\/7"}],"replies":[{"embeddable":true,"href":"https:\/\/dailynewshungary.com\/de\/wp-json\/wp\/v2\/comments?post=754507"}],"version-history":[{"count":0,"href":"https:\/\/dailynewshungary.com\/de\/wp-json\/wp\/v2\/posts\/754507\/revisions"}],"wp:featuredmedia":[{"embeddable":true,"href":"https:\/\/dailynewshungary.com\/de\/wp-json\/wp\/v2\/media\/754508"}],"wp:attachment":[{"href":"https:\/\/dailynewshungary.com\/de\/wp-json\/wp\/v2\/media?parent=754507"}],"wp:term":[{"taxonomy":"category","embeddable":true,"href":"https:\/\/dailynewshungary.com\/de\/wp-json\/wp\/v2\/categories?post=754507"},{"taxonomy":"post_tag","embeddable":true,"href":"https:\/\/dailynewshungary.com\/de\/wp-json\/wp\/v2\/tags?post=754507"}],"curies":[{"name":"wp","href":"https:\/\/api.w.org\/{rel}","templated":true}]}}