{"id":754509,"date":"2016-10-03T10:10:11","date_gmt":"2016-10-03T08:10:11","guid":{"rendered":"https:\/\/dailynewshungary.com\/de\/referendum-analysten-opposition-tauscht-sich-selbst-indem-sie-ergebnis-mit-eigener-unterstutzung-gleichsetzt\/"},"modified":"2016-10-03T10:10:11","modified_gmt":"2016-10-03T08:10:11","slug":"referendum-analysten-opposition-tauscht-sich-selbst-indem-sie-ergebnis-mit-eigener-unterstutzung-gleichsetzt","status":"publish","type":"post","link":"https:\/\/dailynewshungary.com\/de\/referendum-analysten-opposition-tauscht-sich-selbst-indem-sie-ergebnis-mit-eigener-unterstutzung-gleichsetzt\/","title":{"rendered":"Referendum \u2013 Analysten: Opposition t\u00e4uscht sich selbst, indem sie Ergebnis mit eigener Unterst\u00fctzung gleichsetzt"},"content":{"rendered":"<p><strong>Budapest (MTI) (Die Oppositionsparteien betr\u00fcgen sich selbst, wenn sie diejenigen, die am Sonntag beim Referendum \u00fcber die Migrantenquoten nicht zur Wahl erschienen sind, als ihre eigenen Unterst\u00fctzer betrachten, sagte ein Analyst des N\u00e9z.pont-Instituts gegen\u00fcber dem \u00f6ffentlich-rechtlichen Fernsehen M1.<\/strong><\/p>\n<p>S\u00e1muel Mr\u00e1z \u00c1goston sagte, dass bei den Parlamentswahlen 2014 nun rund eine Million W\u00e4hler mehr \u201cNein\u201d als f\u00fcr die regierenden Fidesz-Christlich-Demokratischen Parteien gestimmt h\u00e4tten. Dies zeige, dass die Menschen das Referendum als nationale Sache betrachteten und nicht nach Parteipr\u00e4ferenz w\u00e4hlten, betonte er.<\/p>\n<p>Er bezeichnete die Kampagne der Opposition, in der die W\u00e4hler aufgefordert werden, das Referendum zu boykottieren, als \u201cgef\u00e4hrlich\u201d und argumentierte, es gebe nun keine Garantien daf\u00fcr, dass die Bem\u00fchungen, bei den Parlamentswahlen 2018 die Stimme zu erhalten, erfolgreich sein w\u00fcrden.<\/p>\n<p>Tamas L\u00e1nczi, Analyst der Sz\u00e1zadv\u00e9g-Stiftung, sagte voraus, dass das \u201cNein\u201d &#8211; Lager etwa 3,1 bis 3,2 Millionen Stimmen erhalten w\u00fcrde, was seiner Meinung nach dem Anteil von Fidesz am Referendum 2008 \u00e4hnelte, als die Partei auf dem H\u00f6hepunkt ihrer Popularit\u00e4t als Oppositionspartei stand Jetzt, in der Mitte ihrer zweiten Amtszeit, als eine Regierungspartei in den Umfragen normalerweise auf dem niedrigsten Tiefpunkt steht, erzielte Fidesz ein \u00e4hnliches Ergebnis, sagte er.<\/p>\n<p>L\u00e1nczi sagte, die Oppositionsparteien t\u00e4uschten sich \u201cein\u201d, indem sie \u201cvorgaben\u201d, dass diejenigen, die das Referendum ausgesessen hatten, ihre W\u00e4hler seien. Er sagte, die Opposition baue \u201ceine Mauer\u201d zwischen sich und den W\u00e4hlern, indem sie die Stimmen von mehr als 3 Millionen Menschen ignoriere.<\/p>\n<p>Attila Juh\u00e1sz vom Politischen Kapital nannte das Ergebnis des Referendums ein \u201cMisserfolg\u201d, da es angesichts der fehlenden G\u00fcltigkeit nicht gen\u00fcgen w\u00fcrde, Druck auf Br\u00fcssel auszu\u00fcben Er sagte, dass die teuerste ungarische politische Kampagne aller Zeiten nicht ausgereicht habe, um ein g\u00fcltiges Referendum hervorzubringen Dennoch w\u00fcrde Fidesz nur eine \u201cpyrrhische, momentane Niederlage\u201d erleiden.<\/p>\n<p>Er sagte, das Referendum habe sich vergeblich als ung\u00fcltig erwiesen, da der \u00fcberw\u00e4ltigende Anteil der \u201cNein\u201d &#8211; Stimmen der Regierung die M\u00f6glichkeit gebe, \u201cdas Scheitern als Sieg zu bewerten\u201d Er warnte davor, dass die Oppositionsparteien nicht stark genug zu sein schienen, um eine solche Einsch\u00e4tzung der Regierung au\u00dfer Kraft zu setzen.<\/p>\n<p>Das Scheitern werde vielmehr auf internationaler Ebene registriert, sagte Juh\u00e1szSelbst ein g\u00fcltiges Referendum h\u00e4tte die in der EU akzeptierten Entscheidungen nicht au\u00dfer Kraft gesetzt, sagte erAber ein ung\u00fcltiges Ergebnis w\u00e4re nicht gut, um politischen Druck auf Br\u00fcssel auszu\u00fcben, sagte er und f\u00fcgte jedoch hinzu, dass nichts davon bedeute, dass die Akzeptanz verbindlicher Migrantenquoten in der EU beschlossene Sache sei.<\/p>\n<p><em>Foto: MTI<\/em><\/p>\n","protected":false},"excerpt":{"rendered":"<p>Budapest (MTI) (Die Oppositionsparteien betr\u00fcgen sich selbst, wenn sie diejenigen, die am Sonntag beim Referendum \u00fcber die Migrantenquoten nicht zur Wahl erschienen sind, als ihre eigenen Unterst\u00fctzer betrachten, sagte ein Analyst des N\u00e9z.pont-Instituts gegen\u00fcber dem \u00f6ffentlich-rechtlichen Fernsehen M1. S\u00e1muel Mr\u00e1z \u00c1goston sagte, dass bei den Parlamentswahlen 2014 nun rund eine Million W\u00e4hler mehr \u201cNein\u201d als [&hellip;]<\/p>\n","protected":false},"author":7,"featured_media":754510,"comment_status":"open","ping_status":"open","sticky":false,"template":"","format":"standard","meta":{"_acf_changed":false,"_display_image":"","footnotes":""},"categories":[1081],"tags":[1082,1445,3772],"class_list":["post-754509","post","type-post","status-publish","format-standard","has-post-thumbnail","hentry","category-politik","tag-europaische-union","tag-migration","tag-referendum-uber-migrantenquoten"],"blocksy_meta":[],"acf":[],"author_username":"Szandi","telegram_post":"","public_post_metadata":{"breaking_news":"","important":"","csempe":"","center_tile":"","disable_thumbnail":"","target_lang":"","_featured_image_style":"","telegram_post":"","_xlat_group_id":""},"public_rank_math_data":{"title":"%title% %sep% %sitename%","description":"","focus_keyword":"Opposition","canonical_url":"","robots":"","primary_category":"1081","breadcrumb_title":"","facebook_title":"","facebook_description":"","facebook_image":"","facebook_image_id":"","twitter_title":"","twitter_description":"","twitter_image":"","twitter_image_id":"","twitter_card_type":"","twitter_use_facebook":"","advanced_robots":"","pillar_content":"","seo_score":"57","contentai_score":"","rich_snippet":""},"_links":{"self":[{"href":"https:\/\/dailynewshungary.com\/de\/wp-json\/wp\/v2\/posts\/754509","targetHints":{"allow":["GET"]}}],"collection":[{"href":"https:\/\/dailynewshungary.com\/de\/wp-json\/wp\/v2\/posts"}],"about":[{"href":"https:\/\/dailynewshungary.com\/de\/wp-json\/wp\/v2\/types\/post"}],"author":[{"embeddable":true,"href":"https:\/\/dailynewshungary.com\/de\/wp-json\/wp\/v2\/users\/7"}],"replies":[{"embeddable":true,"href":"https:\/\/dailynewshungary.com\/de\/wp-json\/wp\/v2\/comments?post=754509"}],"version-history":[{"count":0,"href":"https:\/\/dailynewshungary.com\/de\/wp-json\/wp\/v2\/posts\/754509\/revisions"}],"wp:featuredmedia":[{"embeddable":true,"href":"https:\/\/dailynewshungary.com\/de\/wp-json\/wp\/v2\/media\/754510"}],"wp:attachment":[{"href":"https:\/\/dailynewshungary.com\/de\/wp-json\/wp\/v2\/media?parent=754509"}],"wp:term":[{"taxonomy":"category","embeddable":true,"href":"https:\/\/dailynewshungary.com\/de\/wp-json\/wp\/v2\/categories?post=754509"},{"taxonomy":"post_tag","embeddable":true,"href":"https:\/\/dailynewshungary.com\/de\/wp-json\/wp\/v2\/tags?post=754509"}],"curies":[{"name":"wp","href":"https:\/\/api.w.org\/{rel}","templated":true}]}}