{"id":754550,"date":"2016-10-01T11:00:22","date_gmt":"2016-10-01T09:00:22","guid":{"rendered":"https:\/\/dailynewshungary.com\/de\/trocsanyi-ungarn-referendum-alarmglocke-fur-die-eu\/"},"modified":"2016-10-01T11:00:22","modified_gmt":"2016-10-01T09:00:22","slug":"trocsanyi-ungarn-referendum-alarmglocke-fur-die-eu","status":"publish","type":"post","link":"https:\/\/dailynewshungary.com\/de\/trocsanyi-ungarn-referendum-alarmglocke-fur-die-eu\/","title":{"rendered":"Tr\u00f3cs\u00e1nyi: Ungarn-Referendum \u201eAlarmglocke\u2019 f\u00fcr die EU"},"content":{"rendered":"<p><strong>Rom (MTI) \u2013 Ungarns bevorstehendes Quotenreferendum werde als \u201cAlarmglocke\u201d f\u00fcr die Europ\u00e4ische Union klingen, die unter einem \u201cMangel an Demokratie\u201d leide, sagte Justizminister Laszl\u00f3 Tr\u00f3cs\u00e1nyi in einem Interview, das am Freitag von der italienischen Tageszeitung La Repubblica online ver\u00f6ffentlicht wurde.<\/strong><\/p>\n<p>In seinem Interview sagte Tr\u00f3cs\u00e1nyi, dass Migration eine \u201cbreite, offene und demokratische\u201d Diskussion unter Einbeziehung der Menschen in der EU erfordere, \u201caber \u201czu viele Politiker sind besorgt\u201d vor solchen Debatten, zum Nutzen der Extremisten.<\/p>\n<p>Der Minister nannte es inakzeptabel, dass in Migrationsfragen \u201cexterne Beh\u00f6rden\u201d, die \u201cniemand gew\u00e4hlt\u201d sollte Entscheidungen treffen, anstatt die V\u00f6lker jedes MitgliedslandesDie EU, argumentierte er, darf die Zusammensetzung der Bev\u00f6lkerung, Kultur oder Traditionen der Mitgliedstaaten nicht ver\u00e4ndern.<\/p>\n<p>Auf eine Frage antwortete Tr\u00f3cs\u00e1nyi, Ungarn sei stolz auf seine EU-Mitgliedschaft und \u201csich seiner Vorteile bewusst\u201d, weigere sich jedoch, \u201cdie Souver\u00e4nit\u00e4t \u00fcber seine nationale Identit\u00e4t aufzugeben\u201d.<\/p>\n<p>Zum Referendum am Sonntag sagte der Minister, wenn nur 3,8 Millionen Menschen zur Wahl erscheinen und die Abstimmung durch eine geringe Wahlbeteiligung ung\u00fcltig wird \u201ewird ihre Botschaft im politischen Sinne weiterhin g\u00fcltig sein\u201c.<\/p>\n<p>Das vollst\u00e4ndige Interview kann auf Italienisch unter http:\/\/www.repubblica.it\/esteri\/2016\/09\/30\/news\/intervista_la_szlo_tro_csa_nyi-148841883\/?ref=HREC1-16 gelesen werden<\/p>\n","protected":false},"excerpt":{"rendered":"<p>Rom (MTI) \u2013 Ungarns bevorstehendes Quotenreferendum werde als \u201cAlarmglocke\u201d f\u00fcr die Europ\u00e4ische Union klingen, die unter einem \u201cMangel an Demokratie\u201d leide, sagte Justizminister Laszl\u00f3 Tr\u00f3cs\u00e1nyi in einem Interview, das am Freitag von der italienischen Tageszeitung La Repubblica online ver\u00f6ffentlicht wurde. In seinem Interview sagte Tr\u00f3cs\u00e1nyi, dass Migration eine \u201cbreite, offene und demokratische\u201d Diskussion unter Einbeziehung [&hellip;]<\/p>\n","protected":false},"author":7,"featured_media":754551,"comment_status":"open","ping_status":"open","sticky":false,"template":"","format":"standard","meta":{"_acf_changed":false,"_display_image":"","footnotes":""},"categories":[1081],"tags":[1082,1445,3772],"class_list":["post-754550","post","type-post","status-publish","format-standard","has-post-thumbnail","hentry","category-politik","tag-europaische-union","tag-migration","tag-referendum-uber-migrantenquoten"],"blocksy_meta":[],"acf":[],"author_username":"Szandi","telegram_post":"","public_post_metadata":{"breaking_news":"","important":"","csempe":"","center_tile":"","disable_thumbnail":"","target_lang":"","_featured_image_style":"","telegram_post":"","_xlat_group_id":""},"public_rank_math_data":{"title":"%title% %sep% %sitename%","description":"","focus_keyword":"Alarm","canonical_url":"","robots":"","primary_category":"1081","breadcrumb_title":"","facebook_title":"","facebook_description":"","facebook_image":"","facebook_image_id":"","twitter_title":"","twitter_description":"","twitter_image":"","twitter_image_id":"","twitter_card_type":"","twitter_use_facebook":"","advanced_robots":"","pillar_content":"","seo_score":"56","contentai_score":"","rich_snippet":""},"_links":{"self":[{"href":"https:\/\/dailynewshungary.com\/de\/wp-json\/wp\/v2\/posts\/754550","targetHints":{"allow":["GET"]}}],"collection":[{"href":"https:\/\/dailynewshungary.com\/de\/wp-json\/wp\/v2\/posts"}],"about":[{"href":"https:\/\/dailynewshungary.com\/de\/wp-json\/wp\/v2\/types\/post"}],"author":[{"embeddable":true,"href":"https:\/\/dailynewshungary.com\/de\/wp-json\/wp\/v2\/users\/7"}],"replies":[{"embeddable":true,"href":"https:\/\/dailynewshungary.com\/de\/wp-json\/wp\/v2\/comments?post=754550"}],"version-history":[{"count":0,"href":"https:\/\/dailynewshungary.com\/de\/wp-json\/wp\/v2\/posts\/754550\/revisions"}],"wp:featuredmedia":[{"embeddable":true,"href":"https:\/\/dailynewshungary.com\/de\/wp-json\/wp\/v2\/media\/754551"}],"wp:attachment":[{"href":"https:\/\/dailynewshungary.com\/de\/wp-json\/wp\/v2\/media?parent=754550"}],"wp:term":[{"taxonomy":"category","embeddable":true,"href":"https:\/\/dailynewshungary.com\/de\/wp-json\/wp\/v2\/categories?post=754550"},{"taxonomy":"post_tag","embeddable":true,"href":"https:\/\/dailynewshungary.com\/de\/wp-json\/wp\/v2\/tags?post=754550"}],"curies":[{"name":"wp","href":"https:\/\/api.w.org\/{rel}","templated":true}]}}