{"id":754558,"date":"2016-09-30T21:00:29","date_gmt":"2016-09-30T19:00:29","guid":{"rendered":"https:\/\/dailynewshungary.com\/de\/tarlos-budapest-lehnt-jegliche-verantwortung-fur-die-verzogerung-der-metro-3-ab\/"},"modified":"2016-09-30T21:00:29","modified_gmt":"2016-09-30T19:00:29","slug":"tarlos-budapest-lehnt-jegliche-verantwortung-fur-die-verzogerung-der-metro-3-ab","status":"publish","type":"post","link":"https:\/\/dailynewshungary.com\/de\/tarlos-budapest-lehnt-jegliche-verantwortung-fur-die-verzogerung-der-metro-3-ab\/","title":{"rendered":"Tarl\u00f3s: Budapest lehnt jegliche Verantwortung f\u00fcr die Verz\u00f6gerung der Metro 3 ab"},"content":{"rendered":"<p><strong>Budapest, 30. September (MTI) \u201eDer Budapester Gemeinderat wird keine Verantwortung mehr f\u00fcr die Verz\u00f6gerung beim Ausbau der dritten U-Bahn-Linie \u00fcbernehmen, sagte der Budapester B\u00fcrgermeister Istv\u00e1n Tarl\u00f3s am Freitag.<\/strong><\/p>\n<p>Tarl\u00f3s sagte auf einer Pressekonferenz, er werde sich wegen der \u201cKommunikationsprobleme\u201d und \u00c4u\u00dferungen des Regierungsamtschefs J\u00e1nos L\u00e1z\u00e1r vom Donnerstag an Premierminister Viktor Orb\u00e1n wenden, von denen er sagte, \u201cnichts sei wahr\u201d.<\/p>\n<p>L\u00e1z\u00e1r teilte am Donnerstag mit, dass der Ausschuss f\u00fcr \u00f6ffentliche Beschaffungen eine Ausschreibung zur Beschaffung zus\u00e4tzlicher Busse, die w\u00e4hrend des Ausbaus der U-Bahn-Linien in Betrieb sein w\u00fcrden, gestoppt habe, da die Ausschreibung des Budapester Rates \u201eden Wettbewerb verzerre, indem potenzielle Bieter \u00fcberm\u00e4\u00dfig eingeschr\u00e4nkt werden\u201c\u201d. L\u00e1z\u00e1r sagte, es m\u00fcsse eine neue, korrigierte Ausschreibung f\u00fcr die \u00f6ffentliche Auftragsvergabe vorbereitet werden. Er f\u00fcgte au\u00dferdem hinzu, dass das Sanierungsprojekt \u201erealistisch\u201d nicht vor dem n\u00e4chsten Sommer beginnen k\u00f6nne.<\/p>\n<p>In seiner Antwort sagte Tarl\u00f3s, dass die Stadt alle Ausschreibungen ver\u00f6ffentlicht habe, aber nicht die notwendigen Finanzmittel aus dem Zentralhaushalt erhalten habe. Er wies darauf hin, dass die Regierung sich verpflichtet habe, die Mittel sicherzustellen, f\u00fcgte jedoch hinzu, dass \u201edas Geld noch nicht in unserer Kasse ist.\u201c\u201d.<\/p>\n<p>Die oppositionellen Sozialisten kritisierten Tarl\u00f3s f\u00fcr seine \u201cUnf\u00e4higkeit, Fortschritte zu erzielen\u201d bez\u00fcglich des M3-Projekts. Das sozialistische Ratsmitglied Csaba Horv\u00e1th sagte, \u201cniemand denke\u201d, dass das Projekt wie urspr\u00fcnglich geplant bis 2019 abgeschlossen sein w\u00fcrde, da die Arbeiten noch nicht einmal begonnen h\u00e4tten. Er schlug au\u00dferdem vor, dass die f\u00fcr das Vorhaben veranschlagten 140 Milliarden Forint (452 Mio. EUR) nicht \u201cirgendwo in der N\u00e4he\u201d der tats\u00e4chlichen Kosten liegen w\u00fcrden.<\/p>\n<p><em>Foto: MTI<\/em><\/p>\n","protected":false},"excerpt":{"rendered":"<p>Budapest, 30. September (MTI) \u201eDer Budapester Gemeinderat wird keine Verantwortung mehr f\u00fcr die Verz\u00f6gerung beim Ausbau der dritten U-Bahn-Linie \u00fcbernehmen, sagte der Budapester B\u00fcrgermeister Istv\u00e1n Tarl\u00f3s am Freitag. Tarl\u00f3s sagte auf einer Pressekonferenz, er werde sich wegen der \u201cKommunikationsprobleme\u201d und \u00c4u\u00dferungen des Regierungsamtschefs J\u00e1nos L\u00e1z\u00e1r vom Donnerstag an Premierminister Viktor Orb\u00e1n wenden, von denen er [&hellip;]<\/p>\n","protected":false},"author":7,"featured_media":754559,"comment_status":"open","ping_status":"open","sticky":false,"template":"","format":"standard","meta":{"_acf_changed":false,"_display_image":"","footnotes":""},"categories":[1098],"tags":[1297,4093],"class_list":["post-754558","post","type-post","status-publish","format-standard","has-post-thumbnail","hentry","category-gesellschaft","tag-transport","tag-u-bahn-linie-3-aufrustung-2"],"blocksy_meta":[],"acf":[],"author_username":"Szandi","telegram_post":"","public_post_metadata":{"breaking_news":"","important":"","csempe":"","center_tile":"","disable_thumbnail":"","target_lang":"","_featured_image_style":"","telegram_post":"","_xlat_group_id":""},"public_rank_math_data":{"title":"%title% %sep% %sitename%","description":"","focus_keyword":"Metro","canonical_url":"","robots":"","primary_category":"1098","breadcrumb_title":"","facebook_title":"","facebook_description":"","facebook_image":"","facebook_image_id":"","twitter_title":"","twitter_description":"","twitter_image":"","twitter_image_id":"","twitter_card_type":"","twitter_use_facebook":"","advanced_robots":"","pillar_content":"","seo_score":"52","contentai_score":"","rich_snippet":""},"_links":{"self":[{"href":"https:\/\/dailynewshungary.com\/de\/wp-json\/wp\/v2\/posts\/754558","targetHints":{"allow":["GET"]}}],"collection":[{"href":"https:\/\/dailynewshungary.com\/de\/wp-json\/wp\/v2\/posts"}],"about":[{"href":"https:\/\/dailynewshungary.com\/de\/wp-json\/wp\/v2\/types\/post"}],"author":[{"embeddable":true,"href":"https:\/\/dailynewshungary.com\/de\/wp-json\/wp\/v2\/users\/7"}],"replies":[{"embeddable":true,"href":"https:\/\/dailynewshungary.com\/de\/wp-json\/wp\/v2\/comments?post=754558"}],"version-history":[{"count":0,"href":"https:\/\/dailynewshungary.com\/de\/wp-json\/wp\/v2\/posts\/754558\/revisions"}],"wp:featuredmedia":[{"embeddable":true,"href":"https:\/\/dailynewshungary.com\/de\/wp-json\/wp\/v2\/media\/754559"}],"wp:attachment":[{"href":"https:\/\/dailynewshungary.com\/de\/wp-json\/wp\/v2\/media?parent=754558"}],"wp:term":[{"taxonomy":"category","embeddable":true,"href":"https:\/\/dailynewshungary.com\/de\/wp-json\/wp\/v2\/categories?post=754558"},{"taxonomy":"post_tag","embeddable":true,"href":"https:\/\/dailynewshungary.com\/de\/wp-json\/wp\/v2\/tags?post=754558"}],"curies":[{"name":"wp","href":"https:\/\/api.w.org\/{rel}","templated":true}]}}