{"id":754568,"date":"2016-09-30T15:50:51","date_gmt":"2016-09-30T13:50:51","guid":{"rendered":"https:\/\/dailynewshungary.com\/de\/die-zuweisung-fur-das-jugendgarantiesystem-erhoht-sich-auf-515-mrd-eur\/"},"modified":"2016-09-30T15:50:51","modified_gmt":"2016-09-30T13:50:51","slug":"die-zuweisung-fur-das-jugendgarantiesystem-erhoht-sich-auf-515-mrd-eur","status":"publish","type":"post","link":"https:\/\/dailynewshungary.com\/de\/die-zuweisung-fur-das-jugendgarantiesystem-erhoht-sich-auf-515-mrd-eur\/","title":{"rendered":"Die Zuweisung f\u00fcr das Jugendgarantiesystem erh\u00f6ht sich auf 515 Mrd. EUR"},"content":{"rendered":"<p><strong>Budapest, 30. September (MTI) \u201eDie Finanzierung des Jugendgarantieprogramms im Rahmen des operativen Programms f\u00fcr wirtschaftliche Entwicklung und Innovation (GINOP) wurde von zuvor 36 Milliarden Forint (117 Mio. EUR) auf 160 Milliarden Forint erh\u00f6ht, sagte der Staatssekret\u00e4r des Wirtschaftsministeriums f\u00fcr die Verwendung von EU-Mitteln am Freitag.<\/strong><\/p>\n<p>Das Jugendprogramm wurde im Oktober 2014 in Ungarn ins Leben gerufen und geh\u00f6rte zu den ersten Programmen, die aus EU-Mitteln f\u00fcr den Zeitraum 2014-2020 gestartet wurden, sagte Bal\u00e1zs R\u00e1kossy.<\/p>\n<p>Etwa 15 Milliarden Forint, die als zus\u00e4tzliche Mittel im Rahmen der Jugendbesch\u00e4ftigungsinitiative in vier Regionen, darunter Nordungarn, Ostungarn, S\u00fcdostungarn und S\u00fcdwestungarn, zur Verf\u00fcgung stehen, werden von der ungarischen Regierung ebenfalls in diesem Programm verwendet, f\u00fcgte er hinzu.<\/p>\n<p>Neben der individuellen Beratung bietet das Programm gef\u00f6rderte Bildungsm\u00f6glichkeiten sowie Hilfe bei der Unternehmensgr\u00fcndung und dem Erwerb marktf\u00e4higer beruflicher Kompetenzen.<\/p>\n<p>Die EU hat 2013 das Jugendgarantieprogramm eingerichtet, um junge Menschen beim Eintritt in den Arbeitsmarkt zu unterst\u00fctzen.<\/p>\n<p>R\u00e1kossy sagte, dass im Rahmen des Programms in der ersten H\u00e4lfte dieses Jahres ein Ausbildungsprogramm gestartet wurde, das KMU bei der Besch\u00e4ftigung von Berufseinsteigern mit beruflichen F\u00e4higkeiten unter 25 Jahren unterst\u00fctzt.<\/p>\n","protected":false},"excerpt":{"rendered":"<p>Budapest, 30. September (MTI) \u201eDie Finanzierung des Jugendgarantieprogramms im Rahmen des operativen Programms f\u00fcr wirtschaftliche Entwicklung und Innovation (GINOP) wurde von zuvor 36 Milliarden Forint (117 Mio. EUR) auf 160 Milliarden Forint erh\u00f6ht, sagte der Staatssekret\u00e4r des Wirtschaftsministeriums f\u00fcr die Verwendung von EU-Mitteln am Freitag. Das Jugendprogramm wurde im Oktober 2014 in Ungarn ins Leben [&hellip;]<\/p>\n","protected":false},"author":7,"featured_media":754569,"comment_status":"open","ping_status":"open","sticky":false,"template":"","format":"standard","meta":{"_acf_changed":false,"_display_image":"","footnotes":""},"categories":[1281],"tags":[1082,1118,1703],"class_list":["post-754568","post","type-post","status-publish","format-standard","has-post-thumbnail","hentry","category-geschaft","tag-europaische-union","tag-geld","tag-jugend"],"blocksy_meta":[],"acf":[],"author_username":"Szandi","telegram_post":"","public_post_metadata":{"breaking_news":"","important":"","csempe":"","center_tile":"","disable_thumbnail":"","target_lang":"","_featured_image_style":"","telegram_post":"","_xlat_group_id":""},"public_rank_math_data":{"title":"%title% %sep% %sitename%","description":"","focus_keyword":"Jugend","canonical_url":"","robots":"","primary_category":"1281","breadcrumb_title":"","facebook_title":"","facebook_description":"","facebook_image":"","facebook_image_id":"","twitter_title":"","twitter_description":"","twitter_image":"","twitter_image_id":"","twitter_card_type":"","twitter_use_facebook":"","advanced_robots":"","pillar_content":"","seo_score":"62","contentai_score":"","rich_snippet":""},"_links":{"self":[{"href":"https:\/\/dailynewshungary.com\/de\/wp-json\/wp\/v2\/posts\/754568","targetHints":{"allow":["GET"]}}],"collection":[{"href":"https:\/\/dailynewshungary.com\/de\/wp-json\/wp\/v2\/posts"}],"about":[{"href":"https:\/\/dailynewshungary.com\/de\/wp-json\/wp\/v2\/types\/post"}],"author":[{"embeddable":true,"href":"https:\/\/dailynewshungary.com\/de\/wp-json\/wp\/v2\/users\/7"}],"replies":[{"embeddable":true,"href":"https:\/\/dailynewshungary.com\/de\/wp-json\/wp\/v2\/comments?post=754568"}],"version-history":[{"count":0,"href":"https:\/\/dailynewshungary.com\/de\/wp-json\/wp\/v2\/posts\/754568\/revisions"}],"wp:featuredmedia":[{"embeddable":true,"href":"https:\/\/dailynewshungary.com\/de\/wp-json\/wp\/v2\/media\/754569"}],"wp:attachment":[{"href":"https:\/\/dailynewshungary.com\/de\/wp-json\/wp\/v2\/media?parent=754568"}],"wp:term":[{"taxonomy":"category","embeddable":true,"href":"https:\/\/dailynewshungary.com\/de\/wp-json\/wp\/v2\/categories?post=754568"},{"taxonomy":"post_tag","embeddable":true,"href":"https:\/\/dailynewshungary.com\/de\/wp-json\/wp\/v2\/tags?post=754568"}],"curies":[{"name":"wp","href":"https:\/\/api.w.org\/{rel}","templated":true}]}}