{"id":754588,"date":"2016-09-29T21:00:00","date_gmt":"2016-09-29T19:00:00","guid":{"rendered":"https:\/\/dailynewshungary.com\/de\/lazar-brussel-will-die-illegale-migration-legalisieren\/"},"modified":"2016-09-29T21:00:00","modified_gmt":"2016-09-29T19:00:00","slug":"lazar-brussel-will-die-illegale-migration-legalisieren","status":"publish","type":"post","link":"https:\/\/dailynewshungary.com\/de\/lazar-brussel-will-die-illegale-migration-legalisieren\/","title":{"rendered":"L\u00e1z\u00e1r: Br\u00fcssel will \u201edie illegale Migration legalisieren\u2019"},"content":{"rendered":"<p><strong>Budapest, 29. September (MTI) \u201eHinweis auf die \u201eLegalisierung illegaler Migration\u201cbeabsichtigt die Europ\u00e4ische Kommission, sagte der Leiter des Regierungsb\u00fcros am Donnerstag.<\/strong><\/p>\n<p>Anders als Br\u00fcssel wolle die ungarische Regierung die illegale Migration stoppen, sagte Dsch\u00e1nos L\u00e1z\u00e1r in seiner w\u00f6chentlichen PressekonferenzMitteleurop\u00e4ische L\u00e4nder teilen die Ansicht, dass Migration nicht n\u00f6tig sei und dass es \u201cunvorstellbar\u201d sei, dass sie die Ansiedlung von Migranten in ihren L\u00e4ndern zulassen w\u00fcrden, f\u00fcgte L\u00e1z\u00e1r hinzu.<\/p>\n<p>Er sagte, die ungarischen W\u00e4hler seien nicht antieurop\u00e4isch, sondern h\u00e4tten \u201cein Problem mit Br\u00fcssel\u201d Es sei schwer f\u00fcr die Ungarn zu akzeptieren, dass die Kommission Ungarn das Recht nehmen wolle, zu bestimmen, wer im Land leben darf oder nicht, Das ist ein Recht, das Ungarn nicht aufgeben k\u00f6nne, sagte L\u00e1z\u00e1r und argumentierte, dass es eine Frage der nationalen Souver\u00e4nit\u00e4t sei.<\/p>\n<p>Er bekr\u00e4ftigte die Position der Regierung, dass das Referendum \u00fcber die Migrantenquote vom 2. Oktober ein nationales Thema sei, das \u00fcber der Parteipolitik steheL\u00e1z\u00e1r forderte alle ungarischen B\u00fcrger auf, sich an der Abstimmung am Sonntag zu beteiligenEr bestand darauf, dass ein Referendum das st\u00e4rkste unter den demokratischen Institutionen sei, und bot den W\u00e4hlern die M\u00f6glichkeit, ihre Meinung zu \u00e4u\u00dfern, diesmal zu einer Angelegenheit \u201e\u00fcber ihr eigenes Leben\u201c.<\/p>\n<p>Europ\u00e4ische Pl\u00e4ne zur \u201cautomatischen Verteilung von Migranten\u201d seien gegen die Interessen der Ungarn, sagte L\u00e1z\u00e1r.<\/p>\n<p>Eine hohe Wahlbeteiligung beim Referendum am 2. Oktober sei wichtig, sagte er \u201cEs ist wichtig, dass die Menschen einer grundlegenden Sache auf der Seite stehen und kooperieren\u201d, sagte L\u00e1z\u00e1r. Das Fehlen einer solchen Zusammenarbeit w\u00fcrde \u201eUngarn in den K\u00e4mpfen in Br\u00fcssel schw\u00e4chen\u201cf\u00fcgte er hinzu.<\/p>\n<p>Zu Berichten, wonach sich die T\u00e4ter der Terroranschl\u00e4ge von Paris und Br\u00fcssel 2015 unentdeckt in Ungarn aufgehalten h\u00e4tten, sagte L\u00e1z\u00e1r, es sei unm\u00f6glich gewesen, mehrere Hunderttausend Menschen, die das Land durchquerten und sich geweigert h\u00e4tten, mit den Beh\u00f6rden zusammenzuarbeiten, zu kontrollieren. Die Abdichtung der Grenzen Ungarns sei eine \u201eausreichende Garantie f\u00fcr die vollst\u00e4ndige \u00dcberpr\u00fcfung\u201cvon Migranten und habe das Risiko der Einreise mit falschen Dokumenten auf ein Minimum reduziert, sagte er.<\/p>\n<p>Unter Bezugnahme auf Pl\u00e4ne, nach denen etwa 148.000 zuvor in Ungarn registrierte Migranten von \u00d6sterreich, Deutschland und skandinavischen Staaten in das Land zur\u00fcckgeschickt w\u00fcrden, bekr\u00e4ftigte L\u00e1z\u00e1r den Standpunkt der Regierung, dass Ungarn sich weigern w\u00fcrde, sie aufzunehmen. Diese Menschen seien in Griechenland in die EU eingereist, sagte L\u00e1z\u00e1r Er kritisierte auch die skandinavischen L\u00e4nder als \u201edie reichsten\u201cder EU\u201d, die planen, Migranten in das \u201eviel \u00e4rmere\u201d Ungarn zu schicken.<\/p>\n<p>Auf eine Frage zur Solidarit\u00e4t Ungarns mit dem Rest der EU antwortete L\u00e1z\u00e1r, \u201cunsere Solidarit\u00e4t liegt im Bau des Zauns und der Gew\u00e4hrleistung der t\u00e4glichen Kontrolle\u201d Er f\u00fcgte hinzu, es w\u00e4re \u201cunrealistisch\u201d, Ungarn zu erwarten, \u201cmaterielle Beitr\u00e4ge nach westlichen Ma\u00dfst\u00e4ben zu leisten\u201d.<\/p>\n<p><em>Foto: MTI<\/em><\/p>\n","protected":false},"excerpt":{"rendered":"<p>Budapest, 29. September (MTI) \u201eHinweis auf die \u201eLegalisierung illegaler Migration\u201cbeabsichtigt die Europ\u00e4ische Kommission, sagte der Leiter des Regierungsb\u00fcros am Donnerstag. Anders als Br\u00fcssel wolle die ungarische Regierung die illegale Migration stoppen, sagte Dsch\u00e1nos L\u00e1z\u00e1r in seiner w\u00f6chentlichen PressekonferenzMitteleurop\u00e4ische L\u00e4nder teilen die Ansicht, dass Migration nicht n\u00f6tig sei und dass es \u201cunvorstellbar\u201d sei, dass sie die [&hellip;]<\/p>\n","protected":false},"author":7,"featured_media":754589,"comment_status":"open","ping_status":"open","sticky":false,"template":"","format":"standard","meta":{"_acf_changed":false,"_display_image":"","footnotes":""},"categories":[1081],"tags":[1082,1445,3772],"class_list":["post-754588","post","type-post","status-publish","format-standard","has-post-thumbnail","hentry","category-politik","tag-europaische-union","tag-migration","tag-referendum-uber-migrantenquoten"],"blocksy_meta":[],"acf":[],"author_username":"Szandi","telegram_post":"","public_post_metadata":{"breaking_news":"","important":"","csempe":"","center_tile":"","disable_thumbnail":"","target_lang":"","_featured_image_style":"","telegram_post":"","_xlat_group_id":""},"public_rank_math_data":{"title":"%title% %sep% %sitename%","description":"","focus_keyword":"Illegal","canonical_url":"","robots":"","primary_category":"1081","breadcrumb_title":"","facebook_title":"","facebook_description":"","facebook_image":"","facebook_image_id":"","twitter_title":"","twitter_description":"","twitter_image":"","twitter_image_id":"","twitter_card_type":"","twitter_use_facebook":"","advanced_robots":"","pillar_content":"","seo_score":"52","contentai_score":"","rich_snippet":""},"_links":{"self":[{"href":"https:\/\/dailynewshungary.com\/de\/wp-json\/wp\/v2\/posts\/754588","targetHints":{"allow":["GET"]}}],"collection":[{"href":"https:\/\/dailynewshungary.com\/de\/wp-json\/wp\/v2\/posts"}],"about":[{"href":"https:\/\/dailynewshungary.com\/de\/wp-json\/wp\/v2\/types\/post"}],"author":[{"embeddable":true,"href":"https:\/\/dailynewshungary.com\/de\/wp-json\/wp\/v2\/users\/7"}],"replies":[{"embeddable":true,"href":"https:\/\/dailynewshungary.com\/de\/wp-json\/wp\/v2\/comments?post=754588"}],"version-history":[{"count":0,"href":"https:\/\/dailynewshungary.com\/de\/wp-json\/wp\/v2\/posts\/754588\/revisions"}],"wp:featuredmedia":[{"embeddable":true,"href":"https:\/\/dailynewshungary.com\/de\/wp-json\/wp\/v2\/media\/754589"}],"wp:attachment":[{"href":"https:\/\/dailynewshungary.com\/de\/wp-json\/wp\/v2\/media?parent=754588"}],"wp:term":[{"taxonomy":"category","embeddable":true,"href":"https:\/\/dailynewshungary.com\/de\/wp-json\/wp\/v2\/categories?post=754588"},{"taxonomy":"post_tag","embeddable":true,"href":"https:\/\/dailynewshungary.com\/de\/wp-json\/wp\/v2\/tags?post=754588"}],"curies":[{"name":"wp","href":"https:\/\/api.w.org\/{rel}","templated":true}]}}