{"id":754607,"date":"2016-09-29T10:10:42","date_gmt":"2016-09-29T08:10:42","guid":{"rendered":"https:\/\/dailynewshungary.com\/de\/die-afrikanisch-ungarische-union-ist-10-jahre-alt-video\/"},"modified":"2016-09-29T10:10:42","modified_gmt":"2016-09-29T08:10:42","slug":"die-afrikanisch-ungarische-union-ist-10-jahre-alt-video","status":"publish","type":"post","link":"https:\/\/dailynewshungary.com\/de\/die-afrikanisch-ungarische-union-ist-10-jahre-alt-video\/","title":{"rendered":"Die Afrikanisch-Ungarische Union ist 10 Jahre alt \u2013 VIDEO"},"content":{"rendered":"<p><strong>S\u00e1ndor Balogh, ein f\u00fcr Afrika engagierter Gesch\u00e4ftsmann, und zehn weitere Privatpersonen haben vor genau zehn Jahren die Afrikanisch-Ungarische Union gegr\u00fcndet, dank ihres beharrlichen B\u00fcndnisses gelang es ihnen, in mehreren Feldern Erfolge zu erzielen, die den Platz der Union sicherten und auch eine starke Legitimation mit ihrem Geburtstagsvideo feiern!<\/strong><\/p>\n<p><iframe loading=\"lazy\" src=\"https:\/\/www.youtube.com\/embed\/WxVGrIsliE4\" width=\"560\" height=\"315\" frameborder=\"0\" allowfullscreen=\"allowfullscreen\"><\/iframe><\/p>\n<p><em>Foto: www.ahu.hu<\/em><\/p>\n<p>Editor kopieren: bm<\/p>\n","protected":false},"excerpt":{"rendered":"<p>S\u00e1ndor Balogh, ein f\u00fcr Afrika engagierter Gesch\u00e4ftsmann, und zehn weitere Privatpersonen haben vor genau zehn Jahren die Afrikanisch-Ungarische Union gegr\u00fcndet, dank ihres beharrlichen B\u00fcndnisses gelang es ihnen, in mehreren Feldern Erfolge zu erzielen, die den Platz der Union sicherten und auch eine starke Legitimation mit ihrem Geburtstagsvideo feiern! Foto: www.ahu.hu Editor kopieren: bm<\/p>\n","protected":false},"author":7,"featured_media":0,"comment_status":"open","ping_status":"open","sticky":false,"template":"","format":"standard","meta":{"_acf_changed":false,"_display_image":"","footnotes":""},"categories":[1281],"tags":[1066],"class_list":["post-754607","post","type-post","status-publish","format-standard","hentry","category-geschaft","tag-hungary"],"blocksy_meta":[],"acf":[],"author_username":"Szandi","telegram_post":"","public_post_metadata":{"breaking_news":"","important":"","csempe":"","center_tile":"","disable_thumbnail":"","target_lang":"","_featured_image_style":"","telegram_post":"","_xlat_group_id":""},"public_rank_math_data":{"title":"%title% %sep% %sitename%","description":"","focus_keyword":"Afrika","canonical_url":"","robots":"","primary_category":"1281","breadcrumb_title":"","facebook_title":"","facebook_description":"","facebook_image":"","facebook_image_id":"","twitter_title":"","twitter_description":"","twitter_image":"","twitter_image_id":"","twitter_card_type":"","twitter_use_facebook":"","advanced_robots":"","pillar_content":"","seo_score":"58","contentai_score":"","rich_snippet":""},"_links":{"self":[{"href":"https:\/\/dailynewshungary.com\/de\/wp-json\/wp\/v2\/posts\/754607","targetHints":{"allow":["GET"]}}],"collection":[{"href":"https:\/\/dailynewshungary.com\/de\/wp-json\/wp\/v2\/posts"}],"about":[{"href":"https:\/\/dailynewshungary.com\/de\/wp-json\/wp\/v2\/types\/post"}],"author":[{"embeddable":true,"href":"https:\/\/dailynewshungary.com\/de\/wp-json\/wp\/v2\/users\/7"}],"replies":[{"embeddable":true,"href":"https:\/\/dailynewshungary.com\/de\/wp-json\/wp\/v2\/comments?post=754607"}],"version-history":[{"count":0,"href":"https:\/\/dailynewshungary.com\/de\/wp-json\/wp\/v2\/posts\/754607\/revisions"}],"wp:attachment":[{"href":"https:\/\/dailynewshungary.com\/de\/wp-json\/wp\/v2\/media?parent=754607"}],"wp:term":[{"taxonomy":"category","embeddable":true,"href":"https:\/\/dailynewshungary.com\/de\/wp-json\/wp\/v2\/categories?post=754607"},{"taxonomy":"post_tag","embeddable":true,"href":"https:\/\/dailynewshungary.com\/de\/wp-json\/wp\/v2\/tags?post=754607"}],"curies":[{"name":"wp","href":"https:\/\/api.w.org\/{rel}","templated":true}]}}