{"id":754618,"date":"2016-09-28T20:00:42","date_gmt":"2016-09-28T18:00:42","guid":{"rendered":"https:\/\/dailynewshungary.com\/de\/lmp-ungarisches-ackerland-sollte-von-den-regeln-des-freien-kapitalverkehrs-ausgenommen-werden\/"},"modified":"2016-09-28T20:00:42","modified_gmt":"2016-09-28T18:00:42","slug":"lmp-ungarisches-ackerland-sollte-von-den-regeln-des-freien-kapitalverkehrs-ausgenommen-werden","status":"publish","type":"post","link":"https:\/\/dailynewshungary.com\/de\/lmp-ungarisches-ackerland-sollte-von-den-regeln-des-freien-kapitalverkehrs-ausgenommen-werden\/","title":{"rendered":"LMP: Ungarisches Ackerland sollte von den Regeln des freien Kapitalverkehrs ausgenommen werden"},"content":{"rendered":"<p><strong>Br\u00fcssel, 28. September (MTI) \u201eUngarisches Ackerland sollte im inl\u00e4ndischen Besitz bleiben und von den Regeln des freien Kapitalverkehrs ausgenommen werden, sagten LMP-F\u00fchrer am Mittwoch.<\/strong><\/p>\n<p>Die LMP-Co-Vorsitzenden Bernadett Sz\u00e9l und \u00c1kos Hadh\u00e1zy waren in Br\u00fcssel, um die F\u00fchrer europ\u00e4ischer gr\u00fcner Parteien zu treffen. Ungarisches Eigentum an Ackerland sollte in der Verfassung des Landes verankert werden und nicht in einem Kardinalgesetz, sagte Sz\u00e9l.<\/p>\n<p>Die LMP-F\u00fchrer sagten au\u00dferdem, dass die Aktivit\u00e4ten der Europ\u00e4ischen Kommission unter ein helleres Rampenlicht geraten sollten und freier Zugang zu den Protokollen der Kommissionssitzungen sei.<\/p>\n<p>In der Zwischenzeit diskutierten sie mit Tibor Navracsics, dem Kommissar f\u00fcr Bildung und Jugendangelegenheiten, \u00fcber die Verwendung der f\u00fcr die ungarische Bildung bereitgestellten EU-Mittel. Die gro\u00dfz\u00fcgigen Mittel seien verschwunden, sagte Hadh\u00e1zy, was die Situation verschlimmerte, die auf jeden Fall durch \u201eein schlechtes Lehrplan- und Verwaltungssystem\u201cbehindert wird\u201d.<\/p>\n<p>Sie diskutierten auch mit den Fidesz-Abgeordneten J\u00f3zsef Sz\u00e1jer und Ildiko G\u00e1ll Pelcz \u00fcber die Aussichten f\u00fcr den Freihandelsvertrag zwischen der EU und Kanada (CETA) und forderten sie auf, sich bei der Europ\u00e4ischen Volkspartei f\u00fcr ihre Unterst\u00fctzung f\u00fcr die Aufhebung des Abkommens einzusetzen.<\/p>\n<p>Die europ\u00e4ischen Gr\u00fcnen-F\u00fchrer werden \u00fcber den Brexit diskutieren, sagte Sz\u00e9l und f\u00fcgte hinzu, dass LMP das Recht der Ungarn f\u00f6rdern werde, weiterhin im Vereinigten K\u00f6nigreich zu arbeiten.<\/p>\n","protected":false},"excerpt":{"rendered":"<p>Br\u00fcssel, 28. September (MTI) \u201eUngarisches Ackerland sollte im inl\u00e4ndischen Besitz bleiben und von den Regeln des freien Kapitalverkehrs ausgenommen werden, sagten LMP-F\u00fchrer am Mittwoch. Die LMP-Co-Vorsitzenden Bernadett Sz\u00e9l und \u00c1kos Hadh\u00e1zy waren in Br\u00fcssel, um die F\u00fchrer europ\u00e4ischer gr\u00fcner Parteien zu treffen. Ungarisches Eigentum an Ackerland sollte in der Verfassung des Landes verankert werden und [&hellip;]<\/p>\n","protected":false},"author":7,"featured_media":754619,"comment_status":"open","ping_status":"open","sticky":false,"template":"","format":"standard","meta":{"_acf_changed":false,"_display_image":"","footnotes":""},"categories":[1081],"tags":[4094,1082,1873],"class_list":["post-754618","post","type-post","status-publish","format-standard","has-post-thumbnail","hentry","category-politik","tag-agrarlandverkaufe","tag-europaische-union","tag-lmp"],"blocksy_meta":[],"acf":[],"author_username":"Szandi","telegram_post":"","public_post_metadata":{"breaking_news":"","important":"","csempe":"","center_tile":"","disable_thumbnail":"","target_lang":"","_featured_image_style":"","telegram_post":"","_xlat_group_id":""},"public_rank_math_data":{"title":"%title% %sep% %sitename%","description":"","focus_keyword":"Ackerland","canonical_url":"","robots":"","primary_category":"1081","breadcrumb_title":"","facebook_title":"","facebook_description":"","facebook_image":"","facebook_image_id":"","twitter_title":"","twitter_description":"","twitter_image":"","twitter_image_id":"","twitter_card_type":"","twitter_use_facebook":"","advanced_robots":"","pillar_content":"","seo_score":"58","contentai_score":"","rich_snippet":""},"_links":{"self":[{"href":"https:\/\/dailynewshungary.com\/de\/wp-json\/wp\/v2\/posts\/754618","targetHints":{"allow":["GET"]}}],"collection":[{"href":"https:\/\/dailynewshungary.com\/de\/wp-json\/wp\/v2\/posts"}],"about":[{"href":"https:\/\/dailynewshungary.com\/de\/wp-json\/wp\/v2\/types\/post"}],"author":[{"embeddable":true,"href":"https:\/\/dailynewshungary.com\/de\/wp-json\/wp\/v2\/users\/7"}],"replies":[{"embeddable":true,"href":"https:\/\/dailynewshungary.com\/de\/wp-json\/wp\/v2\/comments?post=754618"}],"version-history":[{"count":0,"href":"https:\/\/dailynewshungary.com\/de\/wp-json\/wp\/v2\/posts\/754618\/revisions"}],"wp:featuredmedia":[{"embeddable":true,"href":"https:\/\/dailynewshungary.com\/de\/wp-json\/wp\/v2\/media\/754619"}],"wp:attachment":[{"href":"https:\/\/dailynewshungary.com\/de\/wp-json\/wp\/v2\/media?parent=754618"}],"wp:term":[{"taxonomy":"category","embeddable":true,"href":"https:\/\/dailynewshungary.com\/de\/wp-json\/wp\/v2\/categories?post=754618"},{"taxonomy":"post_tag","embeddable":true,"href":"https:\/\/dailynewshungary.com\/de\/wp-json\/wp\/v2\/tags?post=754618"}],"curies":[{"name":"wp","href":"https:\/\/api.w.org\/{rel}","templated":true}]}}