{"id":754637,"date":"2016-09-28T09:05:54","date_gmt":"2016-09-28T07:05:54","guid":{"rendered":"https:\/\/dailynewshungary.com\/de\/funktionar-des-arbeitgeberverbandes-arbeitskraftemangel-breitet-sich-landesweit-aus\/"},"modified":"2016-09-28T09:05:54","modified_gmt":"2016-09-28T07:05:54","slug":"funktionar-des-arbeitgeberverbandes-arbeitskraftemangel-breitet-sich-landesweit-aus","status":"publish","type":"post","link":"https:\/\/dailynewshungary.com\/de\/funktionar-des-arbeitgeberverbandes-arbeitskraftemangel-breitet-sich-landesweit-aus\/","title":{"rendered":"Funktion\u00e4r des Arbeitgeberverbandes: Arbeitskr\u00e4ftemangel breitet sich landesweit aus"},"content":{"rendered":"<p><strong>Budapest (MTI) \u2013 Der Arbeitskr\u00e4ftemangel in Ungarn wirkt sich branchen-, regional- und branchen\u00fcbergreifend aus, sagte ein Arbeitgeberverbandsbeamter am Dienstag.<\/strong><\/p>\n<p>W\u00e4hrend sich der Arbeitskr\u00e4ftemangel zuvor auf westliche Teile des Landes beschr\u00e4nkte, sei das Problem nun landesweit und werde sich aus demografischen Gr\u00fcnden versch\u00e4rfen, sagte der stellvertretende Leiter des Arbeitgeber- und Industriellenverbandes (MGYOSZ), Ferenc Rolek, dem \u00f6ffentlich-rechtlichen Fernsehen M1.<\/p>\n<p>Mitarbeiter in staatlich gef\u00f6rderten Arbeitsprogrammen und Beamte sollten umgeschult und Fachkr\u00e4fte importiert werden, sagte erUngarn braucht ausl\u00e4ndische Arbeitskr\u00e4fte \u201cauf Zeit, die kulturell zum Land passen und sich anpassen k\u00f6nnen\u201d.<\/p>\n<p>\u201cGastarbeiter und Migranten sind v\u00f6llig unterschiedlich\u201d, f\u00fcgte R\u00f6lek hinzu.<\/p>\n<p><em>Foto: MTI<\/em><\/p>\n","protected":false},"excerpt":{"rendered":"<p>Budapest (MTI) \u2013 Der Arbeitskr\u00e4ftemangel in Ungarn wirkt sich branchen-, regional- und branchen\u00fcbergreifend aus, sagte ein Arbeitgeberverbandsbeamter am Dienstag. W\u00e4hrend sich der Arbeitskr\u00e4ftemangel zuvor auf westliche Teile des Landes beschr\u00e4nkte, sei das Problem nun landesweit und werde sich aus demografischen Gr\u00fcnden versch\u00e4rfen, sagte der stellvertretende Leiter des Arbeitgeber- und Industriellenverbandes (MGYOSZ), Ferenc Rolek, dem \u00f6ffentlich-rechtlichen [&hellip;]<\/p>\n","protected":false},"author":7,"featured_media":754638,"comment_status":"open","ping_status":"open","sticky":false,"template":"","format":"standard","meta":{"_acf_changed":false,"_display_image":"","footnotes":""},"categories":[1281],"tags":[1096,1104],"class_list":["post-754637","post","type-post","status-publish","format-standard","has-post-thumbnail","hentry","category-geschaft","tag-arbeitsmarkt","tag-wirtschaft"],"blocksy_meta":[],"acf":[],"author_username":"Szandi","telegram_post":"","public_post_metadata":{"breaking_news":"","important":"","csempe":"","center_tile":"","disable_thumbnail":"","target_lang":"","_featured_image_style":"","telegram_post":"","_xlat_group_id":""},"public_rank_math_data":{"title":"%title% %sep% %sitename%","description":"","focus_keyword":"Mangel","canonical_url":"","robots":"","primary_category":"1281","breadcrumb_title":"","facebook_title":"","facebook_description":"","facebook_image":"","facebook_image_id":"","twitter_title":"","twitter_description":"","twitter_image":"","twitter_image_id":"","twitter_card_type":"","twitter_use_facebook":"","advanced_robots":"","pillar_content":"","seo_score":"60","contentai_score":"","rich_snippet":""},"_links":{"self":[{"href":"https:\/\/dailynewshungary.com\/de\/wp-json\/wp\/v2\/posts\/754637","targetHints":{"allow":["GET"]}}],"collection":[{"href":"https:\/\/dailynewshungary.com\/de\/wp-json\/wp\/v2\/posts"}],"about":[{"href":"https:\/\/dailynewshungary.com\/de\/wp-json\/wp\/v2\/types\/post"}],"author":[{"embeddable":true,"href":"https:\/\/dailynewshungary.com\/de\/wp-json\/wp\/v2\/users\/7"}],"replies":[{"embeddable":true,"href":"https:\/\/dailynewshungary.com\/de\/wp-json\/wp\/v2\/comments?post=754637"}],"version-history":[{"count":0,"href":"https:\/\/dailynewshungary.com\/de\/wp-json\/wp\/v2\/posts\/754637\/revisions"}],"wp:featuredmedia":[{"embeddable":true,"href":"https:\/\/dailynewshungary.com\/de\/wp-json\/wp\/v2\/media\/754638"}],"wp:attachment":[{"href":"https:\/\/dailynewshungary.com\/de\/wp-json\/wp\/v2\/media?parent=754637"}],"wp:term":[{"taxonomy":"category","embeddable":true,"href":"https:\/\/dailynewshungary.com\/de\/wp-json\/wp\/v2\/categories?post=754637"},{"taxonomy":"post_tag","embeddable":true,"href":"https:\/\/dailynewshungary.com\/de\/wp-json\/wp\/v2\/tags?post=754637"}],"curies":[{"name":"wp","href":"https:\/\/api.w.org\/{rel}","templated":true}]}}