{"id":754639,"date":"2016-09-28T08:00:13","date_gmt":"2016-09-28T06:00:13","guid":{"rendered":"https:\/\/dailynewshungary.com\/de\/behorde-zur-niederschlagung-von-steuerhinterziehenden-uber-fahrern\/"},"modified":"2016-09-28T08:00:13","modified_gmt":"2016-09-28T06:00:13","slug":"behorde-zur-niederschlagung-von-steuerhinterziehenden-uber-fahrern","status":"publish","type":"post","link":"https:\/\/dailynewshungary.com\/de\/behorde-zur-niederschlagung-von-steuerhinterziehenden-uber-fahrern\/","title":{"rendered":"Beh\u00f6rde zur Niederschlagung von steuerhinterziehenden Uber-Fahrern"},"content":{"rendered":"<p><strong>Budapest (MTI) \u201eUngarns Steuerbeh\u00f6rde NAV wird Fahrer identifizieren, die ihre Steuern auf fr\u00fchere Einnahmen aus dem Fahrdienst Uber, der nicht mehr in Ungarn t\u00e4tig ist, nicht gezahlt haben, berichtete die Tageszeitung Magyar Id k am Dienstag.<\/strong><\/p>\n<p>Unter Berufung auf Informationen des Wirtschaftsministeriums hie\u00df es in dem Papier, dass NAV die Namen und Einkommensdaten ungarischer Fahrer erhalten habe, die im Rahmen von Uber gearbeitet h\u00e4tten, und mit der \u00dcberpr\u00fcfung dieser Zahlen anhand der eingereichten Steuererkl\u00e4rungen beginnen werde.<\/p>\n<p>Csilla Tam\u00e1s Czinege, stellvertretende Staatssekret\u00e4rin im Ministerium, teilte der Zeitung mit, dass sich der Umsatz von Uber im Jahr 2015 auf \u00fcber eine Milliarde Forint (3,3 Mio. EUR) bel\u00e4uft habe, und wies darauf hin, dass ein gro\u00dfer Teil dieser Summe nicht deklariert worden sei.<\/p>\n<p>Als Beispiel nannte der Beamte ein Unternehmen, das mit mehreren Fahrern zusammengearbeitet und 70 Millionen Forint verdient hatte, deren Steuerzahlung sich auf 2 Millionen Forint belief.<\/p>\n","protected":false},"excerpt":{"rendered":"<p>Budapest (MTI) \u201eUngarns Steuerbeh\u00f6rde NAV wird Fahrer identifizieren, die ihre Steuern auf fr\u00fchere Einnahmen aus dem Fahrdienst Uber, der nicht mehr in Ungarn t\u00e4tig ist, nicht gezahlt haben, berichtete die Tageszeitung Magyar Id k am Dienstag. Unter Berufung auf Informationen des Wirtschaftsministeriums hie\u00df es in dem Papier, dass NAV die Namen und Einkommensdaten ungarischer Fahrer [&hellip;]<\/p>\n","protected":false},"author":7,"featured_media":754640,"comment_status":"open","ping_status":"open","sticky":false,"template":"","format":"standard","meta":{"_acf_changed":false,"_display_image":"","footnotes":""},"categories":[1281],"tags":[1118,1167,2108],"class_list":["post-754639","post","type-post","status-publish","format-standard","has-post-thumbnail","hentry","category-geschaft","tag-geld","tag-steuer","tag-taxifahrer-protestieren-gegen-uber"],"blocksy_meta":[],"acf":[],"author_username":"Szandi","telegram_post":"","public_post_metadata":{"breaking_news":"","important":"","csempe":"","center_tile":"","disable_thumbnail":"","target_lang":"","_featured_image_style":"","telegram_post":"","_xlat_group_id":""},"public_rank_math_data":{"title":"%title% %sep% %sitename%","description":"","focus_keyword":"Uber","canonical_url":"","robots":"","primary_category":"1281","breadcrumb_title":"","facebook_title":"","facebook_description":"","facebook_image":"","facebook_image_id":"","twitter_title":"","twitter_description":"","twitter_image":"","twitter_image_id":"","twitter_card_type":"","twitter_use_facebook":"","advanced_robots":"","pillar_content":"","seo_score":"59","contentai_score":"","rich_snippet":""},"_links":{"self":[{"href":"https:\/\/dailynewshungary.com\/de\/wp-json\/wp\/v2\/posts\/754639","targetHints":{"allow":["GET"]}}],"collection":[{"href":"https:\/\/dailynewshungary.com\/de\/wp-json\/wp\/v2\/posts"}],"about":[{"href":"https:\/\/dailynewshungary.com\/de\/wp-json\/wp\/v2\/types\/post"}],"author":[{"embeddable":true,"href":"https:\/\/dailynewshungary.com\/de\/wp-json\/wp\/v2\/users\/7"}],"replies":[{"embeddable":true,"href":"https:\/\/dailynewshungary.com\/de\/wp-json\/wp\/v2\/comments?post=754639"}],"version-history":[{"count":0,"href":"https:\/\/dailynewshungary.com\/de\/wp-json\/wp\/v2\/posts\/754639\/revisions"}],"wp:featuredmedia":[{"embeddable":true,"href":"https:\/\/dailynewshungary.com\/de\/wp-json\/wp\/v2\/media\/754640"}],"wp:attachment":[{"href":"https:\/\/dailynewshungary.com\/de\/wp-json\/wp\/v2\/media?parent=754639"}],"wp:term":[{"taxonomy":"category","embeddable":true,"href":"https:\/\/dailynewshungary.com\/de\/wp-json\/wp\/v2\/categories?post=754639"},{"taxonomy":"post_tag","embeddable":true,"href":"https:\/\/dailynewshungary.com\/de\/wp-json\/wp\/v2\/tags?post=754639"}],"curies":[{"name":"wp","href":"https:\/\/api.w.org\/{rel}","templated":true}]}}