{"id":754643,"date":"2016-09-27T21:20:31","date_gmt":"2016-09-27T19:20:31","guid":{"rendered":"https:\/\/dailynewshungary.com\/de\/orban-ungarn-wird-sich-andern-wenn-die-regierung-brussel-nachgibt\/"},"modified":"2016-09-27T21:20:31","modified_gmt":"2016-09-27T19:20:31","slug":"orban-ungarn-wird-sich-andern-wenn-die-regierung-brussel-nachgibt","status":"publish","type":"post","link":"https:\/\/dailynewshungary.com\/de\/orban-ungarn-wird-sich-andern-wenn-die-regierung-brussel-nachgibt\/","title":{"rendered":"Orb\u00e1n: Ungarn wird sich \u00e4ndern, wenn die Regierung Br\u00fcssel nachgibt"},"content":{"rendered":"<p><strong>Budapest, 27. September (MTI) \u2013 Wenn die ungarische Regierung Br\u00fcssel und ihrem Plan, \u201cungek\u00e4mpfte Migration auf die Ungarn zu erzwingen\u201d, nachgibt, wird sich das Land \u00e4ndern, sagte Ministerpr\u00e4sident Viktor Orb\u00e1n am Dienstag.<\/strong><\/p>\n<p>\u201cWir werden nicht zulassen, dass sie uns das Recht nehmen&#8230; zu entscheiden, mit wem wir zusammenleben wollen und mit wem wir nicht in Ungarn leben wollen\u201d, sagte der Premierminister in einem Interview mit dem \u00f6ffentlichen Nachrichtensender M1.<\/p>\n<p>Zum von der EU vorgeschlagenen Umverteilungsprogramm f\u00fcr Migranten sagte Orb\u00e1n, Ungarns Problem liege nicht bei den Migranten selbst, sondern bei Br\u00fcssel, und argumentierte, dass die Europ\u00e4ische Kommission \u201cin unserem Land Menschen ansiedeln will, mit denen wir nicht zusammenleben wollen\u201d<\/p>\n<p>Orb\u00e1n sagte, dass die Linke die Frage der Umverteilung von Migranten zwar f\u00fcr ideologisch halte, die Regierung sie jedoch f\u00fcr eine Frage der nationalen Sicherheit halte.<\/p>\n<p>Migranten k\u00f6nne nur geholfen werden, wenn \u201cwir die Hilfe dahin bringen, wo sie jetzt sind, anstatt das Problem nach Europa zu lassen\u201d Orb\u00e1n sagte, die ungarische Regierung gebe viel Geld f\u00fcr die Unterst\u00fctzung der Herkunftsl\u00e4nder der Migranten aus.<\/p>\n<p><img loading=\"lazy\" decoding=\"async\" class=\"aligncenter wp-image-86085 size-large\" src=\"https:\/\/dailynewshungary.com\/wp-content\/uploads\/2016\/09\/orb\u00e1n-interview-1024x683.jpg\" alt=\"Budapest, 2016. szeptember 27. A Minisztereln\u00f6ki Sajt\u00f3iroda \u00e1ltal k\u00f6zreadott kepen Orb\u00e1n Viktor minisztereln\u00f6k sajt\u00f3jekoztat\u00f3t ad az M1 aktuellis csatorn\u00e1nak 2016. szeptember 27. e n. MTI Fot\u00f3: Minisztereln\u00f6ki Sajt\u00f3iroda\/MTVA\" width=\"1024\" height=\"683\" srcset=\"https:\/\/contentf5.dailynewshungary.com\/wp-content\/uploads\/2016\/09\/orb\u00e1n-interview-1024x683.jpg 1024w, https:\/\/contentf5.dailynewshungary.com\/wp-content\/uploads\/2016\/09\/orb\u00e1n-interview-300x200.jpg 300w, https:\/\/contentf5.dailynewshungary.com\/wp-content\/uploads\/2016\/09\/orb\u00e1n-interview-768x512.jpg 768w, https:\/\/contentf5.dailynewshungary.com\/wp-content\/uploads\/2016\/09\/orb\u00e1n-interview-220x147.jpg 220w, https:\/\/contentf5.dailynewshungary.com\/wp-content\/uploads\/2016\/09\/orb\u00e1n-interview-610x407.jpg 610w, https:\/\/contentf5.dailynewshungary.com\/wp-content\/uploads\/2016\/09\/orb\u00e1n-interview-1080x720.jpg 1080w\" sizes=\"auto, (max-width: 1024px) 100vw, 1024px\"><\/p>\n<p>\u201cWenn wir allen helfen wollen, indem wir anerkennen, dass sie ein universelles Recht auf ein besseres Leben haben und sie aufnehmen. dann werden wir Europa und standardm\u00e4\u00dfig auch Ungarn ruinieren\u201d, sagte er.<\/p>\n<p>Orb\u00e1n stellte fest, dass Ungarn eine Migrationspolitik mit Schwerpunkt auf Selbstverteidigung umgesetzt habe. Er sagte jedoch, Br\u00fcssel wende \u201edoppelte Standards an\u201cund argumentierte, dass die EU Ungarn zwar daf\u00fcr kritisiert habe, einen Grenzzaun zu errichten, um Migranten fernzuhalten, Griechenland jedoch nie kritisiert oder aufgefordert werde, Ma\u00dfnahmen zur Bew\u00e4ltigung des Migrantenzustroms zu ergreifen.<\/p>\n<p>Orb\u00e1n sagte, dass das Migrationsproblem in Europa nicht immer wieder auftreten w\u00fcrde, wenn Griechenland seinen internationalen Verpflichtungen nachkommen und seine Grenzen sch\u00fctzen w\u00fcrde. \u201eAber es ist dazu entweder nicht in der Lage oder nicht willens und hat Ungarn damit zu einem peripheren Schengen-Land der EU gemacht.\u201c\u201eWir sind gegen unseren Willen zu einer Verteidigungslinie geworden\u201d, sagte er.<\/p>\n<p>\u201cDie mutigeren Politiker in Deutschland und \u00d6sterreich\u201d r\u00e4umen ein, dass das, was Ungarn tut, auch ihren L\u00e4ndern n\u00fctzt, sagte er.<\/p>\n<p>Orb\u00e1n sagte, wenn Griechenland nicht in der Lage oder nicht willens sei, seine eigenen Grenzen zu sch\u00fctzen, dann solle die EU \u201ceine europ\u00e4ische Verteidigungslinie\u201d entlang der Grenze Griechenlands zu Mazedonien und Bulgarien aufbauenWenn die EU dies nicht tut, dann wird sich die Verteidigungslinie letztendlich nach Norden verschieben, wodurch Ungarn wieder zu einem Frontland wird, betonte er.<\/p>\n<p>\u201eAber meine Kollegen unterst\u00fctzen diesen [Vorschlag] nicht, weil sie glauben, dass die Ungarn im Falle von Problemen wieder ihre im Schengener Abkommen festgelegten Pflichten erf\u00fcllen und nicht nur ihr eigenes Land, sondern auch \u00d6sterreich und Deutschland sch\u00fctzen werden.\u201csagte Orb\u00e1n.<\/p>\n<p>Die Ministerpr\u00e4sidentin \u00e4u\u00dferte sich auch zum j\u00fcngsten Eingest\u00e4ndnis der deutschen Bundeskanzlerin Angela Merkel, sie w\u00fcnsche sich, die Zeit zur\u00fcckdrehen zu k\u00f6nnen, um ihr Land besser auf die Fl\u00fcchtlingskrise vorzubereiten Orb\u00e1n sagte, es g\u00e4be bestimmte politische Entscheidungen, die korrigiert werden k\u00f6nnten, wie ein schlechter Haushalt oder schlechte politische Programme. Aber es gibt einige Fehler, die nicht korrigiert werden k\u00f6nnen, f\u00fcgte er hinzu \u201cDa sagen sie im Westen, sie w\u00fcnschten, sie k\u00f6nnten das Rad der Zeit zur\u00fcckdrehen. Was eine gro\u00dfartige Idee ist, aber leider unm\u00f6glich ist\u201d Er sagte, das Einzige, was Politiker tun k\u00f6nnen, nachdem sie schlechte Entscheidungen getroffen haben, sei es, den Rat zu beherzigen, dass sie solche Fehler nicht noch einmal machen sollten. Angewandt auf die heutige Situation, w\u00e4re ein Fehler, europ\u00e4ische Gesetze zu verabschieden, die es Br\u00fcssel erm\u00f6glichen w\u00fcrden, Migranten in der EU-Mitgliedsagte er.<\/p>\n<p>Orb\u00e1n sagte, westliche Geheimdienste und nationale Sicherheitsexperten h\u00e4tten die politischen Entscheidungstr\u00e4ger gerade rechtzeitig vor den Risiken gewarnt, die eine unkontrollierte Einwanderung mit sich bringe. Die von ungarischen Sicherheitsexperten gesammelten Beweise h\u00e4tten auch ergeben, dass die f\u00fcr die Durchf\u00fchrung von Terroranschl\u00e4gen in Westeuropa verantwortlichen Personen auf dem Kontinent angekommen seien, indem sie sich unter Gruppen von Migranten versteckt h\u00e4tten, die auch durch Ungarn gereist seien, f\u00fcgte Orb\u00e1n hinzu \u201eWir h\u00e4tten viele europ\u00e4ische B\u00fcrger retten k\u00f6nnen, wenn die EU den Grenzzaun von Anfang an unterst\u00fctzt h\u00e4tte\u201csagte er\u201d.<\/p>\n<p><img loading=\"lazy\" decoding=\"async\" class=\"aligncenter wp-image-86086 size-large\" src=\"https:\/\/dailynewshungary.com\/wp-content\/uploads\/2016\/09\/orb\u00e1n-interview2-1024x683.jpg\" alt=\"Budapest, 2016. szeptember 27. A Minisztereln\u00f6ki Sajt\u00f3iroda \u00e1ltal k\u00f6zreadott kepen Orb\u00e1n Viktor minisztereln\u00f6k sajt\u00f3jekoztat\u00f3t ad az M1 aktuellis csatorn\u00e1nak 2016. szeptember 27. e n. MTI Fot\u00f3: Minisztereln\u00f6ki Sajt\u00f3iroda\/MTVA\" width=\"1024\" height=\"683\" srcset=\"https:\/\/contentf5.dailynewshungary.com\/wp-content\/uploads\/2016\/09\/orb\u00e1n-interview2-1024x683.jpg 1024w, https:\/\/contentf5.dailynewshungary.com\/wp-content\/uploads\/2016\/09\/orb\u00e1n-interview2-300x200.jpg 300w, https:\/\/contentf5.dailynewshungary.com\/wp-content\/uploads\/2016\/09\/orb\u00e1n-interview2-768x512.jpg 768w, https:\/\/contentf5.dailynewshungary.com\/wp-content\/uploads\/2016\/09\/orb\u00e1n-interview2-220x147.jpg 220w, https:\/\/contentf5.dailynewshungary.com\/wp-content\/uploads\/2016\/09\/orb\u00e1n-interview2-610x407.jpg 610w, https:\/\/contentf5.dailynewshungary.com\/wp-content\/uploads\/2016\/09\/orb\u00e1n-interview2-1080x720.jpg 1080w\" sizes=\"auto, (max-width: 1024px) 100vw, 1024px\"><\/p>\n<p>Orb\u00e1n sagte, der Migrationsdruck, den Europa jetzt erf\u00e4hrt, sei nur der Beginn einer Massenmigrationswelle. Er sagte, der Migrationsdruck werde zunehmen, sobald die Millionen Menschen, die auf die Auswanderung aus den zentralen Regionen Afrikas warten, nach Europa aufbrechen.<\/p>\n<p>Zum Vorschlag, eine gemeinsame europ\u00e4ische Armee aufzustellen, sagte der Ministerpr\u00e4sident, echte Fl\u00fcchtlinge und Wirtschaftsmigranten sollten beide au\u00dferhalb des EU-Territoriums gestoppt werdenDort solle festgelegt werden, wer f\u00fcr die Einreichung eines Asylantrags in Frage komme und nur diejenigen, die einen Asylstatus beantragen und erlangen, nach Europa einreisen d\u00fcrfen, sagte erDa ein solches Gebiet, das f\u00fcr die Registrierung von Migranten eingerichtet wurde, auch durch milit\u00e4rische Kr\u00e4fte gesch\u00fctzt werden sollte.<\/p>\n<p><em>Fotos: MTI<\/em><\/p>\n","protected":false},"excerpt":{"rendered":"<p>Budapest, 27. September (MTI) \u2013 Wenn die ungarische Regierung Br\u00fcssel und ihrem Plan, \u201cungek\u00e4mpfte Migration auf die Ungarn zu erzwingen\u201d, nachgibt, wird sich das Land \u00e4ndern, sagte Ministerpr\u00e4sident Viktor Orb\u00e1n am Dienstag. \u201cWir werden nicht zulassen, dass sie uns das Recht nehmen&#8230; zu entscheiden, mit wem wir zusammenleben wollen und mit wem wir nicht in [&hellip;]<\/p>\n","protected":false},"author":7,"featured_media":754644,"comment_status":"open","ping_status":"open","sticky":false,"template":"","format":"standard","meta":{"_acf_changed":false,"_display_image":"","footnotes":""},"categories":[1081],"tags":[1082,1485,1871,1445],"class_list":["post-754643","post","type-post","status-publish","format-standard","has-post-thumbnail","hentry","category-politik","tag-europaische-union","tag-interview","tag-migrantenquoten","tag-migration"],"blocksy_meta":[],"acf":[],"author_username":"Szandi","telegram_post":"","public_post_metadata":{"breaking_news":"","important":"","csempe":"","center_tile":"","disable_thumbnail":"","target_lang":"","_featured_image_style":"","telegram_post":"","_xlat_group_id":""},"public_rank_math_data":{"title":"%title% %sep% %sitename%","description":"","focus_keyword":"Br\u00fcssel","canonical_url":"","robots":"","primary_category":"1081","breadcrumb_title":"","facebook_title":"","facebook_description":"","facebook_image":"","facebook_image_id":"","twitter_title":"","twitter_description":"","twitter_image":"","twitter_image_id":"","twitter_card_type":"","twitter_use_facebook":"","advanced_robots":"","pillar_content":"","seo_score":"54","contentai_score":"","rich_snippet":""},"_links":{"self":[{"href":"https:\/\/dailynewshungary.com\/de\/wp-json\/wp\/v2\/posts\/754643","targetHints":{"allow":["GET"]}}],"collection":[{"href":"https:\/\/dailynewshungary.com\/de\/wp-json\/wp\/v2\/posts"}],"about":[{"href":"https:\/\/dailynewshungary.com\/de\/wp-json\/wp\/v2\/types\/post"}],"author":[{"embeddable":true,"href":"https:\/\/dailynewshungary.com\/de\/wp-json\/wp\/v2\/users\/7"}],"replies":[{"embeddable":true,"href":"https:\/\/dailynewshungary.com\/de\/wp-json\/wp\/v2\/comments?post=754643"}],"version-history":[{"count":0,"href":"https:\/\/dailynewshungary.com\/de\/wp-json\/wp\/v2\/posts\/754643\/revisions"}],"wp:featuredmedia":[{"embeddable":true,"href":"https:\/\/dailynewshungary.com\/de\/wp-json\/wp\/v2\/media\/754644"}],"wp:attachment":[{"href":"https:\/\/dailynewshungary.com\/de\/wp-json\/wp\/v2\/media?parent=754643"}],"wp:term":[{"taxonomy":"category","embeddable":true,"href":"https:\/\/dailynewshungary.com\/de\/wp-json\/wp\/v2\/categories?post=754643"},{"taxonomy":"post_tag","embeddable":true,"href":"https:\/\/dailynewshungary.com\/de\/wp-json\/wp\/v2\/tags?post=754643"}],"curies":[{"name":"wp","href":"https:\/\/api.w.org\/{rel}","templated":true}]}}