{"id":754675,"date":"2016-09-26T19:10:21","date_gmt":"2016-09-26T17:10:21","guid":{"rendered":"https:\/\/dailynewshungary.com\/de\/szijjarto-kommentiert-ceta-und-ttip-in-gesprachen-mit-dem-eu-handelskommissar\/"},"modified":"2016-09-26T19:10:21","modified_gmt":"2016-09-26T17:10:21","slug":"szijjarto-kommentiert-ceta-und-ttip-in-gesprachen-mit-dem-eu-handelskommissar","status":"publish","type":"post","link":"https:\/\/dailynewshungary.com\/de\/szijjarto-kommentiert-ceta-und-ttip-in-gesprachen-mit-dem-eu-handelskommissar\/","title":{"rendered":"Szijj\u00e1rt\u00f3 kommentiert CETA und TTIP in Gespr\u00e4chen mit dem EU-Handelskommissar"},"content":{"rendered":"<p><strong>Budapest, 26. September (MTI) (Die ungarische Regierung wird die Position des Parlaments zum Thema eines Freihandelsabkommens mit Kanada (CETA) einholen, bevor sie \u00fcber eine Unterst\u00fctzung entscheidet, sagte Au\u00dfenminister P\u00e9ter Szijj\u00e1rt\u00f3 am Montag nach Gespr\u00e4chen mit Cecilia Malstrom, der Handelskommissarin der Europ\u00e4ischen Union.<\/strong><\/p>\n<p>Br\u00fcssel m\u00fcsse bis zum 18. Oktober eine offizielle Position zu diesem Thema formulieren, stellte er auf einer Pressekonferenz festEr sagte, Kanada sei ein wichtiger Handelspartner f\u00fcr Ungarn und kanadische Investitionen spielten auch in der Volkswirtschaft eine wichtige Rolle.<\/p>\n<p>Zum Thema eines Freihandelsabkommens mit den Vereinigten Staaten (TTIP) sagte Szijj\u00e1rt\u00f3, es sei verfr\u00fcht, \u00fcber \u201eetwas zu sprechen, das nur in Verhandlungen existiert\u201c.<\/p>\n<p>Ungarn sei eine offene Wirtschaft, die stark von Exporten und ihrer F\u00e4higkeit, Investitionen anzuziehen, abh\u00e4ngig sei, sagte Szijj\u00e1rt\u00f3. Die EU habe derzeit 37 Freihandelsabkommen und verhandele \u00fcber 20 weitere, sagte er und f\u00fcgte hinzu, es sei begr\u00fc\u00dfenswert, dass die EU offen sei, externe Partner anzuziehen.<\/p>\n<p>Ungarn habe einige \u201crote Linien\u201d, n\u00e4mlich sich von GVO-Produkten freizuhalten, was in seiner Verfassung festgeschrieben seiDie GVO-freie Haltung Ungarns sei im Zusammenhang mit den Verhandlungen \u00fcber die TTIP und die CETA deutlich gemacht worden, und letztere w\u00fcrde garantieren, dass der GVO-freie Status aufrechterhalten werden k\u00f6nne, sagte er.<\/p>\n<p>Wegen NAFTA (dem Handelspakt zwischen den USA, Kanada und Mexiko) seien europ\u00e4ische Unternehmen auf den nordamerikanischen M\u00e4rkten im Nachteil, sagte erEs liegt im Interesse Ungarns, dort auf Augenh\u00f6he zu konkurrierenf\u00fcgte er hinzuEin weiteres Abkommen, das TPP, zwischen 12 pazifischen L\u00e4ndern unter der F\u00fchrung der Vereinigten Staaten schlie\u00dft auch Europa aus, stellte Szijj\u00e1rt\u00f3 fest.<\/p>\n<p>Ein R\u00fcckgang der europ\u00e4ischen Wettbewerbsf\u00e4higkeit wirkt sich akut auf Ungarns offene Wirtschaft aus, aber einige nationale Interessen sind von entscheidender Bedeutung, wie zum Beispiel die GVO-Frage. er sagte.<\/p>\n<p>Malstrom sagte, sie vertraue darauf, dass Ungarn CETA unterst\u00fctzen w\u00fcrde, da dies \u201csofortige wirtschaftliche Vorteile\u201d f\u00fcr Ungarn bringen w\u00fcrdeSie sagte, es gebe einen wachsenden Konsens \u00fcber den Pakt und man hoffe, dass er im Oktober unterzeichnet werden k\u00f6nneWas die TTIP betrifft, so sagte sie, dass Anstrengungen unternommen w\u00fcrden, um die Verhandlungen zu beschleunigen, die unter der n\u00e4chsten US-Pr\u00e4sidentschaft fortgesetzt w\u00fcrden.<\/p>\n<p><img loading=\"lazy\" decoding=\"async\" class=\"aligncenter wp-image-85838 size-large\" src=\"https:\/\/dailynewshungary.com\/wp-content\/uploads\/2016\/09\/szijj\u00e1rt\u00f3-cecilia-2-1024x706.jpg\" alt=\"Budapest, 2016. szeptember 26. Cecilia Malmstr\u00f6m kereskelempolitika\u00e9rt felel s uni\u00f3s biztos ees Szijj\u00e1rt\u00f3 P\u00e9ter k\u00fclgazdas\u00e1gi ees k\u00fcl\u00fcgyminiszter a megbesz\u00e9l\u00e9s\u00fcket k\u00f6vet en tartott sajt\u00f3t\u00e1j\u00e9koztat\u00f3n az Orsz\u00e1gh\u00e1zban 2016. sze 26-\u00e1n. MTI Fot\u00f3: Bruz\u00e1k No\u00e9mi\" width=\"1024\" height=\"706\" srcset=\"https:\/\/contentf5.dailynewshungary.com\/wp-content\/uploads\/2016\/09\/szijj\u00e1rt\u00f3-cecilia-2-1024x706.jpg 1024w, https:\/\/contentf5.dailynewshungary.com\/wp-content\/uploads\/2016\/09\/szijj\u00e1rt\u00f3-cecilia-2-300x207.jpg 300w, https:\/\/contentf5.dailynewshungary.com\/wp-content\/uploads\/2016\/09\/szijj\u00e1rt\u00f3-cecilia-2-768x529.jpg 768w, https:\/\/contentf5.dailynewshungary.com\/wp-content\/uploads\/2016\/09\/szijj\u00e1rt\u00f3-cecilia-2-220x152.jpg 220w, https:\/\/contentf5.dailynewshungary.com\/wp-content\/uploads\/2016\/09\/szijj\u00e1rt\u00f3-cecilia-2-610x421.jpg 610w, https:\/\/contentf5.dailynewshungary.com\/wp-content\/uploads\/2016\/09\/szijj\u00e1rt\u00f3-cecilia-2-1080x745.jpg 1080w\" sizes=\"auto, (max-width: 1024px) 100vw, 1024px\"><\/p>\n<p>Istv\u00e1n Mikola, Staatssekret\u00e4r im Au\u00dfenministerium, sagte, Ungarn brauche Freihandelsabkommen, um nicht von irgendeinem Weltmarkt ausgeschlossen zu werden.<\/p>\n<p>In einer Ansprache mit Malstrom an der Budapest Business School bezeichnete Mikola CETA als einen guten Pakt, der nach f\u00fcnf Jahren harter Verhandlungen in Vorbereitung sei.<\/p>\n<p>Malstrom sagte, die Freihandelsabkommen erm\u00f6glichten es Europa, die wirtschaftliche Globalisierung zu gestalten, anstatt passiv darunter zu leiden.<\/p>\n<p>Die regierende Fidesz-Partei sagte, dass auf der Sitzung der Fraktion der Partei n\u00e4chste Woche eine Entscheidung dar\u00fcber getroffen werde, ob der CETA-Pakt unterst\u00fctzt werden solle oder nicht. Gergely Guly\u00e1s, der stellvertretende Fraktionsvorsitzende, sagte, die Partei habe in dieser Angelegenheit noch keinen einheitlichen Standpunkt festgelegt. Fidesz erwarte auch die Meinungen der Oppositionsparteien, sagte er gegen\u00fcber Journalisten.<\/p>\n<p>Er sagte, es gebe mehrere Punkte von entscheidender Bedeutung, auf die eine beruhigende Antwort erforderlich sei, bevor die Partei das Abkommen unterst\u00fctzen k\u00f6nne. Dazu geh\u00f6ren die Frage der rechtlichen Autorit\u00e4t bei der Beilegung von Streitigkeiten und die Frage der GVO.<\/p>\n<p>Die oppositionelle LMP-Partei warf der EU vor, multinationale Unternehmen in Freihandelsabkommen einzubeziehen und erst nach Protesten auf die Stimmen der Mitgliedstaaten und ihrer B\u00fcrger zu h\u00f6renErzs\u00e9bet Schmuck, Fraktionsvorsitzende der Partei, stellte nach einer Sitzung des Handelsausschusses des Parlaments, an der Malstrom teilnahm, fest, dass LMP ein gl\u00fchender Kritiker des TTIP-Abkommens gewesen sei und sich beim Premierminister daf\u00fcr eingesetzt habe, ihm seine Unterst\u00fctzung zu verweigern.<\/p>\n<p>Schmuck sagte, die Europ\u00e4er seien mit der Aussicht auf solche Handelspakte immer weniger zufrieden, da sie das Gef\u00fchl h\u00e4tten, dass die EU sie \u201cnicht in ihrem Namen\u201d unterzeichnet. \u201eMalstrom muss diese Unsicherheit \u201csp\u00fcren, da sie Ungarn und andere Mitgliedstaaten besucht, um das Thema zu besprechen, f\u00fcgte sie hinzu.<\/p>\n<p><em>Fotos: MTI<\/em><\/p>\n","protected":false},"excerpt":{"rendered":"<p>Budapest, 26. September (MTI) (Die ungarische Regierung wird die Position des Parlaments zum Thema eines Freihandelsabkommens mit Kanada (CETA) einholen, bevor sie \u00fcber eine Unterst\u00fctzung entscheidet, sagte Au\u00dfenminister P\u00e9ter Szijj\u00e1rt\u00f3 am Montag nach Gespr\u00e4chen mit Cecilia Malstrom, der Handelskommissarin der Europ\u00e4ischen Union. Br\u00fcssel m\u00fcsse bis zum 18. Oktober eine offizielle Position zu diesem Thema formulieren, [&hellip;]<\/p>\n","protected":false},"author":7,"featured_media":754676,"comment_status":"open","ping_status":"open","sticky":false,"template":"","format":"standard","meta":{"_acf_changed":false,"_display_image":"","footnotes":""},"categories":[1281],"tags":[1545,1689,1546,1104],"class_list":["post-754675","post","type-post","status-publish","format-standard","has-post-thumbnail","hentry","category-geschaft","tag-ausenpolitik","tag-kanada","tag-ministerium-fur-ungarn","tag-wirtschaft"],"blocksy_meta":[],"acf":[],"author_username":"Szandi","telegram_post":"","public_post_metadata":{"breaking_news":"","important":"","csempe":"","center_tile":"","disable_thumbnail":"","target_lang":"","_featured_image_style":"","telegram_post":"","_xlat_group_id":""},"public_rank_math_data":{"title":"%title% %sep% %sitename%","description":"","focus_keyword":"TTIP","canonical_url":"","robots":"","primary_category":"1281","breadcrumb_title":"","facebook_title":"","facebook_description":"","facebook_image":"","facebook_image_id":"","twitter_title":"","twitter_description":"","twitter_image":"","twitter_image_id":"","twitter_card_type":"","twitter_use_facebook":"","advanced_robots":"","pillar_content":"","seo_score":"52","contentai_score":"","rich_snippet":""},"_links":{"self":[{"href":"https:\/\/dailynewshungary.com\/de\/wp-json\/wp\/v2\/posts\/754675","targetHints":{"allow":["GET"]}}],"collection":[{"href":"https:\/\/dailynewshungary.com\/de\/wp-json\/wp\/v2\/posts"}],"about":[{"href":"https:\/\/dailynewshungary.com\/de\/wp-json\/wp\/v2\/types\/post"}],"author":[{"embeddable":true,"href":"https:\/\/dailynewshungary.com\/de\/wp-json\/wp\/v2\/users\/7"}],"replies":[{"embeddable":true,"href":"https:\/\/dailynewshungary.com\/de\/wp-json\/wp\/v2\/comments?post=754675"}],"version-history":[{"count":0,"href":"https:\/\/dailynewshungary.com\/de\/wp-json\/wp\/v2\/posts\/754675\/revisions"}],"wp:featuredmedia":[{"embeddable":true,"href":"https:\/\/dailynewshungary.com\/de\/wp-json\/wp\/v2\/media\/754676"}],"wp:attachment":[{"href":"https:\/\/dailynewshungary.com\/de\/wp-json\/wp\/v2\/media?parent=754675"}],"wp:term":[{"taxonomy":"category","embeddable":true,"href":"https:\/\/dailynewshungary.com\/de\/wp-json\/wp\/v2\/categories?post=754675"},{"taxonomy":"post_tag","embeddable":true,"href":"https:\/\/dailynewshungary.com\/de\/wp-json\/wp\/v2\/tags?post=754675"}],"curies":[{"name":"wp","href":"https:\/\/api.w.org\/{rel}","templated":true}]}}