{"id":754694,"date":"2016-09-26T08:00:23","date_gmt":"2016-09-26T06:00:23","guid":{"rendered":"https:\/\/dailynewshungary.com\/de\/zivilorganisationen-demonstrieren-fur-den-schutz-budapester-baume\/"},"modified":"2016-09-26T08:00:23","modified_gmt":"2016-09-26T06:00:23","slug":"zivilorganisationen-demonstrieren-fur-den-schutz-budapester-baume","status":"publish","type":"post","link":"https:\/\/dailynewshungary.com\/de\/zivilorganisationen-demonstrieren-fur-den-schutz-budapester-baume\/","title":{"rendered":"Zivilorganisationen demonstrieren f\u00fcr den Schutz Budapester B\u00e4ume"},"content":{"rendered":"<p><strong>Budapest (MTI) \u2013 Mehrere Zivilorganisationen veranstalteten am Samstag eine gemeinsame Demonstration, um gegen das F\u00e4llen von B\u00e4umen im Rahmen von Budapester Entwicklungsprojekten im Stadtpark, im Orczy-Garten und am R\u00f3mai-Damm zu protestieren.<\/strong><\/p>\n<p>Budapests Stadtpark sei der erste geplante \u00f6ffentliche Stadtpark der Welt gewesen, sagte der Leiter des Stadtschutzverbandes f\u00fcr Budapest Mih\u00e1ly R\u00e1day von einer auf dem Heldenplatz aufgestellten B\u00fchne ausWer w\u00fcrde auf die Idee kommen, neue Geb\u00e4ude im Londoner Hyde Park oder im Pariser Jardin du Luxembourg und Bois de Boulogne zu errichten, sagte er unter Bezugnahme auf das Liget-Projekt, das mehrere Museen in den Stadtpark verlegen w\u00fcrde.<\/p>\n<p>Der Leiter des ZivilZuglo-Verbandes L\u00e1szlo V\u00e1rnai forderte, dass die \u201cgr\u00f6\u00dfenwahnsinnigen\u201d Baupl\u00e4ne gestoppt werden sollten, Budapest solle 3000 fehlende B\u00e4ume ersetzen und alte Industriezonen entwickeln, sagte er.<\/p>\n<p><img loading=\"lazy\" decoding=\"async\" class=\"aligncenter wp-image-85733 size-large\" src=\"https:\/\/dailynewshungary.com\/wp-content\/uploads\/2016\/09\/z\u00f6ld-budapest-protestival2-1024x682.jpg\" alt=\"Budapest, 2016. szeptember 24. V\u00e1rnai L\u00e1szl\u00f3, a Civilzugl\u00f3 Egyesulet \u00f6nkorm\u00e1nyzati kepvisel je (h\u00e1ttal) a budapesti z\u00f6ldter\u00fclek beep\u00edte elleni Z\u00f6ld Budapest Protestival t\u00fcnteten a H s\u00f6k ter\u00e9n 2016. szeptember 24-\u00e9n. MTI Fot\u00f3: Kov\u00e1cs Tam\u00e1s\" width=\"1024\" height=\"682\" srcset=\"https:\/\/contentf5.dailynewshungary.com\/wp-content\/uploads\/2016\/09\/z\u00f6ld-budapest-protestival2-1024x682.jpg 1024w, https:\/\/contentf5.dailynewshungary.com\/wp-content\/uploads\/2016\/09\/z\u00f6ld-budapest-protestival2-300x200.jpg 300w, https:\/\/contentf5.dailynewshungary.com\/wp-content\/uploads\/2016\/09\/z\u00f6ld-budapest-protestival2-768x511.jpg 768w, https:\/\/contentf5.dailynewshungary.com\/wp-content\/uploads\/2016\/09\/z\u00f6ld-budapest-protestival2-220x146.jpg 220w, https:\/\/contentf5.dailynewshungary.com\/wp-content\/uploads\/2016\/09\/z\u00f6ld-budapest-protestival2-610x406.jpg 610w, https:\/\/contentf5.dailynewshungary.com\/wp-content\/uploads\/2016\/09\/z\u00f6ld-budapest-protestival2-1080x719.jpg 1080w\" sizes=\"auto, (max-width: 1024px) 100vw, 1024px\"><\/p>\n<p>Ein symbolischer \u201cGoldener Kettens\u00e4genpreis\u201d wurde dem Rektor der National University of Public Service Andr\u00e1s Patyi verliehen, weil er nach Angaben des Vereinsleiters f\u00fcr das F\u00e4llen von 200 B\u00e4umen im Orczy Park verantwortlich war.<\/p>\n<p>Die Teilnehmer hielten ein Schild mit den Worten \u201cWir werden Budapester B\u00e4ume besch\u00fctzen\u201d in der Hand und marschierten vom Erzs\u00e9bet-Platz auf der Andr\u00e1ssy-Allee zum Heldenplatz Als die Vorderseite des Marsches auf dem Platz eintraf, endete die Munk\u00e1csy-Mih\u00e1ly-Stra\u00dfe.<\/p>\n<p><em>Fotos: MTI<\/em><\/p>\n","protected":false},"excerpt":{"rendered":"<p>Budapest (MTI) \u2013 Mehrere Zivilorganisationen veranstalteten am Samstag eine gemeinsame Demonstration, um gegen das F\u00e4llen von B\u00e4umen im Rahmen von Budapester Entwicklungsprojekten im Stadtpark, im Orczy-Garten und am R\u00f3mai-Damm zu protestieren. Budapests Stadtpark sei der erste geplante \u00f6ffentliche Stadtpark der Welt gewesen, sagte der Leiter des Stadtschutzverbandes f\u00fcr Budapest Mih\u00e1ly R\u00e1day von einer auf dem [&hellip;]<\/p>\n","protected":false},"author":7,"featured_media":754695,"comment_status":"open","ping_status":"open","sticky":false,"template":"","format":"standard","meta":{"_acf_changed":false,"_display_image":"","footnotes":""},"categories":[1098],"tags":[1266,2015,1114],"class_list":["post-754694","post","type-post","status-publish","format-standard","has-post-thumbnail","hentry","category-gesellschaft","tag-demonstration","tag-liget-budapest","tag-natur"],"blocksy_meta":[],"acf":[],"author_username":"Szandi","telegram_post":"","public_post_metadata":{"breaking_news":"","important":"","csempe":"","center_tile":"","disable_thumbnail":"","target_lang":"","_featured_image_style":"","telegram_post":"","_xlat_group_id":""},"public_rank_math_data":{"title":"%title% %sep% %sitename%","description":"","focus_keyword":"Baum","canonical_url":"","robots":"","primary_category":"1098","breadcrumb_title":"","facebook_title":"","facebook_description":"","facebook_image":"","facebook_image_id":"","twitter_title":"","twitter_description":"","twitter_image":"","twitter_image_id":"","twitter_card_type":"","twitter_use_facebook":"","advanced_robots":"","pillar_content":"","seo_score":"56","contentai_score":"","rich_snippet":""},"_links":{"self":[{"href":"https:\/\/dailynewshungary.com\/de\/wp-json\/wp\/v2\/posts\/754694","targetHints":{"allow":["GET"]}}],"collection":[{"href":"https:\/\/dailynewshungary.com\/de\/wp-json\/wp\/v2\/posts"}],"about":[{"href":"https:\/\/dailynewshungary.com\/de\/wp-json\/wp\/v2\/types\/post"}],"author":[{"embeddable":true,"href":"https:\/\/dailynewshungary.com\/de\/wp-json\/wp\/v2\/users\/7"}],"replies":[{"embeddable":true,"href":"https:\/\/dailynewshungary.com\/de\/wp-json\/wp\/v2\/comments?post=754694"}],"version-history":[{"count":0,"href":"https:\/\/dailynewshungary.com\/de\/wp-json\/wp\/v2\/posts\/754694\/revisions"}],"wp:featuredmedia":[{"embeddable":true,"href":"https:\/\/dailynewshungary.com\/de\/wp-json\/wp\/v2\/media\/754695"}],"wp:attachment":[{"href":"https:\/\/dailynewshungary.com\/de\/wp-json\/wp\/v2\/media?parent=754694"}],"wp:term":[{"taxonomy":"category","embeddable":true,"href":"https:\/\/dailynewshungary.com\/de\/wp-json\/wp\/v2\/categories?post=754694"},{"taxonomy":"post_tag","embeddable":true,"href":"https:\/\/dailynewshungary.com\/de\/wp-json\/wp\/v2\/tags?post=754694"}],"curies":[{"name":"wp","href":"https:\/\/api.w.org\/{rel}","templated":true}]}}