{"id":754712,"date":"2016-09-25T11:00:50","date_gmt":"2016-09-25T09:00:50","guid":{"rendered":"https:\/\/dailynewshungary.com\/de\/egyutt-orban-sabotiert-dialog-in-eu\/"},"modified":"2016-09-25T11:00:50","modified_gmt":"2016-09-25T09:00:50","slug":"egyutt-orban-sabotiert-dialog-in-eu","status":"publish","type":"post","link":"https:\/\/dailynewshungary.com\/de\/egyutt-orban-sabotiert-dialog-in-eu\/","title":{"rendered":"Egy\u00fctt: Orb\u00e1n sabotiert Dialog in EU"},"content":{"rendered":"<p><strong>Budapest (MTI) \u201eIn den letzten anderthalb Jahren ist es Ministerpr\u00e4sident Viktor Orb\u00e1n gelungen, den Dialog \u00fcber die Suche nach einer L\u00f6sung (f\u00fcr die aktuelle Krise) in der Europ\u00e4ischen Union \u201evollst\u00e4ndig auszuschlie\u00dfen\u201csagte die Oppositionspartei Egy\u00fctt am Samstag.<\/strong><\/p>\n<p>Auf dem Jahreskongress der Partei in Budapest sagte Parteichef Viktor Szigetv\u00e1ri, Orb\u00e1n habe eigenst\u00e4ndig unerlaubte Ma\u00dfnahmen ergriffen und daran mitgewirkt, \u201edie EU zum Scheitern zu bringen\u201c.<\/p>\n<p>\u201cOrb\u00e1n hat Ungarn vergiftet,\u201d mit seiner Hasskampagne, sagte Szigetv\u00e1ri und f\u00fcgte hinzu, dass der Premierminister seit dem Bratislava-Gipfel in ein \u201cNetz aus L\u00fcgen\u201d geraten sei.<\/p>\n<p>Ungarn brauche \u201cklare Regeln statt Vorurteilen, Asyl statt Plakatkampagnen, Kooperation statt Nationalismus und einen Mittelweg statt Extremismus\u201d, sagte er.<\/p>\n<p><img loading=\"lazy\" decoding=\"async\" class=\"aligncenter wp-image-85648 size-large\" src=\"https:\/\/dailynewshungary.com\/wp-content\/uploads\/2016\/09\/egy\u00fctt-szigetv\u00e1ri2-1024x683.jpg\" alt=\"Budapest, 2016. szeptember 24. Szigetv\u00e1ri Viktor, az Egy\u00fctt eln\u00f6ke (b) a p\u00e1rt evi rendes k\u00fcld\u00f6ttgy waschelek megnyit\u00f3j\u00e1n a budapesti Versailles Rendezv\u00e9nyteremben 2016. szeptember 24-\u00e9n. MTI Fot\u00f3: Marjai J\u00e1nos\" width=\"1024\" height=\"683\" srcset=\"https:\/\/contentf5.dailynewshungary.com\/wp-content\/uploads\/2016\/09\/egy\u00fctt-szigetv\u00e1ri2-1024x683.jpg 1024w, https:\/\/contentf5.dailynewshungary.com\/wp-content\/uploads\/2016\/09\/egy\u00fctt-szigetv\u00e1ri2-300x200.jpg 300w, https:\/\/contentf5.dailynewshungary.com\/wp-content\/uploads\/2016\/09\/egy\u00fctt-szigetv\u00e1ri2-768x513.jpg 768w, https:\/\/contentf5.dailynewshungary.com\/wp-content\/uploads\/2016\/09\/egy\u00fctt-szigetv\u00e1ri2-220x147.jpg 220w, https:\/\/contentf5.dailynewshungary.com\/wp-content\/uploads\/2016\/09\/egy\u00fctt-szigetv\u00e1ri2-610x407.jpg 610w, https:\/\/contentf5.dailynewshungary.com\/wp-content\/uploads\/2016\/09\/egy\u00fctt-szigetv\u00e1ri2-1080x721.jpg 1080w\" sizes=\"auto, (max-width: 1024px) 100vw, 1024px\"><\/p>\n<p>Der Parteitag habe beschlossen, dass Egy\u00fctt bei den Parlamentswahlen 2018 auf einer eigenen Liste kandidieren werde, teilte die Partei in einer an MTI gesendeten Stellungnahme mitEs braucht nach 2018 einen Schritt in Richtung Demokratie, eine Wohlfahrtswende, einen ver\u00e4nderten Bildungsansatz und eine westlich orientierte Politik, hie\u00df es weiterEgy\u00fctt forderte die Opposition im Parlament auf, gemeinsam zu handeln, \u201cum unfaire und unverh\u00e4ltnism\u00e4\u00dfige\u201d Wahlregeln zu \u00e4ndern.<\/p>\n<p><em>Fotos: MTI<\/em><\/p>\n","protected":false},"excerpt":{"rendered":"<p>Budapest (MTI) \u201eIn den letzten anderthalb Jahren ist es Ministerpr\u00e4sident Viktor Orb\u00e1n gelungen, den Dialog \u00fcber die Suche nach einer L\u00f6sung (f\u00fcr die aktuelle Krise) in der Europ\u00e4ischen Union \u201evollst\u00e4ndig auszuschlie\u00dfen\u201csagte die Oppositionspartei Egy\u00fctt am Samstag. Auf dem Jahreskongress der Partei in Budapest sagte Parteichef Viktor Szigetv\u00e1ri, Orb\u00e1n habe eigenst\u00e4ndig unerlaubte Ma\u00dfnahmen ergriffen und daran [&hellip;]<\/p>\n","protected":false},"author":7,"featured_media":754713,"comment_status":"open","ping_status":"open","sticky":false,"template":"","format":"standard","meta":{"_acf_changed":false,"_display_image":"","footnotes":""},"categories":[1081],"tags":[4015,1082,1128],"class_list":["post-754712","post","type-post","status-publish","format-standard","has-post-thumbnail","hentry","category-politik","tag-egyutt","tag-europaische-union","tag-viktor-orban"],"blocksy_meta":[],"acf":[],"author_username":"Szandi","telegram_post":"","public_post_metadata":{"breaking_news":"","important":"","csempe":"","center_tile":"","disable_thumbnail":"","target_lang":"","_featured_image_style":"","telegram_post":"","_xlat_group_id":""},"public_rank_math_data":{"title":"%title% %sep% %sitename%","description":"","focus_keyword":"Egy\u00fctt","canonical_url":"","robots":"","primary_category":"1081","breadcrumb_title":"","facebook_title":"","facebook_description":"","facebook_image":"","facebook_image_id":"","twitter_title":"","twitter_description":"","twitter_image":"","twitter_image_id":"","twitter_card_type":"","twitter_use_facebook":"","advanced_robots":"","pillar_content":"","seo_score":"63","contentai_score":"","rich_snippet":""},"_links":{"self":[{"href":"https:\/\/dailynewshungary.com\/de\/wp-json\/wp\/v2\/posts\/754712","targetHints":{"allow":["GET"]}}],"collection":[{"href":"https:\/\/dailynewshungary.com\/de\/wp-json\/wp\/v2\/posts"}],"about":[{"href":"https:\/\/dailynewshungary.com\/de\/wp-json\/wp\/v2\/types\/post"}],"author":[{"embeddable":true,"href":"https:\/\/dailynewshungary.com\/de\/wp-json\/wp\/v2\/users\/7"}],"replies":[{"embeddable":true,"href":"https:\/\/dailynewshungary.com\/de\/wp-json\/wp\/v2\/comments?post=754712"}],"version-history":[{"count":0,"href":"https:\/\/dailynewshungary.com\/de\/wp-json\/wp\/v2\/posts\/754712\/revisions"}],"wp:featuredmedia":[{"embeddable":true,"href":"https:\/\/dailynewshungary.com\/de\/wp-json\/wp\/v2\/media\/754713"}],"wp:attachment":[{"href":"https:\/\/dailynewshungary.com\/de\/wp-json\/wp\/v2\/media?parent=754712"}],"wp:term":[{"taxonomy":"category","embeddable":true,"href":"https:\/\/dailynewshungary.com\/de\/wp-json\/wp\/v2\/categories?post=754712"},{"taxonomy":"post_tag","embeddable":true,"href":"https:\/\/dailynewshungary.com\/de\/wp-json\/wp\/v2\/tags?post=754712"}],"curies":[{"name":"wp","href":"https:\/\/api.w.org\/{rel}","templated":true}]}}