{"id":754723,"date":"2016-09-24T15:32:56","date_gmt":"2016-09-24T13:32:56","guid":{"rendered":"https:\/\/dailynewshungary.com\/de\/referendum-offiziell-2-oktober-abstimmung-uber-regierungsmandat-gegen-quotenregelung\/"},"modified":"2016-09-24T15:32:56","modified_gmt":"2016-09-24T13:32:56","slug":"referendum-offiziell-2-oktober-abstimmung-uber-regierungsmandat-gegen-quotenregelung","status":"publish","type":"post","link":"https:\/\/dailynewshungary.com\/de\/referendum-offiziell-2-oktober-abstimmung-uber-regierungsmandat-gegen-quotenregelung\/","title":{"rendered":"Referendum \u2013 Offiziell: 2. Oktober Abstimmung \u00fcber Regierungsmandat gegen Quotenregelung"},"content":{"rendered":"<p><strong>Budapest, 23. September (MTI) \u201eDie St\u00e4rke der Herausforderung der ungarischen Regierung gegen das obligatorische Migrantenquotensystem in Br\u00fcssel wird davon abh\u00e4ngen, wie stark das Mandat sein wird, das sie beim Referendum am 2. Oktober von den W\u00e4hlern erhalten wird, sagte der stellvertretende Parlamentsvorsitzende Gergely Guly\u00e1s am Freitag.<\/strong><\/p>\n<p>Beim Quotenreferendum gehe es um weit mehr als ein paar tausend Migranten \u201coder darum, dass die Europ\u00e4ische Union theoretisch nicht einmal die Entscheidungsbefugnis haben sollte\u201d in einer Angelegenheit, in der ihr nicht einmal die Befugnis dazu gegeben wurde, sagte Guly\u00e1s auf einer Konferenz \u00fcber die Zukunft Ungarns, organisiert von der Allianz junger Christdemokraten.<\/p>\n<p>Beim Referendum gehe es auch um nationale Identit\u00e4t, wertebasierte Streitigkeiten und darum, welche Art von Gesellschaften sich die Ungarn f\u00fcr das k\u00fcnftige Europa vorstellen, sagte er und betonte, dass die Angelegenheit, um die es beim Referendum gehe, \u00fcber der Parteipolitik stehe.<\/p>\n<p>Er argumentierte, w\u00e4hrend die Mehrheit der W\u00e4hler in Westeuropa auch daf\u00fcr sei, den Migrantenzustrom einzud\u00e4mmen und die europ\u00e4ischen Au\u00dfengrenzen zu sch\u00fctzen, h\u00e4tten im vergangenen Jahr die \u201cEurop\u00e4ische Politikelite\u201d und \u201cBr\u00fcsseler B\u00fcrokraten\u201d \u201cAnarchie gefeiert\u201d und die Ignorierung der Schengen-Regeln f\u00fcr \u201cdas richtige europ\u00e4ische Verhalten\u201d gehalten, sagte er, diejenigen, die sich bei der Bew\u00e4ltigung der Fl\u00fcchtlingskrise an die verschiedenen internationalen Vertr\u00e4ge gehalten h\u00e4tten, w\u00fcrden als \u201cschlechte Europ\u00e4er\u201d angesehen.<\/p>\n<p>Guly\u00e1s sagte, L\u00e4nder, die ihren Verpflichtungen zum Grenzschutz nicht nachkommen, h\u00e4tten im Schengen-Raum keinen Platz.<\/p>\n<p><em>Foto: MTI<\/em><\/p>\n","protected":false},"excerpt":{"rendered":"<p>Budapest, 23. September (MTI) \u201eDie St\u00e4rke der Herausforderung der ungarischen Regierung gegen das obligatorische Migrantenquotensystem in Br\u00fcssel wird davon abh\u00e4ngen, wie stark das Mandat sein wird, das sie beim Referendum am 2. Oktober von den W\u00e4hlern erhalten wird, sagte der stellvertretende Parlamentsvorsitzende Gergely Guly\u00e1s am Freitag. Beim Quotenreferendum gehe es um weit mehr als ein [&hellip;]<\/p>\n","protected":false},"author":2,"featured_media":754724,"comment_status":"open","ping_status":"open","sticky":false,"template":"","format":"standard","meta":{"_acf_changed":false,"_display_image":"","footnotes":""},"categories":[1081],"tags":[1082,1091,1445,3772,1299],"class_list":["post-754723","post","type-post","status-publish","format-standard","has-post-thumbnail","hentry","category-politik","tag-europaische-union","tag-fidesz","tag-migration","tag-referendum-uber-migrantenquoten","tag-schengen"],"blocksy_meta":[],"acf":[],"author_username":"alk","telegram_post":"","public_post_metadata":{"breaking_news":"","important":"","csempe":"","center_tile":"","disable_thumbnail":"","target_lang":"","_featured_image_style":"","telegram_post":"","_xlat_group_id":""},"public_rank_math_data":{"title":"%title% %sep% %sitename%","description":"","focus_keyword":"Referendum","canonical_url":"","robots":"","primary_category":"1081","breadcrumb_title":"","facebook_title":"","facebook_description":"","facebook_image":"","facebook_image_id":"","twitter_title":"","twitter_description":"","twitter_image":"","twitter_image_id":"","twitter_card_type":"","twitter_use_facebook":"","advanced_robots":"","pillar_content":"","seo_score":"57","contentai_score":"","rich_snippet":""},"_links":{"self":[{"href":"https:\/\/dailynewshungary.com\/de\/wp-json\/wp\/v2\/posts\/754723","targetHints":{"allow":["GET"]}}],"collection":[{"href":"https:\/\/dailynewshungary.com\/de\/wp-json\/wp\/v2\/posts"}],"about":[{"href":"https:\/\/dailynewshungary.com\/de\/wp-json\/wp\/v2\/types\/post"}],"author":[{"embeddable":true,"href":"https:\/\/dailynewshungary.com\/de\/wp-json\/wp\/v2\/users\/2"}],"replies":[{"embeddable":true,"href":"https:\/\/dailynewshungary.com\/de\/wp-json\/wp\/v2\/comments?post=754723"}],"version-history":[{"count":0,"href":"https:\/\/dailynewshungary.com\/de\/wp-json\/wp\/v2\/posts\/754723\/revisions"}],"wp:featuredmedia":[{"embeddable":true,"href":"https:\/\/dailynewshungary.com\/de\/wp-json\/wp\/v2\/media\/754724"}],"wp:attachment":[{"href":"https:\/\/dailynewshungary.com\/de\/wp-json\/wp\/v2\/media?parent=754723"}],"wp:term":[{"taxonomy":"category","embeddable":true,"href":"https:\/\/dailynewshungary.com\/de\/wp-json\/wp\/v2\/categories?post=754723"},{"taxonomy":"post_tag","embeddable":true,"href":"https:\/\/dailynewshungary.com\/de\/wp-json\/wp\/v2\/tags?post=754723"}],"curies":[{"name":"wp","href":"https:\/\/api.w.org\/{rel}","templated":true}]}}