{"id":754764,"date":"2016-09-23T06:12:58","date_gmt":"2016-09-23T04:12:58","guid":{"rendered":"https:\/\/dailynewshungary.com\/de\/wochentliche-pressekonferenz-der-regierung-uber-wertpapiermarkt-referendum-und-einwanderung-update\/"},"modified":"2016-09-23T06:12:58","modified_gmt":"2016-09-23T04:12:58","slug":"wochentliche-pressekonferenz-der-regierung-uber-wertpapiermarkt-referendum-und-einwanderung-update","status":"publish","type":"post","link":"https:\/\/dailynewshungary.com\/de\/wochentliche-pressekonferenz-der-regierung-uber-wertpapiermarkt-referendum-und-einwanderung-update\/","title":{"rendered":"W\u00f6chentliche Pressekonferenz der Regierung \u00fcber Wertpapiermarkt, Referendum und Einwanderung UPDATE"},"content":{"rendered":"<p><strong>Budapest (MTI) \u201eDie Regierung plant \u201egro\u00dfe Ver\u00e4nderungen\u201cauf dem Markt f\u00fcr Staatsanleihen, nachdem Standard and Poor&#8217;s letzte Woche das Rating Ungarns erh\u00f6ht hat, sagte Regierungsamtsleiter J\u00e1nos L\u00e1z\u00e1r am Donnerstag. Ein erfolgreiches Referendum am 2. Oktober in Bezug auf die Wahlbeteiligung und die Anzahl der \u201eNein&#8217;-Stimmen\u201d w\u00fcrde die Regierung erm\u00e4chtigen, eine \u00c4nderung der ungarischen Verfassung und sogar des europ\u00e4ischen Rechts vorzuschlagen, sagte er. Es wird erwartet, dass Ungarn in naher Zukunft massiv unter Druck ger\u00e4t, sagte L\u00e1z\u00e1r.<\/strong><\/p>\n<p><strong>Regierung, Wertpapiermarkt nach S+P-Upgrade neu zu denken&nbsp;<\/strong><\/p>\n<p>Premierminister Viktor Orb\u00e1n habe Wirtschaftsminister Mih\u00e1ly Varga gebeten, die finanziellen M\u00f6glichkeiten zu pr\u00fcfen, die sich aus der Modernisierung ergeben, sagte L\u00e1z\u00e1r auf seiner regelm\u00e4\u00dfigen w\u00f6chentlichen Pressekonferenz. Varga werde die M\u00f6glichkeiten auf dem Markt f\u00fcr Staatsanleihen pr\u00fcfen und bis Dezember \u00c4nderungen vorschlagen, sagte er.<\/p>\n<p>\u201cEine Aufwertung ist nicht nur symbolisch; sie hat auch praktische Auswirkungen\u201d, sagte erDas markiert ein neues Kapitel im staatlichen Wertpapierhandel und in der Staatsfinanzierung selbstf\u00fcgte L\u00e1z\u00e1r hinzu.<\/p>\n<p>Auf die Frage, ob die Regierung plane, wieder in den Markt f\u00fcr Fremdw\u00e4hrungsanleihen einzusteigen, sagte L\u00e1z\u00e1r \u201cjede M\u00f6glichkeit wird abgewogen\u201d.<\/p>\n<p>L\u00e1z\u00e1r sagte auch, dass diese \u00c4nderungen eine gute Gelegenheit darstellen w\u00fcrden, das institutionelle System hinter Wohnsitzanleihen zu \u00fcberpr\u00fcfen.<\/p>\n<p><strong>Die Verfassung kann im Lichte des Ergebnisses des Referendums ge\u00e4ndert werden<\/strong><\/p>\n<p>L\u00e1z\u00e1r teilte mit, dass die skandinavischen L\u00e4nder die EU aufgefordert h\u00e4tten, ein Vertragsverletzungsverfahren gegen Ungarn wegen der Weigerung, Migranten zur\u00fcckzuholen, einzuleiten. Bestrafung oder rechtlicher Druck seien in Sicht, sagte er und verwies auf die EU-Migrantenquoten und das bevorstehende Referendum Ungarns, bei dem die Ablehnung des Umverteilungssystems angestrebt werde.<\/p>\n<p>Da Griechenland keine Migranten zur\u00fccknehmen werde, m\u00fcsse Ungarn 30.000-50.000 Migranten aufnehmen und ihnen Wohnraum und andere Dienstleistungen zur Verf\u00fcgung stellen, sagte er.<\/p>\n<p>\u201cAndere L\u00e4nder wie \u00d6sterreich und Deutschland warten ab, weil sie wissen, dass Migranten zuerst anderswo in die EU eingereist sind\u201d, sagte L\u00e1z\u00e1r.<\/p>\n<p>Ungarn wird voraussichtlich in naher Zukunft massiv unter Druck geraten Aus diesem Grund ist es zwingend erforderlich, dass das Referendum vom 2. Oktober \u00fcber die Migrantenquoten in der Europ\u00e4ischen Union ein eindeutiges Ergebnis hat, sagte er.<\/p>\n<p>L\u00e1z\u00e1r sagte, dass es bei dem Referendum darum gehe, ob die Ungarn einen Konsens oder einen \u201enationalen Block\u201cbilden k\u00f6nnten, der \u00fcber Parteizugeh\u00f6rigkeiten hinausgeht, die daher von Br\u00fcssel nicht ignoriert werden k\u00f6nnten. \u201eBei dem Referendum geht es nicht um die Regierung, sondern um das Leben jedes Einzelnen von uns und mit wem wir zusammenleben wollen.\u201csagte er\u201d.<\/p>\n<p>L\u00e1z\u00e1r sagte, die deutsche Bundeskanzlerin Angela Merkel habe k\u00fcrzlich erkl\u00e4rt, sie werde die Uhr zur\u00fcckdrehen, wenn sie k\u00f6nne. \u201eDas ist aber nicht m\u00f6glich, sagte er. Die einzige L\u00f6sung besteht darin, Fl\u00fcchtlinge \u00fcber die EU-Grenzen hinaus zu schicken, f\u00fcgte er hinzu.<\/p>\n<p>Ungarn geh\u00f6re zu den EU-L\u00e4ndern, die die gr\u00f6\u00dfte Solidarit\u00e4t zeigten, weil es die Grenzen des Blocks ohne Unterst\u00fctzung der Gemeinschaft sch\u00fctze, sagte L\u00e1z\u00e1r. Im Gegensatz dazu habe die Europ\u00e4ische Kommission in den letzten 18 Monaten \u201ekeine einzige eindeutige Bemerkung zum Schutz der Grenzen gemacht\u201c\u201d, betonte er.<\/p>\n<p>Auf dem informellen EU-Gipfel in Bratislava am vergangenen Freitag sei kein Durchbruch erzielt worden, um die Position Br\u00fcssels zur Migrationspolitik zu \u00e4ndern, sagte er. \u201eAn diesem Samstag wird es ein Treffen mit L\u00e4ndern auf der Westbalkanroute geben, das eine weitere Gelegenheit bieten wird, Druck auszu\u00fcben. \u201eDie EU-Politikgestaltung, sagte L\u00e1z\u00e1r.<\/p>\n<p>Griechenland und Deutschland seien die Schl\u00fcssell\u00e4nder zur L\u00f6sung der aktuellen Fl\u00fcchtlingskrise, sagte erGriechenland ignoriert und sabotiert Schengen-Regeln, ohne mit EU-Sanktionen konfrontiert zu sein, w\u00e4hrend Deutschlands Vers\u00e4umnis, eine feste Obergrenze f\u00fcr die Zahl der Migranten festzulegen, die es aufzunehmen bereit ist, weiterhin einen \u201cSaug-Effekt\u201d habe Bis sie ihre Politik \u00e4ndern, k\u00f6nnten die Spannungen entlang der Balkan-Migrantenroute jederzeit explodieren, sagte L\u00e1z\u00e1rWenn Griechenland weiterhin ungestraft die EU-Regeln ignoriert, k\u00f6nnten Bulgarien und Mazedonien eine wachsende Rolle bei der Abschaltung der Balkanroute \u00fcbernehmen, f\u00fcgte er hinzu.<\/p>\n<p>Bez\u00fcglich der \u201cNo-Go-Zonen\u201d in europ\u00e4ischen St\u00e4dten beharrte L\u00e1z\u00e1r darauf, dass die Flugbl\u00e4tter der Regierung die Realit\u00e4t widerspiegelten \u201cDie Regierung hat die Pflicht, die \u00d6ffentlichkeit \u00fcber Fakten vor Ort zu informieren\u201d, sagte erDie Regierung will keinem ihrer Partner schaden, aber die W\u00e4hler sollten eine klare Meinung haben, betonte erDie Regierung versteht, warum gegen ihre Behauptungen protestiert wurde, aber \u201cBerlin, Br\u00fcssel, Paris und London haben Bereiche, in denen es nicht ratsam ist, abends dorthin zu gehen\u201d<\/p>\n<p>Bez\u00fcglich \u00d6sterreichs, das Fundamente f\u00fcr einen Zaun entlang der ungarischen Grenze bohrte, sagte L\u00e1z\u00e1r, \u00d6sterreich stehe am Rande seiner Tragf\u00e4higkeit \u201cEs ist jedoch eine gute Nachricht f\u00fcr sie, dass Ungarns Zaun entlang der serbischen Grenze Migranten auf dem Weg nach \u00d6sterreich aufh\u00e4lt\u201d, f\u00fcgte er hinzuUngarn besteht darauf, dass die \u00f6sterreichischen Ma\u00dfnahmen die ungarischen Pendler nicht behindern d\u00fcrftenDiese w\u00fcrden auch der \u00f6sterreichischen Wirtschaft schaden, f\u00fcgte er hinzu\u00d6sterreich hat deutlich gemacht, dass sich seine Schritte weder gegen Ungarn noch gegen ungarische Arbeitnehmer richten, sagte L\u00e1z\u00e1r.<\/p>\n<p>Der Chef des Regierungsb\u00fcros nannte es eine \u201coffensichtliche L\u00fcge\u201d, dass ungarische Polizisten Gewalt gegen Migranten entlang der serbischen Grenze ausge\u00fcbt h\u00e4tten.<\/p>\n<blockquote>\n<p>\u201cNicht die Polizei, sondern illegale Migranten haben im vergangenen Jahr den Grenzzaun angegriffen, den Budapester Bahnhof Keleti gest\u00fcrmt und die Autobahn Budapest-Wien besetzt\u201d, sagte er.<\/p>\n<\/blockquote>\n<p><strong>Ungarn rechnete damit, auf dem Gebiet der Migration enorm unter Druck zu geraten<\/strong><\/p>\n<p>In seiner regelm\u00e4\u00dfigen w\u00f6chentlichen Pressekonferenz sagte L\u00e1z\u00e1r, dass es bei dem Referendum darum gehe, ob die Ungarn einen Konsens oder einen \u201enationalen Block\u201cbilden k\u00f6nnten, der \u00fcber Parteizugeh\u00f6rigkeiten hinausgeht, die daher von Br\u00fcssel nicht ignoriert werden k\u00f6nnten. \u201eBei dem Referendum geht es nicht um die Regierung, sondern um das Leben jedes einzelnen von uns und mit wem wir zusammenleben m\u00f6chten\u201d, sagte er.<\/p>\n<p>L\u00e1z\u00e1r sagte, die deutsche Bundeskanzlerin Angela Merkel habe k\u00fcrzlich erkl\u00e4rt, sie werde die Uhr zur\u00fcckdrehen, wenn sie k\u00f6nne. \u201eDas ist aber nicht m\u00f6glich, sagte er. Die einzige L\u00f6sung besteht darin, Fl\u00fcchtlinge \u00fcber die EU-Grenzen hinaus zu schicken, f\u00fcgte er hinzu.<\/p>\n<p>Ungarn geh\u00f6re zu den EU-L\u00e4ndern, die die gr\u00f6\u00dfte Solidarit\u00e4t zeigten, weil es die Grenzen des Blocks ohne Unterst\u00fctzung der Gemeinschaft sch\u00fctze, sagte L\u00e1z\u00e1r. Im Gegensatz dazu habe die Europ\u00e4ische Kommission in den letzten 18 Monaten \u201ekeine einzige eindeutige Bemerkung zum Schutz der Grenzen gemacht\u201c\u201d, betonte er.<\/p>\n<p>Auf dem informellen EU-Gipfel in Bratislava am vergangenen Freitag sei kein Durchbruch erzielt worden, um die Position Br\u00fcssels zur Migrationspolitik zu \u00e4ndern, sagte er. \u201eAn diesem Samstag wird es ein Treffen mit L\u00e4ndern auf der Westbalkanroute geben, das eine weitere Gelegenheit bieten wird, Druck auszu\u00fcben. \u201eDie EU-Politikgestaltung, sagte L\u00e1z\u00e1r.<\/p>\n<p><em>Foto: MTI<\/em><\/p>\n","protected":false},"excerpt":{"rendered":"<p>Budapest (MTI) \u201eDie Regierung plant \u201egro\u00dfe Ver\u00e4nderungen\u201cauf dem Markt f\u00fcr Staatsanleihen, nachdem Standard and Poor&#8217;s letzte Woche das Rating Ungarns erh\u00f6ht hat, sagte Regierungsamtsleiter J\u00e1nos L\u00e1z\u00e1r am Donnerstag. Ein erfolgreiches Referendum am 2. Oktober in Bezug auf die Wahlbeteiligung und die Anzahl der \u201eNein&#8217;-Stimmen\u201d w\u00fcrde die Regierung erm\u00e4chtigen, eine \u00c4nderung der ungarischen Verfassung und sogar [&hellip;]<\/p>\n","protected":false},"author":2,"featured_media":754765,"comment_status":"open","ping_status":"open","sticky":false,"template":"","format":"standard","meta":{"_acf_changed":false,"_display_image":"","footnotes":""},"categories":[1081],"tags":[1082,1871,1445,3772,1299,1104],"class_list":["post-754764","post","type-post","status-publish","format-standard","has-post-thumbnail","hentry","category-politik","tag-europaische-union","tag-migrantenquoten","tag-migration","tag-referendum-uber-migrantenquoten","tag-schengen","tag-wirtschaft"],"blocksy_meta":[],"acf":[],"author_username":"alk","telegram_post":"","public_post_metadata":{"breaking_news":"","important":"","csempe":"","center_tile":"","disable_thumbnail":"","target_lang":"","_featured_image_style":"","telegram_post":"","_xlat_group_id":""},"public_rank_math_data":{"title":"%title% %sep% %sitename%","description":"","focus_keyword":"Regierung","canonical_url":"","robots":"","primary_category":"1081","breadcrumb_title":"","facebook_title":"","facebook_description":"","facebook_image":"","facebook_image_id":"","twitter_title":"","twitter_description":"","twitter_image":"","twitter_image_id":"","twitter_card_type":"","twitter_use_facebook":"","advanced_robots":"","pillar_content":"","seo_score":"59","contentai_score":"","rich_snippet":""},"_links":{"self":[{"href":"https:\/\/dailynewshungary.com\/de\/wp-json\/wp\/v2\/posts\/754764","targetHints":{"allow":["GET"]}}],"collection":[{"href":"https:\/\/dailynewshungary.com\/de\/wp-json\/wp\/v2\/posts"}],"about":[{"href":"https:\/\/dailynewshungary.com\/de\/wp-json\/wp\/v2\/types\/post"}],"author":[{"embeddable":true,"href":"https:\/\/dailynewshungary.com\/de\/wp-json\/wp\/v2\/users\/2"}],"replies":[{"embeddable":true,"href":"https:\/\/dailynewshungary.com\/de\/wp-json\/wp\/v2\/comments?post=754764"}],"version-history":[{"count":0,"href":"https:\/\/dailynewshungary.com\/de\/wp-json\/wp\/v2\/posts\/754764\/revisions"}],"wp:featuredmedia":[{"embeddable":true,"href":"https:\/\/dailynewshungary.com\/de\/wp-json\/wp\/v2\/media\/754765"}],"wp:attachment":[{"href":"https:\/\/dailynewshungary.com\/de\/wp-json\/wp\/v2\/media?parent=754764"}],"wp:term":[{"taxonomy":"category","embeddable":true,"href":"https:\/\/dailynewshungary.com\/de\/wp-json\/wp\/v2\/categories?post=754764"},{"taxonomy":"post_tag","embeddable":true,"href":"https:\/\/dailynewshungary.com\/de\/wp-json\/wp\/v2\/tags?post=754764"}],"curies":[{"name":"wp","href":"https:\/\/api.w.org\/{rel}","templated":true}]}}