{"id":754793,"date":"2016-09-22T07:49:00","date_gmt":"2016-09-22T05:49:00","guid":{"rendered":"https:\/\/dailynewshungary.com\/de\/regierung-opposition-diskutieren-eu-zukunft\/"},"modified":"2016-09-22T07:49:00","modified_gmt":"2016-09-22T05:49:00","slug":"regierung-opposition-diskutieren-eu-zukunft","status":"publish","type":"post","link":"https:\/\/dailynewshungary.com\/de\/regierung-opposition-diskutieren-eu-zukunft\/","title":{"rendered":"Regierung, Opposition diskutieren EU-Zukunft"},"content":{"rendered":"<p><strong>Budapest (MTI) \u2013 Die Politik hat am Mittwoch auf einer Konferenz \u00fcber die Zukunft der Europ\u00e4ischen Union und den Platz Ungarns darin diskutiert, wobei sich alle Seiten einig waren, dass die EU als positive Kraft dienen k\u00f6nnte, solange Ungarn in der Lage ist, seine Interessen darin durchzusetzen.<\/strong><\/p>\n<p>Staatssekret\u00e4r N\u00e1ndor Csepreghy sagte im Namen der Regierung, dass die EU in ihrem gegenw\u00e4rtigen Zustand sinnlos sei, f\u00fcgte jedoch hinzu, dass sich der Block seinen demografischen und wirtschaftlichen Herausforderungen stellen sollte, damit er seine Interessen und Ziele neu definieren k\u00f6nne. Premierminister Viktor Orban setzt sich auch daf\u00fcr ein, dass die EU von innen heraus ver\u00e4ndert werden kann, sagte er.<\/p>\n<p>Die \u00c1gnes Kunhalmi von der Sozialistischen Partei bezeichnete Csepreghys \u00c4u\u00dferungen als \u201cgef\u00e4hrlich\u201d, sie argumentierte, Ungarn habe nur von seiner EU-Mitgliedschaft profitiertSie sagte, es sei ermutigend, dass sich in Ungarn \u201ctrotz der Regierungspropaganda\u201d keine Euroskepsis durchgesetzt habeAber Kunhalmi sagte, der Ministerpr\u00e4sident habe seine Au\u00dfenpolitik im Zusammenhang mit der EU rein auf seine innenpolitischen Ziele gest\u00fctzt, die ihrer Meinung nach die F\u00e4higkeit Ungarns untergruben, seine Interessen innerhalb des Blocks durchzusetzen.<\/p>\n<p>Tibor Bana von der oppositionellen Jobbik-Partei sagte, die EU k\u00f6nne n\u00fctzlich sein, wenn Ungarn seine Interessen \u201cauf dem richtigen Weg\u201d durchsetzen k\u00f6nne. Er sagte, dass es nach der Entscheidung Gro\u00dfbritanniens, den Block zu verlassen, eine Chance gebe, Reformen umzusetzen, die den Mitgliedstaaten mehr Befugnisse verleihen k\u00f6nnten. Er sagte, die derzeitige Europ\u00e4ische Union sei nicht die Art, f\u00fcr die Ungarn gestimmt h\u00e4tten, und verwies auf aktuelle Umfragen, die darauf hindeuteten, dass zwei Drittel der Ungarn gegen eine weitere Integration seien.<\/p>\n<p>Der au\u00dfenpolitische Sprecher der LMP, P\u00e9ter Ung\u00e1r, sagte, die EU sei nur dann n\u00fctzlich, wenn ihre \u201cPeripheriel\u00e4nder\u201d die L\u00fccke zu den \u201cZentrall\u00e4ndern\u201d schlie\u00dfen k\u00f6nnten. Er sagte, die EU bewege sich in dieser Hinsicht nicht in die richtige Richtung.<\/p>\n<p>Viktor Szigetv\u00e1ri, Vorsitzender der Egy\u00fctt-Partei, die die Konferenz organisiert hat, sagte, seine Partei wolle die EU-Integration so vorantreiben, dass sie der Identit\u00e4t der Nationalstaaten nicht schade. Als Beispiel sagte er, dass Br\u00fcssel den Mitgliedstaaten mehr Macht geben sollte, Korruption zu bek\u00e4mpfen.<\/p>\n","protected":false},"excerpt":{"rendered":"<p>Budapest (MTI) \u2013 Die Politik hat am Mittwoch auf einer Konferenz \u00fcber die Zukunft der Europ\u00e4ischen Union und den Platz Ungarns darin diskutiert, wobei sich alle Seiten einig waren, dass die EU als positive Kraft dienen k\u00f6nnte, solange Ungarn in der Lage ist, seine Interessen darin durchzusetzen. Staatssekret\u00e4r N\u00e1ndor Csepreghy sagte im Namen der Regierung, [&hellip;]<\/p>\n","protected":false},"author":2,"featured_media":754794,"comment_status":"open","ping_status":"open","sticky":false,"template":"","format":"standard","meta":{"_acf_changed":false,"_display_image":"","footnotes":""},"categories":[1081],"tags":[4015,1082,1632,1873,1695],"class_list":["post-754793","post","type-post","status-publish","format-standard","has-post-thumbnail","hentry","category-politik","tag-egyutt","tag-europaische-union","tag-jobbik","tag-lmp","tag-sozialisten"],"blocksy_meta":[],"acf":[],"author_username":"alk","telegram_post":"","public_post_metadata":{"breaking_news":"","important":"","csempe":"","center_tile":"","disable_thumbnail":"","target_lang":"","_featured_image_style":"","telegram_post":"","_xlat_group_id":""},"public_rank_math_data":{"title":"%title% %sep% %sitename%","description":"","focus_keyword":"EU","canonical_url":"","robots":"","primary_category":"1081","breadcrumb_title":"","facebook_title":"","facebook_description":"","facebook_image":"","facebook_image_id":"","twitter_title":"","twitter_description":"","twitter_image":"","twitter_image_id":"","twitter_card_type":"","twitter_use_facebook":"","advanced_robots":"","pillar_content":"","seo_score":"54","contentai_score":"","rich_snippet":""},"_links":{"self":[{"href":"https:\/\/dailynewshungary.com\/de\/wp-json\/wp\/v2\/posts\/754793","targetHints":{"allow":["GET"]}}],"collection":[{"href":"https:\/\/dailynewshungary.com\/de\/wp-json\/wp\/v2\/posts"}],"about":[{"href":"https:\/\/dailynewshungary.com\/de\/wp-json\/wp\/v2\/types\/post"}],"author":[{"embeddable":true,"href":"https:\/\/dailynewshungary.com\/de\/wp-json\/wp\/v2\/users\/2"}],"replies":[{"embeddable":true,"href":"https:\/\/dailynewshungary.com\/de\/wp-json\/wp\/v2\/comments?post=754793"}],"version-history":[{"count":0,"href":"https:\/\/dailynewshungary.com\/de\/wp-json\/wp\/v2\/posts\/754793\/revisions"}],"wp:featuredmedia":[{"embeddable":true,"href":"https:\/\/dailynewshungary.com\/de\/wp-json\/wp\/v2\/media\/754794"}],"wp:attachment":[{"href":"https:\/\/dailynewshungary.com\/de\/wp-json\/wp\/v2\/media?parent=754793"}],"wp:term":[{"taxonomy":"category","embeddable":true,"href":"https:\/\/dailynewshungary.com\/de\/wp-json\/wp\/v2\/categories?post=754793"},{"taxonomy":"post_tag","embeddable":true,"href":"https:\/\/dailynewshungary.com\/de\/wp-json\/wp\/v2\/tags?post=754793"}],"curies":[{"name":"wp","href":"https:\/\/api.w.org\/{rel}","templated":true}]}}