{"id":754861,"date":"2016-09-19T19:10:46","date_gmt":"2016-09-19T17:10:46","guid":{"rendered":"https:\/\/dailynewshungary.com\/de\/europarat-ungarn-muss-mehr-tun-um-die-diskriminierung-von-roma-zu-bekampfen\/"},"modified":"2016-09-19T19:10:46","modified_gmt":"2016-09-19T17:10:46","slug":"europarat-ungarn-muss-mehr-tun-um-die-diskriminierung-von-roma-zu-bekampfen","status":"publish","type":"post","link":"https:\/\/dailynewshungary.com\/de\/europarat-ungarn-muss-mehr-tun-um-die-diskriminierung-von-roma-zu-bekampfen\/","title":{"rendered":"Europarat: Ungarn muss mehr tun, um die Diskriminierung von Roma zu bek\u00e4mpfen"},"content":{"rendered":"<p><strong>Budapest, 19. September (MTI) 6 Die meisten Vertreter nationaler Minderheiten haben \u00fcber eine insgesamt g\u00fcnstige Situation in Ungarn berichtet, aber es gibt mehrere Probleme, die gel\u00f6st werden m\u00fcssen, wie etwa systemische Diskriminierung und Ungleichheit in allen Lebensbereichen, unter denen die Roma leiden, so der Rat Der Beratende Ausschuss von Europa (CoE) zum Rahmen\u00fcbereinkommen zum Schutz nationaler Minderheiten sagte in seinem j\u00fcngsten Bericht.<\/strong><\/p>\n<p>Der fast 50-seitige Bericht hob die fremdenfeindlichen und intoleranten Einstellungen hervor, die in der ungarischen Gesellschaft trotz der Bem\u00fchungen der Beh\u00f6rden fortbestehen, insbesondere gegen\u00fcber den Roma. In den letzten Jahren gab es Berichte \u00fcber k\u00f6rperliche Angriffe gegen die Roma und extremistische politische Bewegungen und Parteien verbreiten weiterhin Vorurteile und Hassreden gegen die Roma, f\u00fcgte der Bericht hinzu.<\/p>\n<p>Roma leiden weiterhin unter systemischer Diskriminierung und Ungleichheit in allen Lebensbereichen einschlie\u00dflich Wohnen, Besch\u00e4ftigung, Bildung, Zugang zur Gesundheit und Teilhabe am gesellschaftlichen und politischen Leben, so der Ausschuss in seiner Stellungnahme zu Ungarn Dar\u00fcber hinaus hat sich nach den von den Beh\u00f6rden gesammelten Beweisen die Segregation von Roma-Schulkindern in den letzten Jahren verst\u00e4rkt Die Diskriminierung von Roma-Kindern hat sich vertieft, insbesondere infolge des von den Beh\u00f6rden gef\u00f6rderten Ansatzes der \u201cwohlwollenden Segregation\u201d, nach dem Roma-Kinder in getrennten Roma-Klassen \u201caufholen\u201d sollen, bevor sie in die allgemeine Bildung aufgenommen werden, f\u00fcgte der Bericht hinzu.<\/p>\n<p>Gleichzeitig hei\u00dft es in dem Bericht, dass die sozio\u00f6konomische Situation der meisten in Ungarn lebenden nationalen Minderheiten nicht von der Mehrheitsbev\u00f6lkerung abweicht.<\/p>\n<p>\u201cMit Ausnahme der Roma sind Personen, die verschiedenen ethnischen Gruppen angeh\u00f6ren, aus denen die ungarische Gesellschaft besteht, gut integriert und nehmen uneingeschr\u00e4nkt am wirtschaftlichen, sozialen und kulturellen Leben teil\u201d, hie\u00df es.<\/p>\n<p>Die Bem\u00fchungen der Beh\u00f6rden zur F\u00f6rderung von Minderheitenkulturen und Bildung sowie besondere Schritte zur St\u00e4rkung der Vertretung nationaler Minderheiten im Parlament und durch die Selbstverwaltungen nationaler Minderheiten werden allgemein anerkannt und gesch\u00e4tzt, hei\u00dft es in dem Bericht. Obwohl die Gesetzgebung ein hohes Ma\u00df an Schutz f\u00fcr Minderheitensprachen bietet, werden sie in der Praxis in \u00f6ffentlichen Angelegenheiten sehr selten verwendet, f\u00fcgte es hinzu.<\/p>\n<p>Der Europarat nahm in den Bericht Empfehlungen an die ungarischen Beh\u00f6rden auf, wie z. B. in enger Absprache mit Roma-Vertretern die Lebensbedingungen, den Zugang zu Gesundheitsdiensten und die Besch\u00e4ftigung der Roma zu verbessern; dringend und ohne weitere Verz\u00f6gerung die notwendigen Ma\u00dfnahmen ergreifen, um Praktiken zu beenden, die zu einer anhaltenden Segregation von Roma-Kindern in der Schule f\u00fchren, und die Anstrengungen zur Behebung anderer Defizite, mit denen Roma-Kinder im Bildungsbereich konfrontiert sind, zu verdoppeln; sicherstellen, dass Roma-Kinder gleiche Chancen auf Zugang zu allen Ebenen hochwertiger Bildung haben, insbesondere durch die Verhinderung der Unterbringung in \u201eAufholklassen\u201c; Ergreifen Sie entschlossene Ma\u00dfnahmen, um zu verhindern, dass Kinder zu Unrecht in Sonderschulen untergebracht werden.<\/p>\n<p>Dar\u00fcber hinaus sollte sichergestellt werden, dass dem Kommissar f\u00fcr Grundrechte die erforderliche Unterst\u00fctzung gew\u00e4hrt wird, um seine Rolle weiterhin effektiv wahrnehmen zu k\u00f6nnen, insbesondere im Hinblick auf die Durchsetzung von Empfehlungen im Hinblick auf die St\u00e4rkung der Kompetenzen des Kommissars, hei\u00dft es in dem Bericht.<\/p>\n<p>Der Bericht betonte auch, wie wichtig es ist, Toleranz und respektvolle Einstellungen in der Mehrheitsbev\u00f6lkerung zu f\u00f6rdern; Verst\u00e4rken Sie die Bem\u00fchungen zur Bek\u00e4mpfung von Erscheinungsformen von Intoleranz, Rassismus, Fremdenfeindlichkeit und Hassreden in der ungarischen Gesellschaft, einschlie\u00dflich der Medien und der politischen Arena.<\/p>\n<p>Die ungarischen Beh\u00f6rden haben als Antwort darauf ihre Kommentare \u00fcbermittelt und erkl\u00e4rt, dass die ungarische Regierung alles unternimmt, um die Toleranz und respektvolle Haltung gegen\u00fcber Minderheiten innerhalb der Mehrheitsbev\u00f6lkerung zu st\u00e4rken.<\/p>\n<p>\u201eDie in Ungarn lebenden autochthonen Minderheiten f\u00fchlen sich in Ungarn wohl; Die vorteilhafte Ausrichtung der Gesetzgebung und der nationalen Minderheitenpolitik sowie die g\u00fcnstige Entwicklung des sozialen Klimas werden auch dadurch best\u00e4tigt, dass in den vergangenen Jahren die Zahl und das Verh\u00e4ltnis innerhalb der Bev\u00f6lkerung derjenigen, die sich dazu \u00e4u\u00dfern, gestiegen sind.\u201cihre Nationalit\u00e4tsidentit\u00e4t hat zugenommen\u201d, zeigten die Kommentare der Regierung.<\/p>\n<p>In den letzten Jahren wurden erhebliche Ma\u00dfnahmen ergriffen, um zu verhindern, dass Roma-Kinder zu Unrecht in Sonderschulen untergebracht werden, und als Folge dieser Ma\u00dfnahmen ist der Anteil der Schulkinder mit leichter geistiger Behinderung von 2,1 Prozent im Jahr 2005 auf 1,5 Prozent im Jahr 2014 gesunken, so die Regierung f\u00fcgte hinzu.<\/p>\n","protected":false},"excerpt":{"rendered":"<p>Budapest, 19. September (MTI) 6 Die meisten Vertreter nationaler Minderheiten haben \u00fcber eine insgesamt g\u00fcnstige Situation in Ungarn berichtet, aber es gibt mehrere Probleme, die gel\u00f6st werden m\u00fcssen, wie etwa systemische Diskriminierung und Ungleichheit in allen Lebensbereichen, unter denen die Roma leiden, so der Rat Der Beratende Ausschuss von Europa (CoE) zum Rahmen\u00fcbereinkommen zum Schutz [&hellip;]<\/p>\n","protected":false},"author":2,"featured_media":754862,"comment_status":"open","ping_status":"open","sticky":false,"template":"","format":"standard","meta":{"_acf_changed":false,"_display_image":"","footnotes":""},"categories":[1081],"tags":[1560,1082,1617,1267,2074],"class_list":["post-754861","post","type-post","status-publish","format-standard","has-post-thumbnail","hentry","category-politik","tag-ethnische","tag-europaische-union","tag-rat-von-europa","tag-rechte","tag-roma"],"blocksy_meta":[],"acf":[],"author_username":"alk","telegram_post":"","public_post_metadata":{"breaking_news":"","important":"","csempe":"","center_tile":"","disable_thumbnail":"","target_lang":"","_featured_image_style":"","telegram_post":"","_xlat_group_id":""},"public_rank_math_data":{"title":"%title% %sep% %sitename%","description":"","focus_keyword":"Roma Ungarn","canonical_url":"","robots":"","primary_category":"1081","breadcrumb_title":"","facebook_title":"","facebook_description":"","facebook_image":"","facebook_image_id":"","twitter_title":"","twitter_description":"","twitter_image":"","twitter_image_id":"","twitter_card_type":"","twitter_use_facebook":"","advanced_robots":"","pillar_content":"","seo_score":"5","contentai_score":"","rich_snippet":""},"_links":{"self":[{"href":"https:\/\/dailynewshungary.com\/de\/wp-json\/wp\/v2\/posts\/754861","targetHints":{"allow":["GET"]}}],"collection":[{"href":"https:\/\/dailynewshungary.com\/de\/wp-json\/wp\/v2\/posts"}],"about":[{"href":"https:\/\/dailynewshungary.com\/de\/wp-json\/wp\/v2\/types\/post"}],"author":[{"embeddable":true,"href":"https:\/\/dailynewshungary.com\/de\/wp-json\/wp\/v2\/users\/2"}],"replies":[{"embeddable":true,"href":"https:\/\/dailynewshungary.com\/de\/wp-json\/wp\/v2\/comments?post=754861"}],"version-history":[{"count":0,"href":"https:\/\/dailynewshungary.com\/de\/wp-json\/wp\/v2\/posts\/754861\/revisions"}],"wp:featuredmedia":[{"embeddable":true,"href":"https:\/\/dailynewshungary.com\/de\/wp-json\/wp\/v2\/media\/754862"}],"wp:attachment":[{"href":"https:\/\/dailynewshungary.com\/de\/wp-json\/wp\/v2\/media?parent=754861"}],"wp:term":[{"taxonomy":"category","embeddable":true,"href":"https:\/\/dailynewshungary.com\/de\/wp-json\/wp\/v2\/categories?post=754861"},{"taxonomy":"post_tag","embeddable":true,"href":"https:\/\/dailynewshungary.com\/de\/wp-json\/wp\/v2\/tags?post=754861"}],"curies":[{"name":"wp","href":"https:\/\/api.w.org\/{rel}","templated":true}]}}