{"id":754874,"date":"2016-09-19T12:00:12","date_gmt":"2016-09-19T10:00:12","guid":{"rendered":"https:\/\/dailynewshungary.com\/de\/pm-berater-begrust-eu-hilfe-fur-bulgarien\/"},"modified":"2016-09-19T12:00:12","modified_gmt":"2016-09-19T10:00:12","slug":"pm-berater-begrust-eu-hilfe-fur-bulgarien","status":"publish","type":"post","link":"https:\/\/dailynewshungary.com\/de\/pm-berater-begrust-eu-hilfe-fur-bulgarien\/","title":{"rendered":"PM-Berater begr\u00fc\u00dft EU-Hilfe f\u00fcr Bulgarien"},"content":{"rendered":"<p><strong>Budapest, 18. September (MTI) \u201eDie Entscheidung der Europ\u00e4ischen Union, Bulgarien Soforthilfe zu leisten, um es beim Schutz seiner Grenzen vor Migrantenstr\u00f6men zu unterst\u00fctzen, ist ein positives Ergebnis des EU-Gipfels in Bratislava, sagte der oberste Sicherheitsberater des Premierministers. sagte am sp\u00e4ten Wochenende.<\/strong><\/p>\n<p>Die bulgarisch-t\u00fcrkische Grenze werde ein Schl\u00fcsselgebiet im Hinblick auf den Zustrom von Migranten in den kommenden Wochen sein, sagte Gy\u00f6rgy Bakondi dem \u00f6ffentlichen Nachrichtensender M1.<\/p>\n<p>Er sagte, derzeit \u00fcber 65.000 registrierte Migranten in Griechenland seien auf der Suche nach neuen Routen, um nach Westeuropa zu gelangen. Eine dieser Routen f\u00fchre durch Bulgarien, w\u00e4hrend die andere durch Albanien, Kosovo, Serbien und nach Ungarn oder an die ungarisch-serbisch-rum\u00e4nische Grenze f\u00fchre, sagte Bakondi.<\/p>\n<p style=\"text-align: center;\">&nbsp;<iframe loading=\"lazy\" style=\"border: none; overflow: hidden;\" src=\"https:\/\/www.facebook.com\/plugins\/post.php?href=https%3A%2F%2Fwww.facebook.com%2Fdailynewshungary%2Fposts%2F1096822510353319&amp;width=500\" width=\"500\" height=\"540\" frameborder=\"0\" scrolling=\"no\"><\/iframe><\/p>\n<p>Er sagte, die meisten EU-Staats &#8211; und Regierungschefs auf dem Gipfel in Bratislava unterst\u00fctzten die Idee, eine gemeinsame europ\u00e4ische Armee aufzustellenWenn auch vorerst nicht mehr als eine Idee, so ist sie doch eine wichtige, weil der Austritt Gro\u00dfbritanniens aus der EU eine neue Sicherheitslage bewirkt habe, sagte BakondiEr stellte fest, dass die EU sowohl im Osten, in Form des Ukraine-Konflikts, als auch im S\u00fcden vor ernsthaften Herausforderungen durch die Wellen der in Italien und Griechenland ankommenden Migranten stehe.<\/p>\n<p>Bakondi sagte, die \u201crealistischen\u201d Vorschl\u00e4ge der Visegrad-Gruppe zur Bew\u00e4ltigung der Fl\u00fcchtlingskrise k\u00f6nnten sich letztendlich f\u00fcr \u00d6sterreich oder sogar andere Mitgliedstaaten als attraktiv erweisen.<\/p>\n<p>Unterdessen gab das nationale Polizeipr\u00e4sidium am Sonntag bekannt, dass ein Kontingent von 49 polnischen Polizisten in Ungarn eingetroffen sei, um bei der Patrouille an der ungarisch-serbischen Grenze zu helfen.<\/p>\n<p>Die polnischen Beamten unterst\u00fctzen Ungarns Grenzschutzbem\u00fchungen im Rahmen eines Kooperationsrahmens der V4-Gruppierung. Der Einsatz des Kontingents werde bis zum 29. Oktober dauern, teilte die nationale Polizei auf ihrer Website mit.<\/p>\n<p><em>Foto: MTI<\/em><\/p>\n","protected":false},"excerpt":{"rendered":"<p>Budapest, 18. September (MTI) \u201eDie Entscheidung der Europ\u00e4ischen Union, Bulgarien Soforthilfe zu leisten, um es beim Schutz seiner Grenzen vor Migrantenstr\u00f6men zu unterst\u00fctzen, ist ein positives Ergebnis des EU-Gipfels in Bratislava, sagte der oberste Sicherheitsberater des Premierministers. sagte am sp\u00e4ten Wochenende. Die bulgarisch-t\u00fcrkische Grenze werde ein Schl\u00fcsselgebiet im Hinblick auf den Zustrom von Migranten in [&hellip;]<\/p>\n","protected":false},"author":2,"featured_media":754875,"comment_status":"open","ping_status":"open","sticky":false,"template":"","format":"standard","meta":{"_acf_changed":false,"_display_image":"","footnotes":""},"categories":[1081],"tags":[1082,1445,1299,1923],"class_list":["post-754874","post","type-post","status-publish","format-standard","has-post-thumbnail","hentry","category-politik","tag-europaische-union","tag-migration","tag-schengen","tag-visegrad-vier"],"blocksy_meta":[],"acf":[],"author_username":"alk","telegram_post":"","public_post_metadata":{"breaking_news":"","important":"","csempe":"","center_tile":"","disable_thumbnail":"","target_lang":"","_featured_image_style":"","telegram_post":"","_xlat_group_id":""},"public_rank_math_data":{"title":"%title% %sep% %sitename%","description":"","focus_keyword":"Bulgarien EU","canonical_url":"","robots":"","primary_category":"1081","breadcrumb_title":"","facebook_title":"","facebook_description":"","facebook_image":"","facebook_image_id":"","twitter_title":"","twitter_description":"","twitter_image":"","twitter_image_id":"","twitter_card_type":"","twitter_use_facebook":"","advanced_robots":"","pillar_content":"","seo_score":"7","contentai_score":"","rich_snippet":""},"_links":{"self":[{"href":"https:\/\/dailynewshungary.com\/de\/wp-json\/wp\/v2\/posts\/754874","targetHints":{"allow":["GET"]}}],"collection":[{"href":"https:\/\/dailynewshungary.com\/de\/wp-json\/wp\/v2\/posts"}],"about":[{"href":"https:\/\/dailynewshungary.com\/de\/wp-json\/wp\/v2\/types\/post"}],"author":[{"embeddable":true,"href":"https:\/\/dailynewshungary.com\/de\/wp-json\/wp\/v2\/users\/2"}],"replies":[{"embeddable":true,"href":"https:\/\/dailynewshungary.com\/de\/wp-json\/wp\/v2\/comments?post=754874"}],"version-history":[{"count":0,"href":"https:\/\/dailynewshungary.com\/de\/wp-json\/wp\/v2\/posts\/754874\/revisions"}],"wp:featuredmedia":[{"embeddable":true,"href":"https:\/\/dailynewshungary.com\/de\/wp-json\/wp\/v2\/media\/754875"}],"wp:attachment":[{"href":"https:\/\/dailynewshungary.com\/de\/wp-json\/wp\/v2\/media?parent=754874"}],"wp:term":[{"taxonomy":"category","embeddable":true,"href":"https:\/\/dailynewshungary.com\/de\/wp-json\/wp\/v2\/categories?post=754874"},{"taxonomy":"post_tag","embeddable":true,"href":"https:\/\/dailynewshungary.com\/de\/wp-json\/wp\/v2\/tags?post=754874"}],"curies":[{"name":"wp","href":"https:\/\/api.w.org\/{rel}","templated":true}]}}