{"id":754882,"date":"2016-09-19T08:00:55","date_gmt":"2016-09-19T06:00:55","guid":{"rendered":"https:\/\/dailynewshungary.com\/de\/referendum-abstimmung-gegen-die-regierung-indem-sie-zu-hause-bleibt-sagen-linke-parteien\/"},"modified":"2016-09-19T08:00:55","modified_gmt":"2016-09-19T06:00:55","slug":"referendum-abstimmung-gegen-die-regierung-indem-sie-zu-hause-bleibt-sagen-linke-parteien","status":"publish","type":"post","link":"https:\/\/dailynewshungary.com\/de\/referendum-abstimmung-gegen-die-regierung-indem-sie-zu-hause-bleibt-sagen-linke-parteien\/","title":{"rendered":"Referendum \u2013 Abstimmung gegen die Regierung, indem sie zu Hause bleibt, sagen linke Parteien"},"content":{"rendered":"<p><strong>Budapest, 18. September (MTI) (Durch den Boykott des Referendums vom 2. Oktober \u00fcber die Migrantenquoten in der Europ\u00e4ischen Union werden die W\u00e4hler gegen die Regierung stimmen, sagten die Oppositionsparteien Egy\u00fctt, Dialogue for Ungarn und die nichtparlamentarischen MoMa-Parteien am Sonntag.<\/strong><\/p>\n<p>Viktor Szigetv\u00e1ri, Egy\u00fctts Vorsitzender, sagte auf einer Pressekonferenz, dass sich die drei Parteien zusammengeschlossen h\u00e4tten, um gegen das von der Regierung unterst\u00fctzte Referendum zu k\u00e4mpfen.<\/p>\n<p>Da mindestens 50 Prozent der W\u00e4hler abstimmen m\u00fcssen, damit das Ergebnis rechtsg\u00fcltig ist, sagen die Parteien, dass der beste Weg, die Ablehnung der Regierungsinitiative sicherzustellen, darin besteht, \u00fcberhaupt nicht zu w\u00e4hlen.<\/p>\n<p>Szigetv\u00e1ri bestand darauf, dass die Regierungspartei Fidesz und Ministerpr\u00e4sident Viktor Orb\u00e1n \u201c\u00fcber Europa, Asylbewerber und wie man Sicherheit und Zusammenarbeit in Ungarn und auf dem Kontinent schaffen k\u00f6nne\u201d, w\u00e4hrend sie \u201cunser Geld ohne jede Hemmung stahlen\u201d.<\/p>\n<p>Bence Tordai, der Sprecher von Dialogue, sagte, dass die Kampagne des Regierungsreferendums zugunsten eines \u201cNein\u201d \u00fcber die Migrantenquoten \u201cein Gewirr von L\u00fcgen\u201d sei. Er warf Orb\u00e1n vor, die Schlusserkl\u00e4rung des informellen EU-Gipfels in Bratislava falsch dargestellt zu haben.<\/p>\n<p>Bei der europ\u00e4ischen Gemeinschaft gehe es nicht darum, den isolationistischen, konkurrierenden Nationalismus zu st\u00e4rken, sondern \u201cwir entwickeln unsere ungarische und europ\u00e4ische Identit\u00e4t gleichzeitig\u201d, sagte er.<\/p>\n<p>Erzs\u00e9bet Pusztai, der stellvertretende Vorsitzende des MoMa, sagte, immer mehr Menschen bemerkten, dass die Regierung keine L\u00f6sungen f\u00fcr wichtige Alltagsprobleme habe. Sie sagte, es sei \u201cskandal\u00f6s\u201d, dass Orban vom Schutz des christlichen Europas bei \u201cEinklemmung im Schlamm\u201d christlicher Grundwerte spreche. Sie f\u00fcgte hinzu, dass das Referendum f\u00fcr Orban eine reine M\u00f6glichkeit sei, seine Macht zu bewahren.<\/p>\n<p>Als Reaktion darauf erkl\u00e4rte die regierende Fidesz-Partei in einer Erkl\u00e4rung, dass das Referendum eine Entscheidung \u00fcber die Zukunft aller und des Landes sein werde. Sie bestand darauf, dass es bei der Entscheidung nicht um politische Parteien oder Rechts und Links gehe.<\/p>\n<p>\u201cIn Br\u00fcssel werden immer konkretere und gef\u00e4hrlichere Entscheidungen zur Ansiedlung von Migranten getroffen\u201d, hie\u00df es in der Erkl\u00e4rung und f\u00fcgte hinzu, dass bei Durchsetzung des \u201cQuotenpakets\u201d Tausende von Migranten in ungarischen St\u00e4dten und D\u00f6rfern angesiedelt werden.<\/p>\n","protected":false},"excerpt":{"rendered":"<p>Budapest, 18. September (MTI) (Durch den Boykott des Referendums vom 2. Oktober \u00fcber die Migrantenquoten in der Europ\u00e4ischen Union werden die W\u00e4hler gegen die Regierung stimmen, sagten die Oppositionsparteien Egy\u00fctt, Dialogue for Ungarn und die nichtparlamentarischen MoMa-Parteien am Sonntag. Viktor Szigetv\u00e1ri, Egy\u00fctts Vorsitzender, sagte auf einer Pressekonferenz, dass sich die drei Parteien zusammengeschlossen h\u00e4tten, um [&hellip;]<\/p>\n","protected":false},"author":2,"featured_media":754883,"comment_status":"open","ping_status":"open","sticky":false,"template":"","format":"standard","meta":{"_acf_changed":false,"_display_image":"","footnotes":""},"categories":[1081],"tags":[1661,4015,3772],"class_list":["post-754882","post","type-post","status-publish","format-standard","has-post-thumbnail","hentry","category-politik","tag-dialog-fur-ungarn","tag-egyutt","tag-referendum-uber-migrantenquoten"],"blocksy_meta":[],"acf":[],"author_username":"alk","telegram_post":"","public_post_metadata":{"breaking_news":"","important":"","csempe":"","center_tile":"","disable_thumbnail":"","target_lang":"","_featured_image_style":"","telegram_post":"","_xlat_group_id":""},"public_rank_math_data":{"title":"%title% %sep% %sitename%","description":"","focus_keyword":"Referendum Ungarn","canonical_url":"","robots":"","primary_category":"1081","breadcrumb_title":"","facebook_title":"","facebook_description":"","facebook_image":"","facebook_image_id":"","twitter_title":"","twitter_description":"","twitter_image":"","twitter_image_id":"","twitter_card_type":"","twitter_use_facebook":"","advanced_robots":"","pillar_content":"","seo_score":"1","contentai_score":"","rich_snippet":""},"_links":{"self":[{"href":"https:\/\/dailynewshungary.com\/de\/wp-json\/wp\/v2\/posts\/754882","targetHints":{"allow":["GET"]}}],"collection":[{"href":"https:\/\/dailynewshungary.com\/de\/wp-json\/wp\/v2\/posts"}],"about":[{"href":"https:\/\/dailynewshungary.com\/de\/wp-json\/wp\/v2\/types\/post"}],"author":[{"embeddable":true,"href":"https:\/\/dailynewshungary.com\/de\/wp-json\/wp\/v2\/users\/2"}],"replies":[{"embeddable":true,"href":"https:\/\/dailynewshungary.com\/de\/wp-json\/wp\/v2\/comments?post=754882"}],"version-history":[{"count":0,"href":"https:\/\/dailynewshungary.com\/de\/wp-json\/wp\/v2\/posts\/754882\/revisions"}],"wp:featuredmedia":[{"embeddable":true,"href":"https:\/\/dailynewshungary.com\/de\/wp-json\/wp\/v2\/media\/754883"}],"wp:attachment":[{"href":"https:\/\/dailynewshungary.com\/de\/wp-json\/wp\/v2\/media?parent=754882"}],"wp:term":[{"taxonomy":"category","embeddable":true,"href":"https:\/\/dailynewshungary.com\/de\/wp-json\/wp\/v2\/categories?post=754882"},{"taxonomy":"post_tag","embeddable":true,"href":"https:\/\/dailynewshungary.com\/de\/wp-json\/wp\/v2\/tags?post=754882"}],"curies":[{"name":"wp","href":"https:\/\/api.w.org\/{rel}","templated":true}]}}