{"id":754886,"date":"2016-09-18T21:30:31","date_gmt":"2016-09-18T19:30:31","guid":{"rendered":"https:\/\/dailynewshungary.com\/de\/referendum-burger-konnen-am-2-oktober-zur-verteidigung-ungarns-beitragen-sagt-verteidigungsminister\/"},"modified":"2016-09-18T21:30:31","modified_gmt":"2016-09-18T19:30:31","slug":"referendum-burger-konnen-am-2-oktober-zur-verteidigung-ungarns-beitragen-sagt-verteidigungsminister","status":"publish","type":"post","link":"https:\/\/dailynewshungary.com\/de\/referendum-burger-konnen-am-2-oktober-zur-verteidigung-ungarns-beitragen-sagt-verteidigungsminister\/","title":{"rendered":"Referendum \u2013 B\u00fcrger k\u00f6nnen am 2. Oktober zur Verteidigung Ungarns beitragen, sagt Verteidigungsminister"},"content":{"rendered":"<p><strong>Budapest, 18. September (MTI) \u201eUngarische Staatsb\u00fcrger werden am 2. Oktober die M\u00f6glichkeit haben, zur Verteidigung ihres Landes beizutragen, wenn sie am Referendum \u00fcber die Migrantenquote teilnehmen, sagte Verteidigungsminister Istv\u00e1n Simicsk\u00f3 am Sonntag gegen\u00fcber Kossuth Radio.<\/strong><\/p>\n<p>Ungarns Verteidigung ruhe auf drei S\u00e4ulen: den ungarischen Streitkr\u00e4ften, der internationalen milit\u00e4rischen Zusammenarbeit und der Opferbereitschaft der B\u00fcrger, sagte Simicsk\u00f3.<\/p>\n<p>Die Ungarn k\u00f6nnen nun sp\u00fcren, dass ihre Hilfe gebraucht wird, sagte erAber sie brauchen sich nicht zu bewaffnen und an die Grenze zu gehen, sie m\u00fcssen nur zum Referendum erscheinen und verpflichtende Migrantenquoten ablehnen, indem sie mit \u201cNein\u201d stimmenf\u00fcgte der Minister hinzu.<\/p>\n<p>Simicsk\u00f3 bekr\u00e4ftigte die Haltung der Regierung, dass das Referendum eine von der Parteipolitik unabh\u00e4ngige nationale Angelegenheit sei. Er sagte, die \u201ceurop\u00e4ische Elite\u201d erw\u00e4ge immer noch eine Umverteilung von Migranten unter den Mitgliedstaaten der Europ\u00e4ischen Union, was seiner Meinung nach ein Fehler sei.<\/p>\n<p>Er sagte, es gebe eine gro\u00dfe Kluft zwischen der \u201ceurop\u00e4ischen Elite\u201d und den Ansichten der EU-B\u00fcrger zur MigrationDie Abhilfe bestehe darin, \u201cSt\u00e4rke zu demonstrieren\u201d, indem man die \u00d6ffentlichkeit nach ihrer Meinung frage.<\/p>\n<p>Simicsk\u00f3 sagte, dass das Referendum Auswirkungen \u00fcber Ungarn hinaus haben k\u00f6nnte, und argumentierte, dass immer mehr L\u00e4nder dem Beispiel Ungarns folgen k\u00f6nnten, wenn die W\u00e4hler die Migrantenquoten ablehnen. Dies k\u00f6nne \u201eeurop\u00e4ische B\u00fcrokraten\u201cdavon \u00fcberzeugen, europ\u00e4ische Werte zu ber\u00fccksichtigen, sagte er.<\/p>\n<p>Die Terroranschl\u00e4ge, die Europa in den letzten Monaten erlebt hat, haben mehr als 300 Menschen get\u00f6tet, was die dringende Notwendigkeit zur Errichtung einer gemeinsamen europ\u00e4ischen Armee mit sich bringt, sagte erDie j\u00fcngste intensive milit\u00e4rische Zusammenarbeit zwischen der Gruppierung Visegrad Vier (V4) Ungarns, der Tschechischen Republik, Polens und der Slowakei bildet eine gute Grundlage f\u00fcr eine solche Armee, sagte der MinisterIm Rahmen dieser Zusammenarbeit haben alle drei V4-Partner Ungarns Polizisten und Soldaten entsandt, um bei der Patrouille an der S\u00fcdgrenze des Landes zu helfenf\u00fcgte er hinzu.<\/p>\n<p>Der Minister stellte fest, dass das Verteidigungsministerium mit der Aufr\u00fcstung der Armee begonnen habe und dass die Regierung zugesagt habe, die f\u00fcr die Entwicklungen erforderlichen Mittel bereitzustellen.<\/p>\n<p>Unterdessen sagte Bence Tuzson, Staatssekret\u00e4r f\u00fcr Regierungskommunikation, bei einer B\u00fcrgerversammlung im s\u00fcdungarischen Nagyk,r\u00f6s, dass die Zukunft Ungarns beim Referendum auf dem Spiel steheWenn das Land \u201cdie falsche Entscheidung\u201d treffe, sei das unumkehrbar, sagte Tuzson \u201cDie Welt in Br\u00fcssel ist aufgetaucht\u201d, weil die Europ\u00e4ische Kommission, die die Exekutive der EU sein soll, politische Entscheidungen trifft, zu deren Umsetzung die Mitgliedstaaten verpflichtet sind Tuzson sagte, die EU solle wieder auf das Volk h\u00f6ren, weil die europ\u00e4ische Haltung zu einem Thema ein Spiegelbild der \u00f6ffentlichen Meinung sein sollte.<\/p>\n<p>Ein Referendum sei eine Demonstration des Willens des Volkes, sagte Tuzson und f\u00fcgte hinzu, dass, wenn die EU gegen den \u00f6ffentlichen Willen ginge, dies \u201csogar die Illusion von Demokratie\u201d ausl\u00f6schen w\u00fcrde.<\/p>\n","protected":false},"excerpt":{"rendered":"<p>Budapest, 18. September (MTI) \u201eUngarische Staatsb\u00fcrger werden am 2. Oktober die M\u00f6glichkeit haben, zur Verteidigung ihres Landes beizutragen, wenn sie am Referendum \u00fcber die Migrantenquote teilnehmen, sagte Verteidigungsminister Istv\u00e1n Simicsk\u00f3 am Sonntag gegen\u00fcber Kossuth Radio. Ungarns Verteidigung ruhe auf drei S\u00e4ulen: den ungarischen Streitkr\u00e4ften, der internationalen milit\u00e4rischen Zusammenarbeit und der Opferbereitschaft der B\u00fcrger, sagte Simicsk\u00f3. [&hellip;]<\/p>\n","protected":false},"author":2,"featured_media":754887,"comment_status":"open","ping_status":"open","sticky":false,"template":"","format":"standard","meta":{"_acf_changed":false,"_display_image":"","footnotes":""},"categories":[1081],"tags":[1203,1082,1445,3772],"class_list":["post-754886","post","type-post","status-publish","format-standard","has-post-thumbnail","hentry","category-politik","tag-armee","tag-europaische-union","tag-migration","tag-referendum-uber-migrantenquoten"],"blocksy_meta":[],"acf":[],"author_username":"alk","telegram_post":"","public_post_metadata":{"breaking_news":"","important":"","csempe":"","center_tile":"","disable_thumbnail":"","target_lang":"","_featured_image_style":"","telegram_post":"","_xlat_group_id":""},"public_rank_math_data":{"title":"%title% %sep% %sitename%","description":"","focus_keyword":"","canonical_url":"","robots":"","primary_category":"1081","breadcrumb_title":"","facebook_title":"","facebook_description":"","facebook_image":"","facebook_image_id":"","twitter_title":"","twitter_description":"","twitter_image":"","twitter_image_id":"","twitter_card_type":"","twitter_use_facebook":"","advanced_robots":"","pillar_content":"","seo_score":"","contentai_score":"","rich_snippet":""},"_links":{"self":[{"href":"https:\/\/dailynewshungary.com\/de\/wp-json\/wp\/v2\/posts\/754886","targetHints":{"allow":["GET"]}}],"collection":[{"href":"https:\/\/dailynewshungary.com\/de\/wp-json\/wp\/v2\/posts"}],"about":[{"href":"https:\/\/dailynewshungary.com\/de\/wp-json\/wp\/v2\/types\/post"}],"author":[{"embeddable":true,"href":"https:\/\/dailynewshungary.com\/de\/wp-json\/wp\/v2\/users\/2"}],"replies":[{"embeddable":true,"href":"https:\/\/dailynewshungary.com\/de\/wp-json\/wp\/v2\/comments?post=754886"}],"version-history":[{"count":0,"href":"https:\/\/dailynewshungary.com\/de\/wp-json\/wp\/v2\/posts\/754886\/revisions"}],"wp:featuredmedia":[{"embeddable":true,"href":"https:\/\/dailynewshungary.com\/de\/wp-json\/wp\/v2\/media\/754887"}],"wp:attachment":[{"href":"https:\/\/dailynewshungary.com\/de\/wp-json\/wp\/v2\/media?parent=754886"}],"wp:term":[{"taxonomy":"category","embeddable":true,"href":"https:\/\/dailynewshungary.com\/de\/wp-json\/wp\/v2\/categories?post=754886"},{"taxonomy":"post_tag","embeddable":true,"href":"https:\/\/dailynewshungary.com\/de\/wp-json\/wp\/v2\/tags?post=754886"}],"curies":[{"name":"wp","href":"https:\/\/api.w.org\/{rel}","templated":true}]}}