{"id":754911,"date":"2016-09-17T17:33:50","date_gmt":"2016-09-17T15:33:50","guid":{"rendered":"https:\/\/dailynewshungary.com\/de\/reaktion-auf-eu-gipfel-jobbik-orbans-wahre-absichten-werden-enthullt\/"},"modified":"2016-09-17T17:33:50","modified_gmt":"2016-09-17T15:33:50","slug":"reaktion-auf-eu-gipfel-jobbik-orbans-wahre-absichten-werden-enthullt","status":"publish","type":"post","link":"https:\/\/dailynewshungary.com\/de\/reaktion-auf-eu-gipfel-jobbik-orbans-wahre-absichten-werden-enthullt\/","title":{"rendered":"Reaktion auf EU-Gipfel \u2013 Jobbik: Orb\u00e1ns wahre Absichten werden enth\u00fcllt"},"content":{"rendered":"<p><strong>Viktor Orb\u00e1n scheiterte in Bratislava (Pozsony): Er konnte nicht nur die EU-Einwanderungspolitik nicht \u00e4ndern, er war es tats\u00e4chlich, der eine 180-Grad-Wende vollzog. <\/strong><\/p>\n<p>Jobbik ist der Ansicht, dass der ungarische Ministerpr\u00e4sident dem vom polnischen Au\u00dfenminister Witold Waszczykowski vorgelegten gemeinsamen V4-Dokument nicht h\u00e4tte zustimmen d\u00fcrfen, wonach EU-Mitgliedstaaten, die mit Arbeitskr\u00e4ftemangel zu k\u00e4mpfen haben (einschlie\u00dflich Ungarn), \u201eFl\u00fcchtlinge und Einwanderer sogar in gro\u00dfer Zahl\u201caufnehmen k\u00f6nnten. Diese erschreckende Terminologie \u00fcberschneidet sich v\u00f6llig mit den Ideen des ungarischen Wirtschaftsministers Mih\u00e1ly Varga, der auch Einwanderer aus Drittstaaten besch\u00e4ftigen w\u00fcrde, um den Arbeitskr\u00e4ftemangel zu bew\u00e4ltigen, anstatt Ungarn aus dem Westen nach Hause zu holen und die Gehaltsl\u00fccke auf den EU-Durchschnitt zu schlie\u00dfen.<\/p>\n<p>Somit ist Orb\u00e1ns wirkliche Absicht offenbart: Er betrachtet das Referendum am 2. Oktober als blo\u00dfe Kraftprobe in der Partei- und Innenpolitik. Damit treibt er Ungarn jedoch in ein \u00e4u\u00dferst riskantes Wagnis, da ein ung\u00fcltiger Ausgang ein m\u00e4chtiger Trumpf in Br\u00fcssels H\u00e4nden w\u00e4re Nach dem EU-Gipfel am Freitag ist eines sicherer denn je: Wenn das Referendum ung\u00fcltig ist, muss Viktor Orb\u00e1n pers\u00f6nliche Verantwortung \u00fcbernehmen und von seinem Sitz als Samt-Premier zur\u00fccktreten!<\/p>\n<p><em>D\u00e1niel Z. K\u00e1rp\u00e1t, Vizepr\u00e4sident von Jobbik<\/em><\/p>\n<p><em>Foto: MTI\/EPA\/Filip Singer<\/em><\/p>\n","protected":false},"excerpt":{"rendered":"<p>Viktor Orb\u00e1n scheiterte in Bratislava (Pozsony): Er konnte nicht nur die EU-Einwanderungspolitik nicht \u00e4ndern, er war es tats\u00e4chlich, der eine 180-Grad-Wende vollzog. Jobbik ist der Ansicht, dass der ungarische Ministerpr\u00e4sident dem vom polnischen Au\u00dfenminister Witold Waszczykowski vorgelegten gemeinsamen V4-Dokument nicht h\u00e4tte zustimmen d\u00fcrfen, wonach EU-Mitgliedstaaten, die mit Arbeitskr\u00e4ftemangel zu k\u00e4mpfen haben (einschlie\u00dflich Ungarn), \u201eFl\u00fcchtlinge und [&hellip;]<\/p>\n","protected":false},"author":2,"featured_media":754912,"comment_status":"open","ping_status":"open","sticky":false,"template":"","format":"standard","meta":{"_acf_changed":false,"_display_image":"","footnotes":""},"categories":[1081],"tags":[1096,1082,1632,1445,1333],"class_list":["post-754911","post","type-post","status-publish","format-standard","has-post-thumbnail","hentry","category-politik","tag-arbeitsmarkt","tag-europaische-union","tag-jobbik","tag-migration","tag-viktor-oder-ban"],"blocksy_meta":[],"acf":[],"author_username":"alk","telegram_post":"","public_post_metadata":{"breaking_news":"","important":"","csempe":"","center_tile":"","disable_thumbnail":"","target_lang":"","_featured_image_style":"","telegram_post":"","_xlat_group_id":""},"public_rank_math_data":{"title":"%title% %sep% %sitename%","description":"","focus_keyword":"Eu-gipfel","canonical_url":"","robots":"","primary_category":"1081","breadcrumb_title":"","facebook_title":"","facebook_description":"","facebook_image":"","facebook_image_id":"","twitter_title":"","twitter_description":"","twitter_image":"","twitter_image_id":"","twitter_card_type":"","twitter_use_facebook":"","advanced_robots":"","pillar_content":"","seo_score":"50","contentai_score":"","rich_snippet":""},"_links":{"self":[{"href":"https:\/\/dailynewshungary.com\/de\/wp-json\/wp\/v2\/posts\/754911","targetHints":{"allow":["GET"]}}],"collection":[{"href":"https:\/\/dailynewshungary.com\/de\/wp-json\/wp\/v2\/posts"}],"about":[{"href":"https:\/\/dailynewshungary.com\/de\/wp-json\/wp\/v2\/types\/post"}],"author":[{"embeddable":true,"href":"https:\/\/dailynewshungary.com\/de\/wp-json\/wp\/v2\/users\/2"}],"replies":[{"embeddable":true,"href":"https:\/\/dailynewshungary.com\/de\/wp-json\/wp\/v2\/comments?post=754911"}],"version-history":[{"count":0,"href":"https:\/\/dailynewshungary.com\/de\/wp-json\/wp\/v2\/posts\/754911\/revisions"}],"wp:featuredmedia":[{"embeddable":true,"href":"https:\/\/dailynewshungary.com\/de\/wp-json\/wp\/v2\/media\/754912"}],"wp:attachment":[{"href":"https:\/\/dailynewshungary.com\/de\/wp-json\/wp\/v2\/media?parent=754911"}],"wp:term":[{"taxonomy":"category","embeddable":true,"href":"https:\/\/dailynewshungary.com\/de\/wp-json\/wp\/v2\/categories?post=754911"},{"taxonomy":"post_tag","embeddable":true,"href":"https:\/\/dailynewshungary.com\/de\/wp-json\/wp\/v2\/tags?post=754911"}],"curies":[{"name":"wp","href":"https:\/\/api.w.org\/{rel}","templated":true}]}}