{"id":754942,"date":"2016-09-16T16:00:47","date_gmt":"2016-09-16T14:00:47","guid":{"rendered":"https:\/\/dailynewshungary.com\/de\/orban-trifft-ep-prasident-schultz-vor-dem-eu-gipfel\/"},"modified":"2016-09-16T16:00:47","modified_gmt":"2016-09-16T14:00:47","slug":"orban-trifft-ep-prasident-schultz-vor-dem-eu-gipfel","status":"publish","type":"post","link":"https:\/\/dailynewshungary.com\/de\/orban-trifft-ep-prasident-schultz-vor-dem-eu-gipfel\/","title":{"rendered":"Orb\u00e1n trifft EP-Pr\u00e4sident Schultz vor dem EU-Gipfel"},"content":{"rendered":"<p><strong>Pozsony (Bratislava), 16. September (MTI) \u201ePremierminister Viktor Orb\u00e1n traf sich vor einem EU-Gipfel am Freitag in Bratislava mit Martin Schulz, dem Pr\u00e4sidenten des Europ\u00e4ischen Parlaments, und bat ihn um \u201emehr Respekt f\u00fcr die Ungarn\u201c\u201d.<\/strong><\/p>\n<p>Orb\u00e1n sagte, er habe Schulz gesagt, die Europ\u00e4ische Union solle k\u00fcnftig davon absehen, \u201cjuristische Tricks anzuwenden\u201d, um die Entscheidungen und den Willen der souver\u00e4nen Nationalstaaten zu umgehen, so wie sie es mit den Migrantenquotenpl\u00e4nen gemacht habeDiese sollten zun\u00e4chst freiwillig sein, unter einer ersten Zustimmung der EU-Staats &#8211; und Regierungschefs, dann aber \u201cdurch die Absprachen des Europ\u00e4ischen Parlaments und der Europ\u00e4ischen Kommission auf obligatorisch umgestellt\u201d, sagte er.<\/p>\n<p>Schulz sagte in einem am Donnerstag ver\u00f6ffentlichten Interview mit Spiegel Online, Orb\u00e1n weigere sich \u201czu helfen, eine gemeinsame L\u00f6sung der Migrantenkrise durch die Europ\u00e4ische Union zu finden\u201d.<\/p>\n<p style=\"text-align: center;\">&nbsp;<iframe loading=\"lazy\" style=\"border: none; overflow: hidden;\" src=\"https:\/\/www.facebook.com\/plugins\/post.php?href=https%3A%2F%2Fwww.facebook.com%2Fdailynewshungary%2Fposts%2F1096430957059141&amp;width=500\" width=\"500\" height=\"559\" frameborder=\"0\" scrolling=\"no\"><\/iframe><\/p>\n<p>Auf einer Pressekonferenz am Freitag in Bratislava sagte Schulz, dass es \u201ctrotz riesiger Meinungsverschiedenheiten\u201d n\u00fctzlich w\u00e4re, ausf\u00fchrliche Gespr\u00e4che mit Orb\u00e1n zu f\u00fchren und offene Fragen zu diskutierenDie Mitgliedsl\u00e4nder sollten einen Dialog f\u00fchren, und \u201cprovokative Aktionen\u201d m\u00fcssten vermieden werden, f\u00fcgte er hinzu.<\/p>\n<p>Schulz sagte, seine Gespr\u00e4che mit Orb\u00e1n h\u00e4tten die illegale Migration angesprochen. Er sagte, er glaube, dass das obligatorische Quotensystem nicht funktionieren w\u00fcrde, f\u00fcgte jedoch hinzu, dass es im Interesse der Migranten liege, eine M\u00f6glichkeit zu bieten, in der die Mitgliedstaaten sie auf freiwilliger Basis aufnehmen k\u00f6nnten.<\/p>\n<p>Schulz dementierte auch \u00c4u\u00dferungen der ungarischen Regierung, die einen Aufruf an linke Kommunen zur Unterbringung von Migranten nahelegten.<\/p>\n<p><em>Foto: MTI\/Premierministerb\u00fcro<\/em><\/p>\n","protected":false},"excerpt":{"rendered":"<p>Pozsony (Bratislava), 16. September (MTI) \u201ePremierminister Viktor Orb\u00e1n traf sich vor einem EU-Gipfel am Freitag in Bratislava mit Martin Schulz, dem Pr\u00e4sidenten des Europ\u00e4ischen Parlaments, und bat ihn um \u201emehr Respekt f\u00fcr die Ungarn\u201c\u201d. Orb\u00e1n sagte, er habe Schulz gesagt, die Europ\u00e4ische Union solle k\u00fcnftig davon absehen, \u201cjuristische Tricks anzuwenden\u201d, um die Entscheidungen und den [&hellip;]<\/p>\n","protected":false},"author":2,"featured_media":754943,"comment_status":"open","ping_status":"open","sticky":false,"template":"","format":"standard","meta":{"_acf_changed":false,"_display_image":"","footnotes":""},"categories":[1081],"tags":[1082,1173,1128],"class_list":["post-754942","post","type-post","status-publish","format-standard","has-post-thumbnail","hentry","category-politik","tag-europaische-union","tag-slowakei","tag-viktor-orban"],"blocksy_meta":[],"acf":[],"author_username":"alk","telegram_post":"","public_post_metadata":{"breaking_news":"","important":"","csempe":"","center_tile":"","disable_thumbnail":"","target_lang":"","_featured_image_style":"","telegram_post":"","_xlat_group_id":""},"public_rank_math_data":{"title":"%title% %sep% %sitename%","description":"","focus_keyword":"Eu hungary","canonical_url":"","robots":"","primary_category":"1081","breadcrumb_title":"","facebook_title":"","facebook_description":"","facebook_image":"","facebook_image_id":"","twitter_title":"","twitter_description":"","twitter_image":"","twitter_image_id":"","twitter_card_type":"","twitter_use_facebook":"","advanced_robots":"","pillar_content":"","seo_score":"2","contentai_score":"","rich_snippet":""},"_links":{"self":[{"href":"https:\/\/dailynewshungary.com\/de\/wp-json\/wp\/v2\/posts\/754942","targetHints":{"allow":["GET"]}}],"collection":[{"href":"https:\/\/dailynewshungary.com\/de\/wp-json\/wp\/v2\/posts"}],"about":[{"href":"https:\/\/dailynewshungary.com\/de\/wp-json\/wp\/v2\/types\/post"}],"author":[{"embeddable":true,"href":"https:\/\/dailynewshungary.com\/de\/wp-json\/wp\/v2\/users\/2"}],"replies":[{"embeddable":true,"href":"https:\/\/dailynewshungary.com\/de\/wp-json\/wp\/v2\/comments?post=754942"}],"version-history":[{"count":0,"href":"https:\/\/dailynewshungary.com\/de\/wp-json\/wp\/v2\/posts\/754942\/revisions"}],"wp:featuredmedia":[{"embeddable":true,"href":"https:\/\/dailynewshungary.com\/de\/wp-json\/wp\/v2\/media\/754943"}],"wp:attachment":[{"href":"https:\/\/dailynewshungary.com\/de\/wp-json\/wp\/v2\/media?parent=754942"}],"wp:term":[{"taxonomy":"category","embeddable":true,"href":"https:\/\/dailynewshungary.com\/de\/wp-json\/wp\/v2\/categories?post=754942"},{"taxonomy":"post_tag","embeddable":true,"href":"https:\/\/dailynewshungary.com\/de\/wp-json\/wp\/v2\/tags?post=754942"}],"curies":[{"name":"wp","href":"https:\/\/api.w.org\/{rel}","templated":true}]}}