{"id":754946,"date":"2016-09-16T13:45:28","date_gmt":"2016-09-16T11:45:28","guid":{"rendered":"https:\/\/dailynewshungary.com\/de\/orbans-berater-ungarn-hilft-echten-fluchtlingen\/"},"modified":"2016-09-16T13:45:28","modified_gmt":"2016-09-16T11:45:28","slug":"orbans-berater-ungarn-hilft-echten-fluchtlingen","status":"publish","type":"post","link":"https:\/\/dailynewshungary.com\/de\/orbans-berater-ungarn-hilft-echten-fluchtlingen\/","title":{"rendered":"Orb\u00e1ns Berater: Ungarn hilft echten Fl\u00fcchtlingen"},"content":{"rendered":"<p>&nbsp;<\/p>\n<p><strong>Am Freitag sagte Gy\u00f6rgy Bakondi, Chef-Sicherheitsberater des Premierministers, auf einer Pressekonferenz vor dem Keleti-Bahnhof der Hauptstadt, dass Ungarn offen sei, allen m\u00f6glichen Hilfen im Zusammenhang mit echten Fl\u00fcchtlingen anzubieten.<\/strong><\/p>\n<p>Gy\u00f6rgy Bakondi betonte, dass damit Personen gemeint seien, die keine Gefahr darstellten und denen nach geeigneten Kontrollen die Einreise gestattet werden k\u00f6nne.<\/p>\n<p>500 Menschen im vergangenen Jahr und 300 Menschen bisher in diesem Jahr haben in Ungarn politisches Asyl erhalten, sagte er.<\/p>\n<p>\u201cVor einem Jahr lagerte eine riesige und aggressive Menschenmenge, die eine gro\u00dfe Gefahr f\u00fcr die \u00f6ffentliche Sicherheit darstellte, am Bahnhof Keleti; deshalb war die ungarische Regierung gezwungen, Ma\u00dfnahmen zu ergreifen, um die Sicherheit des europ\u00e4ischen Volkes zu gew\u00e4hrleisten\u201d, erkl\u00e4rte er.<\/p>\n<p>Bakondi wies darauf hin, dass im vergangenen Jahr etwa dreihundert Europ\u00e4er durch Terroranschl\u00e4ge ihr Leben verloren h\u00e4tten, und f\u00fcgte hinzu, dass die T\u00e4ter \u201eein gut organisiertes Netzwerk aufgebaut haben, das sich auf Terroranschl\u00e4ge vorbereitet und in tiefer Verschw\u00f6rung agiert.\u201c\u201d.<\/p>\n<p>Er erinnerte die Presse daran, dass Hunderttausende Menschen, deren Identit\u00e4t und Ziele \u201eunbestimmt\u201csind, vor der Schlie\u00dfung der Grenze \u00fcber Serbien auf ungarisches Territorium eingereist seien, und wies darauf hin, dass \u201edies die Zeit war, in der alle dies von Syrern behaupteten, weil die Einladung so war.\u201chaupts\u00e4chlich als Syrer ausgerichtet\u201d.<\/p>\n<p>Der Chefberater erw\u00e4hnte auch, dass der Angriff auf die Grenz\u00fcbergangsstation R\u00f6szke ein Jahr her sei, als der Zaun durchbrochen wurde, aber \u201cdas vorbildliche, disziplinierte und rechtm\u00e4\u00dfige Vorgehen der Polizei\u201d verhinderte, dass sich ein Tor \u00f6ffnete, \u201cdurch das Hunderte und Tausende weitere Menschen nach Europa einreisen konnten\u201d.<\/p>\n<p>\u201cHeute steht Ungarn vor einer weiteren Gefahr: der obligatorischen Neuansiedlungsquote\u201d, sagte Bakondi und f\u00fcgte hinzu, dass \u201ewir jetzt nicht nur dar\u00fcber sprechen, Menschen ins Land zu lassen, die von der EU ohne Obergrenze verteilt werden, sondern auch \u00fcber Pl\u00e4ne dazu.\u201cdie Familienzusammenf\u00fchrung zu erleichtern und Wirtschaftsmigranten aufzunehmen\u201d und f\u00fcgte hinzu, dass \u201edie B\u00fcrger Ungarns beim Referendum am 2. Oktober als erste die Chance haben werden, sich dagegen zu \u00e4u\u00dfern\u201d.<\/p>\n<p>&nbsp;<\/p>\n<p>Bei der Veranstaltung betonte Regierungssprecher Zolt\u00e1n Kov\u00e1cs, dass es ein Jahr her sei, seit die Regierung eine Entscheidung \u00fcber Massenmigration getroffen und dem inakzeptablen Zustand im Land ein Ende gesetzt habe.<\/p>\n<p>\u201eWir haben die gr\u00fcne Grenze geschlossen und den provisorischen Grenzschutzzaun errichtet\u201cerinnerte er die Presse und wies darauf hin, dass die Regierung auch verst\u00e4rkte Patrouillen durch die Polizei und sp\u00e4ter durch die Armee angeordnet und beschlossen habe, rechtliche Sanktionen zu verh\u00e4ngen, um das \u00dcberqueren des Zauns zu einem Verbrechen zu machen.\u201d.<\/p>\n<p>\u201eW\u00e4hrend Wohlt\u00e4tigkeitsorganisationen hier vor Ort ihre Arbeit mit Hilfe wohlmeinender Menschen und NGOs erledigten, sollten wir auch nicht vergessen, dass einige angebliche Mitglieder der Zivilgesellschaft versuchten, die Krise mit spezifisch politischen Absichten zu versch\u00e4rfen und die Ungarn zu diskreditieren.\u201cRegierung f\u00fcr die Ma\u00dfnahmen, die sie zur Beendigung der illegalen Migration eingef\u00fchrt hat\u201d, sagte er.<\/p>\n<p>Kov\u00e1cs betonte: \u201eDiese Ma\u00dfnahmen sollten nur f\u00fcr den Schutz Europas und uns selbst wichtig sein, aber \u201ewaren auch aus einer viel direkteren und wichtigeren sicherheitspolitischen Perspektive bedeutsam\u201cdenn wir wissen jetzt, wie Terroristen beispielsweise das Gebiet um die Keleti-Station genutzt haben erm\u00f6glichen es den T\u00e4tern k\u00fcnftiger Terroranschl\u00e4ge, ihre Ziele zu erreichen.<\/p>\n<p><em>Foto: Bal\u00e1zs B\u00e9li<\/em><\/p>\n","protected":false},"excerpt":{"rendered":"<p>&nbsp; Am Freitag sagte Gy\u00f6rgy Bakondi, Chef-Sicherheitsberater des Premierministers, auf einer Pressekonferenz vor dem Keleti-Bahnhof der Hauptstadt, dass Ungarn offen sei, allen m\u00f6glichen Hilfen im Zusammenhang mit echten Fl\u00fcchtlingen anzubieten. Gy\u00f6rgy Bakondi betonte, dass damit Personen gemeint seien, die keine Gefahr darstellten und denen nach geeigneten Kontrollen die Einreise gestattet werden k\u00f6nne. 500 Menschen im [&hellip;]<\/p>\n","protected":false},"author":2,"featured_media":754947,"comment_status":"open","ping_status":"open","sticky":false,"template":"","format":"standard","meta":{"_acf_changed":false,"_display_image":"","footnotes":""},"categories":[1081],"tags":[1082,1445,1299],"class_list":["post-754946","post","type-post","status-publish","format-standard","has-post-thumbnail","hentry","category-politik","tag-europaische-union","tag-migration","tag-schengen"],"blocksy_meta":[],"acf":[],"author_username":"alk","telegram_post":"","public_post_metadata":{"breaking_news":"","important":"","csempe":"","center_tile":"","disable_thumbnail":"","target_lang":"","_featured_image_style":"","telegram_post":"","_xlat_group_id":""},"public_rank_math_data":{"title":"%title% %sep% %sitename%","description":"","focus_keyword":"Migration","canonical_url":"","robots":"","primary_category":"1081","breadcrumb_title":"","facebook_title":"","facebook_description":"","facebook_image":"","facebook_image_id":"","twitter_title":"","twitter_description":"","twitter_image":"","twitter_image_id":"","twitter_card_type":"","twitter_use_facebook":"","advanced_robots":"","pillar_content":"","seo_score":"8","contentai_score":"","rich_snippet":""},"_links":{"self":[{"href":"https:\/\/dailynewshungary.com\/de\/wp-json\/wp\/v2\/posts\/754946","targetHints":{"allow":["GET"]}}],"collection":[{"href":"https:\/\/dailynewshungary.com\/de\/wp-json\/wp\/v2\/posts"}],"about":[{"href":"https:\/\/dailynewshungary.com\/de\/wp-json\/wp\/v2\/types\/post"}],"author":[{"embeddable":true,"href":"https:\/\/dailynewshungary.com\/de\/wp-json\/wp\/v2\/users\/2"}],"replies":[{"embeddable":true,"href":"https:\/\/dailynewshungary.com\/de\/wp-json\/wp\/v2\/comments?post=754946"}],"version-history":[{"count":0,"href":"https:\/\/dailynewshungary.com\/de\/wp-json\/wp\/v2\/posts\/754946\/revisions"}],"wp:featuredmedia":[{"embeddable":true,"href":"https:\/\/dailynewshungary.com\/de\/wp-json\/wp\/v2\/media\/754947"}],"wp:attachment":[{"href":"https:\/\/dailynewshungary.com\/de\/wp-json\/wp\/v2\/media?parent=754946"}],"wp:term":[{"taxonomy":"category","embeddable":true,"href":"https:\/\/dailynewshungary.com\/de\/wp-json\/wp\/v2\/categories?post=754946"},{"taxonomy":"post_tag","embeddable":true,"href":"https:\/\/dailynewshungary.com\/de\/wp-json\/wp\/v2\/tags?post=754946"}],"curies":[{"name":"wp","href":"https:\/\/api.w.org\/{rel}","templated":true}]}}