{"id":754961,"date":"2016-09-15T22:18:05","date_gmt":"2016-09-15T20:18:05","guid":{"rendered":"https:\/\/dailynewshungary.com\/de\/orban-drangt-auf-eu-gipfel-auf-starkung-der-nationalstaaten\/"},"modified":"2016-09-15T22:18:05","modified_gmt":"2016-09-15T20:18:05","slug":"orban-drangt-auf-eu-gipfel-auf-starkung-der-nationalstaaten","status":"publish","type":"post","link":"https:\/\/dailynewshungary.com\/de\/orban-drangt-auf-eu-gipfel-auf-starkung-der-nationalstaaten\/","title":{"rendered":"Orb\u00e1n dr\u00e4ngt auf EU-Gipfel auf St\u00e4rkung der Nationalstaaten"},"content":{"rendered":"<p><strong>Budapest, 15. September (MTI) \u201eDer ungarische Ministerpr\u00e4sident Viktor Orb\u00e1n wird sich beim bevorstehenden EU-Gipfel in Pozsony (Bratislava) daf\u00fcr einsetzen, dass \u201edie EU das Europa der Nationen bleiben sollte\u201csagte der Chef des Regierungsb\u00fcros am Donnerstag.<\/strong><\/p>\n<p>Ungarn wird vorschlagen, dass die Europ\u00e4ische Kommission, die ihrer Meinung nach zu weit gegangen ist, innerhalb der EU eine Exekutivfunktion erf\u00fcllt, sagte J\u00e1z\u00e1r auf einer w\u00f6chentlichen Regierungsnachrichtenkonferenz.<\/p>\n<p>\u201cDas Gleichgewicht sollte wiederhergestellt werden; die \u00fcberm\u00e4\u00dfigen Befugnisse der Kommission m\u00fcssen einged\u00e4mmt werden\u201d, sagte L\u00e1z\u00e1rEr argumentierte, dass die Kommission keine eigene Politik verfolgen k\u00f6nne, die den Interessen der Mitgliedstaaten zuwiderlaufeEr f\u00fcgte hinzu, dass die obligatorische Neuansiedlung von Migranten ein solches Gebiet sei.<\/p>\n<p>Er sagte, dass die mitteleurop\u00e4ischen L\u00e4nder auf dem Bratislava-Gipfel den Schutz der bulgarischen Grenze als die Aufgabe Nummer eins benennen werden, mit der sich die EU befassen sollte, und f\u00fcgte hinzu, dass die Zukunft Europas an der bulgarisch-t\u00fcrkischen Grenze bestimmt werde.<\/p>\n<p>Die mitteleurop\u00e4ischen Mitgliedstaaten werden auch \u00fcber ihre Zusammenarbeit und ihren gemeinsamen Markt, die Notwendigkeit einer gemeinsamen EU-Armee und die Notwendigkeit einer St\u00e4rkung von Frontex sprechen, so die Grenzagentur des Blocks, sagte L\u00e1z\u00e1rDie Visegrad-Four-Gruppierung der Tschechischen Republik, Ungarns, Polens und der Slowakei werde auch die Bedeutung der Haushaltsdisziplin hervorheben, f\u00fcgte er hinzu.<\/p>\n<p>L\u00e1z\u00e1r sagte, dass die EU die Neuansiedlung von Migranten nicht vollst\u00e4ndig finanzieren werde und bestand darauf, dass ein m\u00f6gliches Scheitern des bevorstehenden Quotenreferendums Ungarns \u201cein Opfer der ungarischen B\u00fcrger\u201d mit sich bringen w\u00fcrde.<\/p>\n<p style=\"text-align: center;\">&nbsp;<iframe loading=\"lazy\" style=\"border: none; overflow: hidden;\" src=\"https:\/\/www.facebook.com\/plugins\/post.php?href=https%3A%2F%2Fwww.facebook.com%2Fdailynewshungary%2Fposts%2F1095921397110097&amp;width=500\" width=\"500\" height=\"260\" frameborder=\"0\" scrolling=\"no\"><\/iframe><\/p>\n<p>L\u00e1z\u00e1r antwortete auf eine Frage, dass Kommunen, die Migranten aufnehmen, mehr Menschen subventionieren m\u00fcssten und die Pro-Kopf-Subvention gek\u00fcrzt werden sollte. Er sagte auch, dass die Sozialzusch\u00fcsse in der gesamten EU gleich hoch seien und \u201evier- oder f\u00fcnfmal so viel\u201cerhalten w\u00fcrden\u201d wie Ungarns Roma.<\/p>\n<p>Auf weitere Fragen antwortete L\u00e1z\u00e1r, dass die EU \u201cgesch\u00e4tzte\u201d 2 Millionen Migranten unter ihren Mitgliedern verteilen wolle, Ungarn 130.000 aufnehmen solleL\u00e1z\u00e1r wiederholte die Position der Regierung, dass dort Hilfe geleistet werden sollte, wo das Problem liegt, beispielsweise in Form des Baus eines Krankenhauses in Syrien. Hilfestellung k\u00f6nne nicht zu \u201cunvorhergesehenen gesellschaftlichen Entwicklungen\u201d f\u00fchren, f\u00fcgte er hinzu.<\/p>\n<p><em>Foto: MTI<\/em><\/p>\n","protected":false},"excerpt":{"rendered":"<p>Budapest, 15. September (MTI) \u201eDer ungarische Ministerpr\u00e4sident Viktor Orb\u00e1n wird sich beim bevorstehenden EU-Gipfel in Pozsony (Bratislava) daf\u00fcr einsetzen, dass \u201edie EU das Europa der Nationen bleiben sollte\u201csagte der Chef des Regierungsb\u00fcros am Donnerstag. Ungarn wird vorschlagen, dass die Europ\u00e4ische Kommission, die ihrer Meinung nach zu weit gegangen ist, innerhalb der EU eine Exekutivfunktion erf\u00fcllt, [&hellip;]<\/p>\n","protected":false},"author":2,"featured_media":754962,"comment_status":"open","ping_status":"open","sticky":false,"template":"","format":"standard","meta":{"_acf_changed":false,"_display_image":"","footnotes":""},"categories":[1081],"tags":[1082,1128],"class_list":["post-754961","post","type-post","status-publish","format-standard","has-post-thumbnail","hentry","category-politik","tag-europaische-union","tag-viktor-orban"],"blocksy_meta":[],"acf":[],"author_username":"alk","telegram_post":"","public_post_metadata":{"breaking_news":"","important":"","csempe":"","center_tile":"","disable_thumbnail":"","target_lang":"","_featured_image_style":"","telegram_post":"","_xlat_group_id":""},"public_rank_math_data":{"title":"%title% %sep% %sitename%","description":"","focus_keyword":"Regierung Ungarn","canonical_url":"","robots":"","primary_category":"1081","breadcrumb_title":"","facebook_title":"","facebook_description":"","facebook_image":"","facebook_image_id":"","twitter_title":"","twitter_description":"","twitter_image":"","twitter_image_id":"","twitter_card_type":"","twitter_use_facebook":"","advanced_robots":"","pillar_content":"","seo_score":"3","contentai_score":"","rich_snippet":""},"_links":{"self":[{"href":"https:\/\/dailynewshungary.com\/de\/wp-json\/wp\/v2\/posts\/754961","targetHints":{"allow":["GET"]}}],"collection":[{"href":"https:\/\/dailynewshungary.com\/de\/wp-json\/wp\/v2\/posts"}],"about":[{"href":"https:\/\/dailynewshungary.com\/de\/wp-json\/wp\/v2\/types\/post"}],"author":[{"embeddable":true,"href":"https:\/\/dailynewshungary.com\/de\/wp-json\/wp\/v2\/users\/2"}],"replies":[{"embeddable":true,"href":"https:\/\/dailynewshungary.com\/de\/wp-json\/wp\/v2\/comments?post=754961"}],"version-history":[{"count":0,"href":"https:\/\/dailynewshungary.com\/de\/wp-json\/wp\/v2\/posts\/754961\/revisions"}],"wp:featuredmedia":[{"embeddable":true,"href":"https:\/\/dailynewshungary.com\/de\/wp-json\/wp\/v2\/media\/754962"}],"wp:attachment":[{"href":"https:\/\/dailynewshungary.com\/de\/wp-json\/wp\/v2\/media?parent=754961"}],"wp:term":[{"taxonomy":"category","embeddable":true,"href":"https:\/\/dailynewshungary.com\/de\/wp-json\/wp\/v2\/categories?post=754961"},{"taxonomy":"post_tag","embeddable":true,"href":"https:\/\/dailynewshungary.com\/de\/wp-json\/wp\/v2\/tags?post=754961"}],"curies":[{"name":"wp","href":"https:\/\/api.w.org\/{rel}","templated":true}]}}