{"id":754981,"date":"2016-09-15T10:00:45","date_gmt":"2016-09-15T08:00:45","guid":{"rendered":"https:\/\/dailynewshungary.com\/de\/ungarischer-wirtschaftsminister-eu-sollte-sich-auf-wirtschaft-konzentrieren-politische-zusammenarbeit-uberdenken\/"},"modified":"2016-09-15T10:00:45","modified_gmt":"2016-09-15T08:00:45","slug":"ungarischer-wirtschaftsminister-eu-sollte-sich-auf-wirtschaft-konzentrieren-politische-zusammenarbeit-uberdenken","status":"publish","type":"post","link":"https:\/\/dailynewshungary.com\/de\/ungarischer-wirtschaftsminister-eu-sollte-sich-auf-wirtschaft-konzentrieren-politische-zusammenarbeit-uberdenken\/","title":{"rendered":"Ungarischer Wirtschaftsminister: EU sollte sich auf Wirtschaft konzentrieren, politische Zusammenarbeit \u00fcberdenken"},"content":{"rendered":"<p><strong>Budapest, 14. September (MTI) \u2013 Die Europ\u00e4ische Union muss sich auf die wirtschaftliche Zusammenarbeit konzentrieren und die politische Partnerschaft \u00fcberdenken und \u201csogar verlangsamen\u201d, sagte der ungarische Wirtschaftsminister am Mittwoch auf einer Konferenz in Budapest.<\/strong><\/p>\n<p>Mih\u00e1ly Varga stellte fest, dass sich die EU aus der wirtschaftlichen Zusammenarbeit entwickelt habe, die eine St\u00e4rkung erfordere.<\/p>\n<p>Partnerschaften sollten \u00fcberdacht werden, denn wenn ein Mitglied zu einer solchen Zusammenarbeit \u201cgezwungen\u201d wird, k\u00f6nnte dies zu gro\u00dfen internen Spannungen f\u00fchren, die sogar dazu f\u00fchren k\u00f6nnten, dass \u201cals realistische Option aufgegeben wird\u201d, betonte Varga und nannte den Brexit als Beispiel.<\/p>\n<p>Die Europ\u00e4ische Union sei \u201cein wichtiges Gut\u201d und die Mitgliedschaft Ungarns k\u00f6nne nicht \u201cf\u00fcr einen Moment\u201d in Frage gestellt werden, sagte Varga, f\u00fcgte aber hinzu, dass \u201cwirtschaftliche und politische Bedingungen\u201d f\u00fcr diese Zusammenarbeit nicht vernachl\u00e4ssigt werden sollten.<\/p>\n","protected":false},"excerpt":{"rendered":"<p>Budapest, 14. September (MTI) \u2013 Die Europ\u00e4ische Union muss sich auf die wirtschaftliche Zusammenarbeit konzentrieren und die politische Partnerschaft \u00fcberdenken und \u201csogar verlangsamen\u201d, sagte der ungarische Wirtschaftsminister am Mittwoch auf einer Konferenz in Budapest. Mih\u00e1ly Varga stellte fest, dass sich die EU aus der wirtschaftlichen Zusammenarbeit entwickelt habe, die eine St\u00e4rkung erfordere. Partnerschaften sollten \u00fcberdacht [&hellip;]<\/p>\n","protected":false},"author":2,"featured_media":754982,"comment_status":"open","ping_status":"open","sticky":false,"template":"","format":"standard","meta":{"_acf_changed":false,"_display_image":"","footnotes":""},"categories":[1281],"tags":[1082,1104],"class_list":["post-754981","post","type-post","status-publish","format-standard","has-post-thumbnail","hentry","category-geschaft","tag-europaische-union","tag-wirtschaft"],"blocksy_meta":[],"acf":[],"author_username":"alk","telegram_post":"","public_post_metadata":{"breaking_news":"","important":"","csempe":"","center_tile":"","disable_thumbnail":"","target_lang":"","_featured_image_style":"","telegram_post":"","_xlat_group_id":""},"public_rank_math_data":{"title":"%title% %sep% %sitename%","description":"","focus_keyword":"EU-wirtschaft","canonical_url":"","robots":"","primary_category":"1281","breadcrumb_title":"","facebook_title":"","facebook_description":"","facebook_image":"","facebook_image_id":"","twitter_title":"","twitter_description":"","twitter_image":"","twitter_image_id":"","twitter_card_type":"","twitter_use_facebook":"","advanced_robots":"","pillar_content":"","seo_score":"5","contentai_score":"","rich_snippet":""},"_links":{"self":[{"href":"https:\/\/dailynewshungary.com\/de\/wp-json\/wp\/v2\/posts\/754981","targetHints":{"allow":["GET"]}}],"collection":[{"href":"https:\/\/dailynewshungary.com\/de\/wp-json\/wp\/v2\/posts"}],"about":[{"href":"https:\/\/dailynewshungary.com\/de\/wp-json\/wp\/v2\/types\/post"}],"author":[{"embeddable":true,"href":"https:\/\/dailynewshungary.com\/de\/wp-json\/wp\/v2\/users\/2"}],"replies":[{"embeddable":true,"href":"https:\/\/dailynewshungary.com\/de\/wp-json\/wp\/v2\/comments?post=754981"}],"version-history":[{"count":0,"href":"https:\/\/dailynewshungary.com\/de\/wp-json\/wp\/v2\/posts\/754981\/revisions"}],"wp:featuredmedia":[{"embeddable":true,"href":"https:\/\/dailynewshungary.com\/de\/wp-json\/wp\/v2\/media\/754982"}],"wp:attachment":[{"href":"https:\/\/dailynewshungary.com\/de\/wp-json\/wp\/v2\/media?parent=754981"}],"wp:term":[{"taxonomy":"category","embeddable":true,"href":"https:\/\/dailynewshungary.com\/de\/wp-json\/wp\/v2\/categories?post=754981"},{"taxonomy":"post_tag","embeddable":true,"href":"https:\/\/dailynewshungary.com\/de\/wp-json\/wp\/v2\/tags?post=754981"}],"curies":[{"name":"wp","href":"https:\/\/api.w.org\/{rel}","templated":true}]}}