{"id":755085,"date":"2016-09-11T15:29:32","date_gmt":"2016-09-11T13:29:32","guid":{"rendered":"https:\/\/dailynewshungary.com\/de\/eu-will-bis-zu-120-000-migranten-nach-ungarn-schicken\/"},"modified":"2016-09-11T15:29:32","modified_gmt":"2016-09-11T13:29:32","slug":"eu-will-bis-zu-120-000-migranten-nach-ungarn-schicken","status":"publish","type":"post","link":"https:\/\/dailynewshungary.com\/de\/eu-will-bis-zu-120-000-migranten-nach-ungarn-schicken\/","title":{"rendered":"EU will bis zu 120.000 Migranten nach Ungarn schicken?"},"content":{"rendered":"<p><strong>Budapest (MTI) \u2013 Die Europ\u00e4ische Union k\u00f6nnte im Rahmen ihres obligatorischen Quotenplans 100.000 bis 120.000 Migranten in Ungarn umsiedeln, schlug J\u00e1nos L\u00e1z\u00e1r am Samstag in einem Interview mit dem lokalen Nachrichtenportal makohirado.hu vor.<\/strong><\/p>\n<p>Der Leiter des Regierungsb\u00fcros warnte, dass diese Zahl angesichts der wiedervereinigten Familien und weiterer Kinder \u201ceine kontinuierlich wachsende Gemeinschaft von 500.000-600.000\u201d bedeuten k\u00f6nnte.<\/p>\n<p>L\u00e1z\u00e1r sagte, es sei \u201cfragw\u00fcrdig\u201d, wie sich Mitglieder dieser Gemeinschaft, Menschen \u201caus v\u00f6llig anderen Kulturen und Gesellschaften&#8230; stark an ihre eigenen religi\u00f6sen und kulturellen Identit\u00e4ten gebunden\u201d in die lokale Gesellschaft integrieren k\u00f6nnten.<\/p>\n<p>Unter Bezugnahme auf Forderungen der Opposition nach einem Fernbleiben der W\u00e4hler vom bevorstehenden Quotenreferendum sagte L\u00e1z\u00e1r, dass die Menschen \u201cihr Wahlrecht nicht aufgeben d\u00fcrfen\u201d, w\u00e4hrend Politiker, die gegen das Referendum werben, tats\u00e4chlich \u201cGrundwerte der Demokratie angreifen\u201d.<\/p>\n<p>L\u00e1z\u00e1r bekr\u00e4ftigte au\u00dferdem den fr\u00fcheren Standpunkt der Regierung, dass Ungarn bereit sei, den Schutz politischer Fl\u00fcchtlinge zu gew\u00e4hrleisten. \u201eWas Wirtschaftsmigranten betrifft, sind wir jedoch bereit, \u201eim Verh\u00e4ltnis zur Wirtschaftskraft des Landes diejenigen zu unterst\u00fctzen, die unter schlechteren Bedingungen leben als wir.\u201cdass die Hilfe jedoch dort geleistet werden muss, wo sie geboren wurden, wo sie leben und wo die Probleme aufgetreten sind\u201d, f\u00fcgte er hinzu.<\/p>\n<p>\u201cWir m\u00fcssen Fl\u00fcchtlinge aufnehmen, aber wir m\u00fcssen auch die Grenzen Europas vor Einwanderung sch\u00fctzen und wir m\u00fcssen Punkte schaffen, an denen Menschen, die einreisen wollen, dies tun k\u00f6nnen\u201d, sagte L\u00e1z\u00e1r. Er kritisierte Deutschland daf\u00fcr, dass es \u201cMigranten sortiert und diejenigen ausw\u00e4hlt, die es braucht\u201d, w\u00e4hrend der Rest \u201c\u00fcber ganz Europa verteilt werden sollte\u201d.<\/p>\n<p><em>Foto: Bal\u00e1zs B\u00e9li<\/em><\/p>\n","protected":false},"excerpt":{"rendered":"<p>Budapest (MTI) \u2013 Die Europ\u00e4ische Union k\u00f6nnte im Rahmen ihres obligatorischen Quotenplans 100.000 bis 120.000 Migranten in Ungarn umsiedeln, schlug J\u00e1nos L\u00e1z\u00e1r am Samstag in einem Interview mit dem lokalen Nachrichtenportal makohirado.hu vor. Der Leiter des Regierungsb\u00fcros warnte, dass diese Zahl angesichts der wiedervereinigten Familien und weiterer Kinder \u201ceine kontinuierlich wachsende Gemeinschaft von 500.000-600.000\u201d bedeuten [&hellip;]<\/p>\n","protected":false},"author":2,"featured_media":755086,"comment_status":"open","ping_status":"open","sticky":false,"template":"","format":"standard","meta":{"_acf_changed":false,"_display_image":"","footnotes":""},"categories":[1081],"tags":[1082,1445,1299],"class_list":["post-755085","post","type-post","status-publish","format-standard","has-post-thumbnail","hentry","category-politik","tag-europaische-union","tag-migration","tag-schengen"],"blocksy_meta":[],"acf":[],"author_username":"alk","telegram_post":"","public_post_metadata":{"breaking_news":"","important":"","csempe":"","center_tile":"","disable_thumbnail":"","target_lang":"","_featured_image_style":"","telegram_post":"","_xlat_group_id":""},"public_rank_math_data":{"title":"%title% %sep% %sitename%","description":"","focus_keyword":"Migranten","canonical_url":"","robots":"","primary_category":"1081","breadcrumb_title":"","facebook_title":"","facebook_description":"","facebook_image":"","facebook_image_id":"","twitter_title":"","twitter_description":"","twitter_image":"","twitter_image_id":"","twitter_card_type":"","twitter_use_facebook":"","advanced_robots":"","pillar_content":"","seo_score":"61","contentai_score":"","rich_snippet":""},"_links":{"self":[{"href":"https:\/\/dailynewshungary.com\/de\/wp-json\/wp\/v2\/posts\/755085","targetHints":{"allow":["GET"]}}],"collection":[{"href":"https:\/\/dailynewshungary.com\/de\/wp-json\/wp\/v2\/posts"}],"about":[{"href":"https:\/\/dailynewshungary.com\/de\/wp-json\/wp\/v2\/types\/post"}],"author":[{"embeddable":true,"href":"https:\/\/dailynewshungary.com\/de\/wp-json\/wp\/v2\/users\/2"}],"replies":[{"embeddable":true,"href":"https:\/\/dailynewshungary.com\/de\/wp-json\/wp\/v2\/comments?post=755085"}],"version-history":[{"count":0,"href":"https:\/\/dailynewshungary.com\/de\/wp-json\/wp\/v2\/posts\/755085\/revisions"}],"wp:featuredmedia":[{"embeddable":true,"href":"https:\/\/dailynewshungary.com\/de\/wp-json\/wp\/v2\/media\/755086"}],"wp:attachment":[{"href":"https:\/\/dailynewshungary.com\/de\/wp-json\/wp\/v2\/media?parent=755085"}],"wp:term":[{"taxonomy":"category","embeddable":true,"href":"https:\/\/dailynewshungary.com\/de\/wp-json\/wp\/v2\/categories?post=755085"},{"taxonomy":"post_tag","embeddable":true,"href":"https:\/\/dailynewshungary.com\/de\/wp-json\/wp\/v2\/tags?post=755085"}],"curies":[{"name":"wp","href":"https:\/\/api.w.org\/{rel}","templated":true}]}}