{"id":755127,"date":"2016-09-09T15:50:18","date_gmt":"2016-09-09T13:50:18","guid":{"rendered":"https:\/\/dailynewshungary.com\/de\/ungarns-polizeichef-internationale-zusammenarbeit-ist-der-schlussel-zur-bekampfung-illegaler-migration\/"},"modified":"2016-09-09T15:50:18","modified_gmt":"2016-09-09T13:50:18","slug":"ungarns-polizeichef-internationale-zusammenarbeit-ist-der-schlussel-zur-bekampfung-illegaler-migration","status":"publish","type":"post","link":"https:\/\/dailynewshungary.com\/de\/ungarns-polizeichef-internationale-zusammenarbeit-ist-der-schlussel-zur-bekampfung-illegaler-migration\/","title":{"rendered":"Ungarns Polizeichef: Internationale Zusammenarbeit ist der Schl\u00fcssel zur Bek\u00e4mpfung illegaler Migration"},"content":{"rendered":"<p><strong>Budapest, 9. September (MTI) \u2013 Illegale Migration kann nur durch internationale Zusammenarbeit erfolgreich bek\u00e4mpft werden, sagte Ungarns Polizeichef K\u00e1roly Papp am Freitag auf dem 38. Kongress der Polizeichefs der europ\u00e4ischen Hauptst\u00e4dte in Budapest.<\/strong><\/p>\n<p>Die Sicherheitsherausforderungen, mit denen Europa im vergangenen Jahr konfrontiert war, h\u00e4tten das subjektive Sicherheitsgef\u00fchl der B\u00fcrger verringert, sagte Papp seinen internationalen KollegenDie Terroranschl\u00e4ge, die es gab, unterstreichen die Notwendigkeit einer wirksameren internationalen Zusammenarbeit zwischen europ\u00e4ischen Strafverfolgungsbeh\u00f6rden und Geheimdiensten, insbesondere beim Informationsaustausch und bei der Verbesserung der Pr\u00e4ventionsma\u00dfnahmenf\u00fcgte er hinzu.<\/p>\n<p>Neben der Serie von Terroranschl\u00e4gen, mit denen Europa in letzter Zeit konfrontiert war, sei die gr\u00f6\u00dfte Herausforderung des Kontinents seit 2015 die illegale Migration, sagte Papp.<\/p>\n<p>Die Aufgabe, illegale Migration zu bek\u00e4mpfen, laste stark an Ungarns Polizei, aber dank der j\u00fcngsten Ma\u00dfnahmen der Regierung sei Budapest eine extremismusfreie Stadt mit konsequenter Sicherheit, sagte der Polizeichef.<\/p>\n<p>Er wies darauf hin, dass Ungarn im vergangenen Jahr im Rahmen bilateraler Abkommen und im Rahmen der EU-Grenzagentur Frontex Polizeieinheiten entsandt habe, um bei den Grenzschutzbem\u00fchungen in Serbien, Slowenien, Mazedonien, Bulgarien und Griechenland zu helfen.<\/p>\n<figure id=\"attachment_83517\" aria-describedby=\"caption-attachment-83517\" style=\"width: 1024px\" class=\"wp-caption aligncenter\"><img loading=\"lazy\" decoding=\"async\" class=\"size-large wp-image-83517\" src=\"https:\/\/dailynewshungary.com\/wp-content\/uploads\/2016\/09\/D_KZG20160907007-1024x681.jpg\" alt=\"Einwanderungspolizei\" width=\"1024\" height=\"681\" srcset=\"https:\/\/contentf5.dailynewshungary.com\/wp-content\/uploads\/2016\/09\/D_KZG20160907007-1024x681.jpg 1024w, https:\/\/contentf5.dailynewshungary.com\/wp-content\/uploads\/2016\/09\/D_KZG20160907007-300x200.jpg 300w, https:\/\/contentf5.dailynewshungary.com\/wp-content\/uploads\/2016\/09\/D_KZG20160907007-768x511.jpg 768w, https:\/\/contentf5.dailynewshungary.com\/wp-content\/uploads\/2016\/09\/D_KZG20160907007-220x146.jpg 220w, https:\/\/contentf5.dailynewshungary.com\/wp-content\/uploads\/2016\/09\/D_KZG20160907007-610x406.jpg 610w, https:\/\/contentf5.dailynewshungary.com\/wp-content\/uploads\/2016\/09\/D_KZG20160907007-1080x719.jpg 1080w\" sizes=\"auto, (max-width: 1024px) 100vw, 1024px\"><figcaption id=\"caption-attachment-83517\" class=\"wp-caption-text\">Einwanderungspolizei<\/figcaption><\/figure>\n<p>Dank der Ma\u00dfnahmen der Regierung gegen illegale Migration, zu denen auch die Errichtung eines Zauns an der ungarischen Grenze zu Serbien geh\u00f6rte, sei die Zahl der illegalen Migranten, die in diesem Jahr nach Ungarn einreisen, im Vergleich zu den rund 400.000 Menschen, die im vergangenen Jahr illegal die Grenze \u00fcberschritten haben, deutlich zur\u00fcckgegangen, sagte erAber die Zahl der illegalen Einreisenden sei immer noch deutlich h\u00f6her als zu Beginn des Jahrzehnts, f\u00fcgte er hinzu.<\/p>\n<p>An der Konferenz nehmen die Polizeichefs von 30 europ\u00e4ischen und zwei au\u00dfereurop\u00e4ischen L\u00e4ndern teil, hei\u00dft es auf der Website des Polizeipr\u00e4sidiumsDie Polizeichefs von Belgien, Estland, Frankreich, Island, Polen, Russland, Spanien und Gro\u00dfbritannien sollen alle auf die Veranstaltung eingehen.<\/p>\n<p><em>Foto: MTI<\/em><\/p>\n","protected":false},"excerpt":{"rendered":"<p>Budapest, 9. September (MTI) \u2013 Illegale Migration kann nur durch internationale Zusammenarbeit erfolgreich bek\u00e4mpft werden, sagte Ungarns Polizeichef K\u00e1roly Papp am Freitag auf dem 38. Kongress der Polizeichefs der europ\u00e4ischen Hauptst\u00e4dte in Budapest. Die Sicherheitsherausforderungen, mit denen Europa im vergangenen Jahr konfrontiert war, h\u00e4tten das subjektive Sicherheitsgef\u00fchl der B\u00fcrger verringert, sagte Papp seinen internationalen KollegenDie [&hellip;]<\/p>\n","protected":false},"author":2,"featured_media":755128,"comment_status":"open","ping_status":"open","sticky":false,"template":"","format":"standard","meta":{"_acf_changed":false,"_display_image":"","footnotes":""},"categories":[1081],"tags":[1082,1445,1236,1543],"class_list":["post-755127","post","type-post","status-publish","format-standard","has-post-thumbnail","hentry","category-politik","tag-europaische-union","tag-migration","tag-polizei","tag-terrorismus"],"blocksy_meta":[],"acf":[],"author_username":"alk","telegram_post":"","public_post_metadata":{"breaking_news":"","important":"","csempe":"","center_tile":"","disable_thumbnail":"","target_lang":"","_featured_image_style":"","telegram_post":"","_xlat_group_id":""},"public_rank_math_data":{"title":"%title% %sep% %sitename%","description":"","focus_keyword":"Polizeiungarn","canonical_url":"","robots":"","primary_category":"1081","breadcrumb_title":"","facebook_title":"","facebook_description":"","facebook_image":"","facebook_image_id":"","twitter_title":"","twitter_description":"","twitter_image":"","twitter_image_id":"","twitter_card_type":"","twitter_use_facebook":"","advanced_robots":"","pillar_content":"","seo_score":"","contentai_score":"","rich_snippet":""},"_links":{"self":[{"href":"https:\/\/dailynewshungary.com\/de\/wp-json\/wp\/v2\/posts\/755127","targetHints":{"allow":["GET"]}}],"collection":[{"href":"https:\/\/dailynewshungary.com\/de\/wp-json\/wp\/v2\/posts"}],"about":[{"href":"https:\/\/dailynewshungary.com\/de\/wp-json\/wp\/v2\/types\/post"}],"author":[{"embeddable":true,"href":"https:\/\/dailynewshungary.com\/de\/wp-json\/wp\/v2\/users\/2"}],"replies":[{"embeddable":true,"href":"https:\/\/dailynewshungary.com\/de\/wp-json\/wp\/v2\/comments?post=755127"}],"version-history":[{"count":0,"href":"https:\/\/dailynewshungary.com\/de\/wp-json\/wp\/v2\/posts\/755127\/revisions"}],"wp:featuredmedia":[{"embeddable":true,"href":"https:\/\/dailynewshungary.com\/de\/wp-json\/wp\/v2\/media\/755128"}],"wp:attachment":[{"href":"https:\/\/dailynewshungary.com\/de\/wp-json\/wp\/v2\/media?parent=755127"}],"wp:term":[{"taxonomy":"category","embeddable":true,"href":"https:\/\/dailynewshungary.com\/de\/wp-json\/wp\/v2\/categories?post=755127"},{"taxonomy":"post_tag","embeddable":true,"href":"https:\/\/dailynewshungary.com\/de\/wp-json\/wp\/v2\/tags?post=755127"}],"curies":[{"name":"wp","href":"https:\/\/api.w.org\/{rel}","templated":true}]}}