{"id":755129,"date":"2016-09-09T14:40:18","date_gmt":"2016-09-09T12:40:18","guid":{"rendered":"https:\/\/dailynewshungary.com\/de\/fidesz-mp-nennt-tarifsetzer-pick\/"},"modified":"2016-09-09T14:40:18","modified_gmt":"2016-09-09T12:40:18","slug":"fidesz-mp-nennt-tarifsetzer-pick","status":"publish","type":"post","link":"https:\/\/dailynewshungary.com\/de\/fidesz-mp-nennt-tarifsetzer-pick\/","title":{"rendered":"Fidesz MP nennt Tarifsetzer-Pick"},"content":{"rendered":"<p><strong>Budapest, 9. September (MTI) \u201eDie fideszischen Gesetzgeber unterst\u00fctzen einstimmig Kolos Kardkov\u00e1cs, einen Wirtschaftsminister und Anwalt der Zentralbank, als externes Mitglied dem Zinssatzsetzungsgremium der Bank beizutreten, sagte die Tageszeitung Magyar Id.k auf ihrer Website.<\/strong><\/p>\n<p>Erik B\u00e1nk, der Abgeordnete des Fidesz, der den Wirtschaftsausschuss des Parlaments leitet, sagte dem Papier, dass der Ausschuss Kardkov\u00e1cs am Montag anh\u00f6ren werdeDie Mehrheit der Abgeordneten werde dann f\u00fcr seine Ernennung zum W\u00e4hrungsrat stimmen und er werde noch am selben Tag seinen Amtseid leistenf\u00fcgte er hinzu.<\/p>\n<p>Kardkov\u00e1cs soll Andrea B\u00e1rtfai-Mager ersetzen, der im Sommer aus dem Gremium ausschied, um den scheidenden Kommissar der Regierung f\u00fcr Postangelegenheiten und nationale Finanzdienstleistungen zu ersetzen.<\/p>\n<p>Seit ihrem R\u00fccktritt ist ein internes Mitglied des achtk\u00f6pfigen Gremiums bei Grundsatzsitzungen abwesend, um sich an Regeln zu halten, die mehr externe als interne Mitglieder erfordern, derzeit gibt es ohne Ersatz f\u00fcr B\u00e1rtfai-Mager vier externe und vier interne Mitglieder Die Zahl der Ratsmitglieder ist gesetzlich auf neun begrenzt.<\/p>\n","protected":false},"excerpt":{"rendered":"<p>Budapest, 9. September (MTI) \u201eDie fideszischen Gesetzgeber unterst\u00fctzen einstimmig Kolos Kardkov\u00e1cs, einen Wirtschaftsminister und Anwalt der Zentralbank, als externes Mitglied dem Zinssatzsetzungsgremium der Bank beizutreten, sagte die Tageszeitung Magyar Id.k auf ihrer Website. Erik B\u00e1nk, der Abgeordnete des Fidesz, der den Wirtschaftsausschuss des Parlaments leitet, sagte dem Papier, dass der Ausschuss Kardkov\u00e1cs am Montag anh\u00f6ren [&hellip;]<\/p>\n","protected":false},"author":2,"featured_media":755130,"comment_status":"open","ping_status":"open","sticky":false,"template":"","format":"standard","meta":{"_acf_changed":false,"_display_image":"","footnotes":""},"categories":[1281],"tags":[1091,1104],"class_list":["post-755129","post","type-post","status-publish","format-standard","has-post-thumbnail","hentry","category-geschaft","tag-fidesz","tag-wirtschaft"],"blocksy_meta":[],"acf":[],"author_username":"alk","telegram_post":"","public_post_metadata":{"breaking_news":"","important":"","csempe":"","center_tile":"","disable_thumbnail":"","target_lang":"","_featured_image_style":"","telegram_post":"","_xlat_group_id":""},"public_rank_math_data":{"title":"%title% %sep% %sitename%","description":"","focus_keyword":"fidesz","canonical_url":"","robots":"","primary_category":"1281","breadcrumb_title":"","facebook_title":"","facebook_description":"","facebook_image":"","facebook_image_id":"","twitter_title":"","twitter_description":"","twitter_image":"","twitter_image_id":"","twitter_card_type":"","twitter_use_facebook":"","advanced_robots":"","pillar_content":"","seo_score":"","contentai_score":"","rich_snippet":""},"_links":{"self":[{"href":"https:\/\/dailynewshungary.com\/de\/wp-json\/wp\/v2\/posts\/755129","targetHints":{"allow":["GET"]}}],"collection":[{"href":"https:\/\/dailynewshungary.com\/de\/wp-json\/wp\/v2\/posts"}],"about":[{"href":"https:\/\/dailynewshungary.com\/de\/wp-json\/wp\/v2\/types\/post"}],"author":[{"embeddable":true,"href":"https:\/\/dailynewshungary.com\/de\/wp-json\/wp\/v2\/users\/2"}],"replies":[{"embeddable":true,"href":"https:\/\/dailynewshungary.com\/de\/wp-json\/wp\/v2\/comments?post=755129"}],"version-history":[{"count":0,"href":"https:\/\/dailynewshungary.com\/de\/wp-json\/wp\/v2\/posts\/755129\/revisions"}],"wp:featuredmedia":[{"embeddable":true,"href":"https:\/\/dailynewshungary.com\/de\/wp-json\/wp\/v2\/media\/755130"}],"wp:attachment":[{"href":"https:\/\/dailynewshungary.com\/de\/wp-json\/wp\/v2\/media?parent=755129"}],"wp:term":[{"taxonomy":"category","embeddable":true,"href":"https:\/\/dailynewshungary.com\/de\/wp-json\/wp\/v2\/categories?post=755129"},{"taxonomy":"post_tag","embeddable":true,"href":"https:\/\/dailynewshungary.com\/de\/wp-json\/wp\/v2\/tags?post=755129"}],"curies":[{"name":"wp","href":"https:\/\/api.w.org\/{rel}","templated":true}]}}