{"id":755135,"date":"2016-09-09T11:37:55","date_gmt":"2016-09-09T09:37:55","guid":{"rendered":"https:\/\/dailynewshungary.com\/de\/orban-die-bewaltigung-der-fluchtlingskrise-hat-die-regierung-gestarkt\/"},"modified":"2016-09-09T11:37:55","modified_gmt":"2016-09-09T09:37:55","slug":"orban-die-bewaltigung-der-fluchtlingskrise-hat-die-regierung-gestarkt","status":"publish","type":"post","link":"https:\/\/dailynewshungary.com\/de\/orban-die-bewaltigung-der-fluchtlingskrise-hat-die-regierung-gestarkt\/","title":{"rendered":"Orban: Die Bew\u00e4ltigung der Fl\u00fcchtlingskrise hat die Regierung gest\u00e4rkt"},"content":{"rendered":"<p><strong>Budapest, 9. September (MTI) \u2013 Die Bew\u00e4ltigung der Fl\u00fcchtlingskrise hat die regierende Fidesz-Regierung in den letzten vier Jahren politisch gest\u00e4rkt, zitierte die mit der Regierung verb\u00fcndete Tageszeitung Magyar Id k Premierminister Viktor Orb\u00e1n auf dem Fidesz-Christdemokraten-Gruppen dreit\u00e4giges Treffen in Balatonf\u00fcred im Westen Ungarns.<\/strong><\/p>\n<p>Orb\u00e1n sagte, der Grund daf\u00fcr sei, dass die Position der Regierung zur Migration die Ansichten der Gesellschaft widerspiegele.<\/p>\n<p>Das Papier sagte, der Ministerpr\u00e4sident habe bei dem Treffen eine gr\u00fcndliche Analyse der internationalen Migrationssituation gegeben und dabei insbesondere die Situation der T\u00fcrkei und Italiens hervorgehoben. Orb\u00e1n sprach auch \u00fcber die deutsche Landtagswahl am vergangenen Wochenende, bei der die konservativen Christdemokraten von Bundeskanzlerin Angela Merkel von der einwanderungsfeindlichen AfD auf den zweiten Platz geschlagen wurden. Orb\u00e1n bemerkte, dass CDU noch nie zuvor von rechts geschlagen worden sei.<\/p>\n<p>Zum ungarischen Referendum \u00fcber die Migrantenquote vom 2. Oktober sagte Orb\u00e1n, bei der Abstimmung gehe es nicht um die allt\u00e4glichen innenpolitischen K\u00e4mpfe des Landes, sondern um die Zukunft Ungarns. Es gehe darum, dass Ungarn seine Gemeinschaften, seine Kultur und seine Sicherheit sch\u00fctze, wurde Orb\u00e1n zitiert.<\/p>\n<p>In der Volksabstimmung werden die Ungarn gefragt: \u201cWollen Sie zulassen, dass die Europ\u00e4ische Union die Umsiedlung nichtungarischer Staatsb\u00fcrger nach Ungarn ohne Zustimmung des Parlaments vorschreibt?\u201d<\/p>\n<p>Berichten zufolge teilte Orb\u00e1n seiner Fraktion mit, dass von allen Regierungsmitgliedern, Staatssekret\u00e4ren und Mitgliedern des Fidesz-Christdemokraten erwartet werde, dass sie eine aktive Rolle in der Referendumskampagne spielen w\u00fcrden. Orb\u00e1n sagte, er selbst werde sich auch daf\u00fcr einsetzen, eine m\u00f6glichst hohe Wahlbeteiligung f\u00fcr das \u201eNein\u201c-Lager am 2. Oktober sicherzustellen.<\/p>\n<p>Magyar Id.k sagte, Orb\u00e1n werde am 11. September mit der Basis politischer Fachkr\u00e4fte seiner Partei sprechen. In dem Papier hie\u00df es au\u00dferdem, der Premierminister plane, die Herbstsitzung im Parlament am 12. September mit einer gro\u00dfen politischen Rede zu er\u00f6ffnen. Der Plan der Partei sei, Orban eine gr\u00f6\u00dfere Rolle in der Referendumskampagne nach dem EU-Gipfel am 16. September in Bratislava zu \u00fcbernehmen, sagte Magyar Id.k.<\/p>\n<p><em>Foto: MTI<\/em><\/p>\n","protected":false},"excerpt":{"rendered":"<p>Budapest, 9. September (MTI) \u2013 Die Bew\u00e4ltigung der Fl\u00fcchtlingskrise hat die regierende Fidesz-Regierung in den letzten vier Jahren politisch gest\u00e4rkt, zitierte die mit der Regierung verb\u00fcndete Tageszeitung Magyar Id k Premierminister Viktor Orb\u00e1n auf dem Fidesz-Christdemokraten-Gruppen dreit\u00e4giges Treffen in Balatonf\u00fcred im Westen Ungarns. Orb\u00e1n sagte, der Grund daf\u00fcr sei, dass die Position der Regierung zur [&hellip;]<\/p>\n","protected":false},"author":2,"featured_media":755136,"comment_status":"open","ping_status":"open","sticky":false,"template":"","format":"standard","meta":{"_acf_changed":false,"_display_image":"","footnotes":""},"categories":[1081],"tags":[1082,1091,1445,3772,2147],"class_list":["post-755135","post","type-post","status-publish","format-standard","has-post-thumbnail","hentry","category-politik","tag-europaische-union","tag-fidesz","tag-migration","tag-referendum-uber-migrantenquoten","tag-viktor-oder-verbot"],"blocksy_meta":[],"acf":[],"author_username":"alk","telegram_post":"","public_post_metadata":{"breaking_news":"","important":"","csempe":"","center_tile":"","disable_thumbnail":"","target_lang":"","_featured_image_style":"","telegram_post":"","_xlat_group_id":""},"public_rank_math_data":{"title":"%title% %sep% %sitename%","description":"","focus_keyword":"","canonical_url":"","robots":"","primary_category":"1081","breadcrumb_title":"","facebook_title":"","facebook_description":"","facebook_image":"","facebook_image_id":"","twitter_title":"","twitter_description":"","twitter_image":"","twitter_image_id":"","twitter_card_type":"","twitter_use_facebook":"","advanced_robots":"","pillar_content":"","seo_score":"","contentai_score":"","rich_snippet":""},"_links":{"self":[{"href":"https:\/\/dailynewshungary.com\/de\/wp-json\/wp\/v2\/posts\/755135","targetHints":{"allow":["GET"]}}],"collection":[{"href":"https:\/\/dailynewshungary.com\/de\/wp-json\/wp\/v2\/posts"}],"about":[{"href":"https:\/\/dailynewshungary.com\/de\/wp-json\/wp\/v2\/types\/post"}],"author":[{"embeddable":true,"href":"https:\/\/dailynewshungary.com\/de\/wp-json\/wp\/v2\/users\/2"}],"replies":[{"embeddable":true,"href":"https:\/\/dailynewshungary.com\/de\/wp-json\/wp\/v2\/comments?post=755135"}],"version-history":[{"count":0,"href":"https:\/\/dailynewshungary.com\/de\/wp-json\/wp\/v2\/posts\/755135\/revisions"}],"wp:featuredmedia":[{"embeddable":true,"href":"https:\/\/dailynewshungary.com\/de\/wp-json\/wp\/v2\/media\/755136"}],"wp:attachment":[{"href":"https:\/\/dailynewshungary.com\/de\/wp-json\/wp\/v2\/media?parent=755135"}],"wp:term":[{"taxonomy":"category","embeddable":true,"href":"https:\/\/dailynewshungary.com\/de\/wp-json\/wp\/v2\/categories?post=755135"},{"taxonomy":"post_tag","embeddable":true,"href":"https:\/\/dailynewshungary.com\/de\/wp-json\/wp\/v2\/tags?post=755135"}],"curies":[{"name":"wp","href":"https:\/\/api.w.org\/{rel}","templated":true}]}}