{"id":755164,"date":"2016-09-08T13:10:24","date_gmt":"2016-09-08T11:10:24","guid":{"rendered":"https:\/\/dailynewshungary.com\/de\/ungarische-politiker-diskutieren-uber-die-eu-mitgliedschaft-ungarns\/"},"modified":"2016-09-08T13:10:24","modified_gmt":"2016-09-08T11:10:24","slug":"ungarische-politiker-diskutieren-uber-die-eu-mitgliedschaft-ungarns","status":"publish","type":"post","link":"https:\/\/dailynewshungary.com\/de\/ungarische-politiker-diskutieren-uber-die-eu-mitgliedschaft-ungarns\/","title":{"rendered":"Ungarische Politiker diskutieren \u00fcber die EU-Mitgliedschaft Ungarns"},"content":{"rendered":"<p><strong>Budapest (MTI) \u2013 Politiker diskutierten am Mittwoch auf einer Wirtschaftskonferenz \u00fcber Fragen der Mitgliedschaft Ungarns in der Europ\u00e4ischen Union, aber keiner der Teilnehmer bef\u00fcrwortete einen tats\u00e4chlichen Austritt aus der Union als solcher.<\/strong><\/p>\n<p>Die Konferenz mit dem Titel \u201cHat die ungarische Wirtschaft eine Zukunft au\u00dferhalb der Europ\u00e4ischen Union?\u201d beinhaltete eine F\u00fcnf-Parteien-Debatte, wo Staatssekret\u00e4r N\u00e1ndor Csepreghy im Namen der Regierung sagte, dass es f\u00fcr Ungarn keine Zukunft au\u00dferhalb der EU gebe \u201cSchmalgesinnt\u201d sei es, die Kritik der Regierung am System als Zeichen daf\u00fcr zu interpretieren, Ungarn aus der EU austreten zu wollen.<\/p>\n<p>Daniel Z K\u00e1rp\u00e1t, ein Sprecher der Jobbik-Partei, sagte, seine Partei wolle kurzfristig keinen Austritt, forderte die Regierung jedoch auf, eine Bewertung der Vor- und Nachteile einer Mitgliedschaft vorzunehmen, wie dies in der langen Zeit seit dem Beitritt Ungarns der Fall sei Die negativen Umst\u00e4nde im Land haben sich nicht grundlegend ge\u00e4ndert. Er f\u00fcgte hinzu, dass Ungarn zwar ein integraler Bestandteil der europ\u00e4ischen Szene sei und dies auch bleiben sollte, die politische Zentralisierung jedoch inakzeptabel sei.<\/p>\n<p>Im Namen der Sozialisten stellte Attila Mesterh\u00e1zy fest, dass Jobbik sich schon lange offen f\u00fcr die Notwendigkeit eines Austritts Ungarns aus der EU eingesetzt habe. Er f\u00fcgte hinzu, dass er umso mehr an der Position von Fidesz zu diesem Thema interessiert sei, da \u201eeiner der Hauptgr\u00fcnde daf\u00fcr, dass die EU in mancher Hinsicht schwach ist, Ministerpr\u00e4sident Viktor Orb\u00e1n selbst ist.\u201cMesterh\u00e1zy f\u00fcgte hinzu, dass Statistiken belegen, dass Ungarn einer der gr\u00f6\u00dften Nutznie\u00dfer von EU-Transfers ist.<\/p>\n<p>Zoltan Bogn\u00e1r, ein Sprecher der Liberalen Partei, sagte, Ungarn m\u00fcsse in der EU bleiben und f\u00fcgte hinzu, dass einige Bemerkungen von Regierungspolitikern, die die Vorteile einer EU-Mitgliedschaft in Frage stellten, \u201ebesorglich\u201c seien.<\/p>\n<p>Erzs\u00e9bet Schmuck von LMP stimmte ebenfalls f\u00fcr den Verbleib, sagte jedoch, dass die vier Grunds\u00e4tze der Freiheiten, n\u00e4mlich der freie Kapital-, Waren- und Arbeitnehmerverkehr sowie die Freiheit, Dienstleistungen zu gr\u00fcnden und anzubieten, \u00fcberdacht werden m\u00fcssten.<\/p>\n<p><em>Foto: atv.hu<\/em><\/p>\n","protected":false},"excerpt":{"rendered":"<p>Budapest (MTI) \u2013 Politiker diskutierten am Mittwoch auf einer Wirtschaftskonferenz \u00fcber Fragen der Mitgliedschaft Ungarns in der Europ\u00e4ischen Union, aber keiner der Teilnehmer bef\u00fcrwortete einen tats\u00e4chlichen Austritt aus der Union als solcher. Die Konferenz mit dem Titel \u201cHat die ungarische Wirtschaft eine Zukunft au\u00dferhalb der Europ\u00e4ischen Union?\u201d beinhaltete eine F\u00fcnf-Parteien-Debatte, wo Staatssekret\u00e4r N\u00e1ndor Csepreghy im [&hellip;]<\/p>\n","protected":false},"author":2,"featured_media":0,"comment_status":"open","ping_status":"open","sticky":false,"template":"","format":"standard","meta":{"_acf_changed":false,"_display_image":"","footnotes":""},"categories":[1081],"tags":[1082,1632,1873,1695],"class_list":["post-755164","post","type-post","status-publish","format-standard","hentry","category-politik","tag-europaische-union","tag-jobbik","tag-lmp","tag-sozialisten"],"blocksy_meta":[],"acf":[],"author_username":"alk","telegram_post":"","public_post_metadata":{"breaking_news":"","important":"","csempe":"","center_tile":"","disable_thumbnail":"","target_lang":"","_featured_image_style":"","telegram_post":"","_xlat_group_id":""},"public_rank_math_data":{"title":"%title% %sep% %sitename%","description":"","focus_keyword":"EU Ungarn","canonical_url":"","robots":"","primary_category":"1081","breadcrumb_title":"","facebook_title":"","facebook_description":"","facebook_image":"","facebook_image_id":"","twitter_title":"","twitter_description":"","twitter_image":"","twitter_image_id":"","twitter_card_type":"","twitter_use_facebook":"","advanced_robots":"","pillar_content":"","seo_score":"1","contentai_score":"","rich_snippet":""},"_links":{"self":[{"href":"https:\/\/dailynewshungary.com\/de\/wp-json\/wp\/v2\/posts\/755164","targetHints":{"allow":["GET"]}}],"collection":[{"href":"https:\/\/dailynewshungary.com\/de\/wp-json\/wp\/v2\/posts"}],"about":[{"href":"https:\/\/dailynewshungary.com\/de\/wp-json\/wp\/v2\/types\/post"}],"author":[{"embeddable":true,"href":"https:\/\/dailynewshungary.com\/de\/wp-json\/wp\/v2\/users\/2"}],"replies":[{"embeddable":true,"href":"https:\/\/dailynewshungary.com\/de\/wp-json\/wp\/v2\/comments?post=755164"}],"version-history":[{"count":0,"href":"https:\/\/dailynewshungary.com\/de\/wp-json\/wp\/v2\/posts\/755164\/revisions"}],"wp:attachment":[{"href":"https:\/\/dailynewshungary.com\/de\/wp-json\/wp\/v2\/media?parent=755164"}],"wp:term":[{"taxonomy":"category","embeddable":true,"href":"https:\/\/dailynewshungary.com\/de\/wp-json\/wp\/v2\/categories?post=755164"},{"taxonomy":"post_tag","embeddable":true,"href":"https:\/\/dailynewshungary.com\/de\/wp-json\/wp\/v2\/tags?post=755164"}],"curies":[{"name":"wp","href":"https:\/\/api.w.org\/{rel}","templated":true}]}}