{"id":755173,"date":"2016-09-08T07:38:40","date_gmt":"2016-09-08T05:38:40","guid":{"rendered":"https:\/\/dailynewshungary.com\/de\/erstes-foto-uber-die-enkelin-von-pm-viktor-orban-aliz\/"},"modified":"2016-09-08T07:38:40","modified_gmt":"2016-09-08T05:38:40","slug":"erstes-foto-uber-die-enkelin-von-pm-viktor-orban-aliz","status":"publish","type":"post","link":"https:\/\/dailynewshungary.com\/de\/erstes-foto-uber-die-enkelin-von-pm-viktor-orban-aliz\/","title":{"rendered":"Erstes Foto \u00fcber die Enkelin von PM Viktor Orb\u00e1n, Aliz"},"content":{"rendered":"<p><strong>Das Bild wurde w\u00e4hrend der Tauffeier des kleinen M\u00e4dchens am Sonntag gedreht.<\/strong><\/p>\n<p>Die 11 Wochen alte Enkelin des Premierministers wurde in einer l\u00e4ndlichen Gemeinde nach r\u00f6misch-katholischen Riten im Beisein eines engen Kreises von Familienmitgliedern getauft.<\/p>\n<p>Die Tauffeier fand am Sonntagmorgen statt, ziemlich genau drei Jahre nach der Heirat der Eltern des kleinen M\u00e4dchens.<\/p>\n<p>Mehr als zwanzig Personen nahmen an der Taufzeremonie teil Der Priester folgte der \u00fcblichen Liturgie der Taufen und machte ein kleines Kreuzzeichen auf der Stirn des kleinen M\u00e4dchens, gefolgt von ein paar Tropfen \u00d6l und am Ende wurde es mit Weihwasser bespr\u00fcht; offenbar beobachtete Aliz die Taufzeremonie mit gro\u00dfem Interesse.<\/p>\n<p><img loading=\"lazy\" decoding=\"async\" class=\"size-full wp-image-83294 aligncenter\" src=\"https:\/\/dailynewshungary.com\/wp-content\/uploads\/2016\/09\/orb\u00e1n-al\u00edz.jpg\" alt=\"Orban-Aliz\" width=\"960\" height=\"639\" srcset=\"https:\/\/contentf5.dailynewshungary.com\/wp-content\/uploads\/2016\/09\/orb\u00e1n-al\u00edz.jpg 960w, https:\/\/contentf5.dailynewshungary.com\/wp-content\/uploads\/2016\/09\/orb\u00e1n-al\u00edz-300x200.jpg 300w, https:\/\/contentf5.dailynewshungary.com\/wp-content\/uploads\/2016\/09\/orb\u00e1n-al\u00edz-768x511.jpg 768w, https:\/\/contentf5.dailynewshungary.com\/wp-content\/uploads\/2016\/09\/orb\u00e1n-al\u00edz-220x146.jpg 220w, https:\/\/contentf5.dailynewshungary.com\/wp-content\/uploads\/2016\/09\/orb\u00e1n-al\u00edz-610x406.jpg 610w\" sizes=\"auto, (max-width: 960px) 100vw, 960px\"><\/p>\n<p><em>Foto:&nbsp;<a href=\"https:\/\/www.facebook.com\/orbanviktor\/\" target=\"_blank\" rel=\"noopener noreferrer\">https:\/\/www.facebook.com\/orbanviktor\/<\/a><\/em><\/p>\n","protected":false},"excerpt":{"rendered":"<p>Das Bild wurde w\u00e4hrend der Tauffeier des kleinen M\u00e4dchens am Sonntag gedreht. Die 11 Wochen alte Enkelin des Premierministers wurde in einer l\u00e4ndlichen Gemeinde nach r\u00f6misch-katholischen Riten im Beisein eines engen Kreises von Familienmitgliedern getauft. Die Tauffeier fand am Sonntagmorgen statt, ziemlich genau drei Jahre nach der Heirat der Eltern des kleinen M\u00e4dchens. Mehr als [&hellip;]<\/p>\n","protected":false},"author":2,"featured_media":755174,"comment_status":"open","ping_status":"open","sticky":false,"template":"","format":"standard","meta":{"_acf_changed":false,"_display_image":"","footnotes":""},"categories":[1098],"tags":[1128],"class_list":["post-755173","post","type-post","status-publish","format-standard","has-post-thumbnail","hentry","category-gesellschaft","tag-viktor-orban"],"blocksy_meta":[],"acf":[],"author_username":"alk","telegram_post":"","public_post_metadata":{"breaking_news":"","important":"","csempe":"","center_tile":"","disable_thumbnail":"","target_lang":"","_featured_image_style":"","telegram_post":"","_xlat_group_id":""},"public_rank_math_data":{"title":"%title% %sep% %sitename%","description":"","focus_keyword":"Orb\u00e1n","canonical_url":"","robots":"","primary_category":"1098","breadcrumb_title":"","facebook_title":"","facebook_description":"","facebook_image":"","facebook_image_id":"","twitter_title":"","twitter_description":"","twitter_image":"","twitter_image_id":"","twitter_card_type":"","twitter_use_facebook":"","advanced_robots":"","pillar_content":"","seo_score":"64","contentai_score":"","rich_snippet":""},"_links":{"self":[{"href":"https:\/\/dailynewshungary.com\/de\/wp-json\/wp\/v2\/posts\/755173","targetHints":{"allow":["GET"]}}],"collection":[{"href":"https:\/\/dailynewshungary.com\/de\/wp-json\/wp\/v2\/posts"}],"about":[{"href":"https:\/\/dailynewshungary.com\/de\/wp-json\/wp\/v2\/types\/post"}],"author":[{"embeddable":true,"href":"https:\/\/dailynewshungary.com\/de\/wp-json\/wp\/v2\/users\/2"}],"replies":[{"embeddable":true,"href":"https:\/\/dailynewshungary.com\/de\/wp-json\/wp\/v2\/comments?post=755173"}],"version-history":[{"count":0,"href":"https:\/\/dailynewshungary.com\/de\/wp-json\/wp\/v2\/posts\/755173\/revisions"}],"wp:featuredmedia":[{"embeddable":true,"href":"https:\/\/dailynewshungary.com\/de\/wp-json\/wp\/v2\/media\/755174"}],"wp:attachment":[{"href":"https:\/\/dailynewshungary.com\/de\/wp-json\/wp\/v2\/media?parent=755173"}],"wp:term":[{"taxonomy":"category","embeddable":true,"href":"https:\/\/dailynewshungary.com\/de\/wp-json\/wp\/v2\/categories?post=755173"},{"taxonomy":"post_tag","embeddable":true,"href":"https:\/\/dailynewshungary.com\/de\/wp-json\/wp\/v2\/tags?post=755173"}],"curies":[{"name":"wp","href":"https:\/\/api.w.org\/{rel}","templated":true}]}}