{"id":755187,"date":"2016-09-07T16:20:01","date_gmt":"2016-09-07T14:20:01","guid":{"rendered":"https:\/\/dailynewshungary.com\/de\/antwort-an-osterreich-ungarn-wird-nur-migranten-die-in-die-eu-eingereist-sind-hier-zurucknehmen\/"},"modified":"2016-09-07T16:20:01","modified_gmt":"2016-09-07T14:20:01","slug":"antwort-an-osterreich-ungarn-wird-nur-migranten-die-in-die-eu-eingereist-sind-hier-zurucknehmen","status":"publish","type":"post","link":"https:\/\/dailynewshungary.com\/de\/antwort-an-osterreich-ungarn-wird-nur-migranten-die-in-die-eu-eingereist-sind-hier-zurucknehmen\/","title":{"rendered":"Antwort an \u00d6sterreich: Ungarn wird nur Migranten, die in die EU eingereist sind, hier zur\u00fccknehmen"},"content":{"rendered":"<p><strong>Budapest, 7. September (MTI) \u2013 Ungarn werde nur Migranten zur\u00fccknehmen, die in diesem Land in die Europ\u00e4ische Union eingereist seien, sagte der Au\u00dfenminister am Mittwoch.<\/strong><\/p>\n<p>P\u00e9ter Szijj\u00e1rt\u00f3 reagierte auf eine Erkl\u00e4rung des \u00f6sterreichischen Innenministers Wolfgang Sobotka, wonach \u00d6sterreich vor Gericht gehen w\u00fcrde, wenn Ungarn sich weigere, Asylbewerber, die in dem Land, in dem sie erstmals in die EU eingereist seien, Asyl beantragen m\u00fcssten, zur\u00fcckzunehmen.<\/p>\n<blockquote>\n<p>\u201cDie Position Ungarns ist klar und unver\u00e4ndert: Wir werden nur diejenigen zur\u00fccknehmen, die zuerst in Ungarn in die EU eingetreten sind\u201d, sagte Szijj\u00e1rt\u00f3 in einer Erkl\u00e4rung.<\/p>\n<\/blockquote>\n<p>Illegale Migranten aus dem Nahen Osten und Afrika sind \u201coffensichtlich\u201d in anderen L\u00e4ndern in die EU eingereist und dass sie es vers\u00e4umt haben, sich dort zu registrieren, ist keine Entschuldigung.<\/p>\n<p style=\"text-align: center;\">[button link=\u201dhttps:\/\/dailynewshungary.com\/tag\/immigration\/\u201d type=\u201dbig\u201d color=\u201d green\u201d newwindow=\u201dyes\u201d] Weiterlesen News zu IMMIGRATION [\/button]<\/p>\n<p>Der R\u00fcckgang der Zahl illegaler Migranten, die in \u00d6sterreich ankommen, sei dem strengeren Grenzschutz in Ungarn zu verdanken, sagte er \u201cWer ein Land f\u00fcr den Schutz Europas und damit \u00d6sterreichs kritisiert, ist auf dem falschen Weg\u201d, f\u00fcgte Szijj\u00e1rt\u00f3 hinzu.<\/p>\n<p style=\"text-align: center;\">&nbsp;<iframe loading=\"lazy\" style=\"border: none; overflow: hidden;\" src=\"https:\/\/www.facebook.com\/plugins\/post.php?href=https%3A%2F%2Fwww.facebook.com%2Fdailynewshungary%2Fposts%2F1088922387809998&amp;width=500\" width=\"500\" height=\"507\" frameborder=\"0\" scrolling=\"no\"><\/iframe><\/p>\n<p><em>Foto: Bal\u00e1zs B\u00e9li<\/em><\/p>\n","protected":false},"excerpt":{"rendered":"<p>Budapest, 7. September (MTI) \u2013 Ungarn werde nur Migranten zur\u00fccknehmen, die in diesem Land in die Europ\u00e4ische Union eingereist seien, sagte der Au\u00dfenminister am Mittwoch. P\u00e9ter Szijj\u00e1rt\u00f3 reagierte auf eine Erkl\u00e4rung des \u00f6sterreichischen Innenministers Wolfgang Sobotka, wonach \u00d6sterreich vor Gericht gehen w\u00fcrde, wenn Ungarn sich weigere, Asylbewerber, die in dem Land, in dem sie erstmals [&hellip;]<\/p>\n","protected":false},"author":2,"featured_media":755188,"comment_status":"open","ping_status":"open","sticky":false,"template":"","format":"standard","meta":{"_acf_changed":false,"_display_image":"","footnotes":""},"categories":[1081],"tags":[1470,1082,1445,1129,1299],"class_list":["post-755187","post","type-post","status-publish","format-standard","has-post-thumbnail","hentry","category-politik","tag-ausenministerium-fur-ungarn","tag-europaische-union","tag-migration","tag-osterreich","tag-schengen"],"blocksy_meta":[],"acf":[],"author_username":"alk","telegram_post":"","public_post_metadata":{"breaking_news":"","important":"","csempe":"","center_tile":"","disable_thumbnail":"","target_lang":"","_featured_image_style":"","telegram_post":"","_xlat_group_id":""},"public_rank_math_data":{"title":"%title% %sep% %sitename%","description":"","focus_keyword":"Migration \u00d6sterreich Ungarn","canonical_url":"","robots":"","primary_category":"1081","breadcrumb_title":"","facebook_title":"","facebook_description":"","facebook_image":"","facebook_image_id":"","twitter_title":"","twitter_description":"","twitter_image":"","twitter_image_id":"","twitter_card_type":"","twitter_use_facebook":"","advanced_robots":"","pillar_content":"","seo_score":"5","contentai_score":"","rich_snippet":""},"_links":{"self":[{"href":"https:\/\/dailynewshungary.com\/de\/wp-json\/wp\/v2\/posts\/755187","targetHints":{"allow":["GET"]}}],"collection":[{"href":"https:\/\/dailynewshungary.com\/de\/wp-json\/wp\/v2\/posts"}],"about":[{"href":"https:\/\/dailynewshungary.com\/de\/wp-json\/wp\/v2\/types\/post"}],"author":[{"embeddable":true,"href":"https:\/\/dailynewshungary.com\/de\/wp-json\/wp\/v2\/users\/2"}],"replies":[{"embeddable":true,"href":"https:\/\/dailynewshungary.com\/de\/wp-json\/wp\/v2\/comments?post=755187"}],"version-history":[{"count":0,"href":"https:\/\/dailynewshungary.com\/de\/wp-json\/wp\/v2\/posts\/755187\/revisions"}],"wp:featuredmedia":[{"embeddable":true,"href":"https:\/\/dailynewshungary.com\/de\/wp-json\/wp\/v2\/media\/755188"}],"wp:attachment":[{"href":"https:\/\/dailynewshungary.com\/de\/wp-json\/wp\/v2\/media?parent=755187"}],"wp:term":[{"taxonomy":"category","embeddable":true,"href":"https:\/\/dailynewshungary.com\/de\/wp-json\/wp\/v2\/categories?post=755187"},{"taxonomy":"post_tag","embeddable":true,"href":"https:\/\/dailynewshungary.com\/de\/wp-json\/wp\/v2\/tags?post=755187"}],"curies":[{"name":"wp","href":"https:\/\/api.w.org\/{rel}","templated":true}]}}