{"id":755205,"date":"2016-09-07T05:52:33","date_gmt":"2016-09-07T03:52:33","guid":{"rendered":"https:\/\/dailynewshungary.com\/de\/die-spannungen-auf-dem-westbalkan-gefahrden-die-sicherheit-ungarns-ernsthaft-sagt-szijjarto\/"},"modified":"2016-09-07T05:52:33","modified_gmt":"2016-09-07T03:52:33","slug":"die-spannungen-auf-dem-westbalkan-gefahrden-die-sicherheit-ungarns-ernsthaft-sagt-szijjarto","status":"publish","type":"post","link":"https:\/\/dailynewshungary.com\/de\/die-spannungen-auf-dem-westbalkan-gefahrden-die-sicherheit-ungarns-ernsthaft-sagt-szijjarto\/","title":{"rendered":"Die Spannungen auf dem Westbalkan gef\u00e4hrden die Sicherheit Ungarns ernsthaft, sagt Szijj\u00e1rto"},"content":{"rendered":"<p>&nbsp;<\/p>\n<p><strong>Bled, Slowenien (MTI) \u2013 Die zunehmenden Spannungen in der westlichen Balkanregion stellen ein ernsthaftes Risiko f\u00fcr die Sicherheit Ungarns dar, sagte Au\u00dfenminister P\u00e9ter Szijj\u00e1rt\u00f3 am Dienstag.<\/strong><\/p>\n<p>Angesichts der anhaltenden Grenzstreitigkeiten, des zunehmenden religi\u00f6sen Extremismus und der zunehmenden Bedrohung durch den Terrorismus in der s\u00fcd\u00f6stlichen Nachbarregion der EU sei es keineswegs unm\u00f6glich, dass Europa im Herbst eine weitere Migrationswelle erleben werde, sagte Szijj\u00e1rt\u00f3 nach seiner Teilnahme am Strategischen Forum in Bled.<\/p>\n<p>\u201cDeshalb stellt die Instabilit\u00e4t im westlichen Balkan ein ernstes Sicherheitsrisiko f\u00fcr Ungarn dar\u201d, sagte der MinisterWenn die Region instabil bleibt, kann leicht eine gro\u00dfe Welle von Migranten durch sie st\u00fcrmen und eine solche Welle k\u00f6nnte innerhalb weniger Stunden die s\u00fcdliche Grenze Ungarns erreichenf\u00fcgte Szijj\u00e1rt\u00f3 hinzu.<\/p>\n<figure id=\"attachment_83113\" aria-describedby=\"caption-attachment-83113\" style=\"width: 1024px\" class=\"wp-caption aligncenter\"><img loading=\"lazy\" decoding=\"async\" class=\"size-large wp-image-83113\" src=\"https:\/\/dailynewshungary.com\/wp-content\/uploads\/2016\/09\/D_MTI20160906001-1024x728.jpg\" alt=\"Ungarische und slowenische Au\u00dfenminister\" width=\"1024\" height=\"728\" srcset=\"https:\/\/contentf5.dailynewshungary.com\/wp-content\/uploads\/2016\/09\/D_MTI20160906001-1024x728.jpg 1024w, https:\/\/contentf5.dailynewshungary.com\/wp-content\/uploads\/2016\/09\/D_MTI20160906001-300x213.jpg 300w, https:\/\/contentf5.dailynewshungary.com\/wp-content\/uploads\/2016\/09\/D_MTI20160906001-768x546.jpg 768w, https:\/\/contentf5.dailynewshungary.com\/wp-content\/uploads\/2016\/09\/D_MTI20160906001-220x156.jpg 220w, https:\/\/contentf5.dailynewshungary.com\/wp-content\/uploads\/2016\/09\/D_MTI20160906001-610x434.jpg 610w, https:\/\/contentf5.dailynewshungary.com\/wp-content\/uploads\/2016\/09\/D_MTI20160906001-400x284.jpg 400w, https:\/\/contentf5.dailynewshungary.com\/wp-content\/uploads\/2016\/09\/D_MTI20160906001-1080x768.jpg 1080w\" sizes=\"auto, (max-width: 1024px) 100vw, 1024px\"><figcaption id=\"caption-attachment-83113\" class=\"wp-caption-text\">Ungarische und slowenische Au\u00dfenminister<\/figcaption><\/figure>\n<p>Damit k\u00f6nnte Ungarn sogar eine Wiederholung der letztj\u00e4hrigen Migrationswelle erleben, die seiner Meinung nach unbedingt vermieden werden sollte Er betonte jedoch, dass Ungarn die Migrationswelle nicht allein stoppen k\u00f6nne und die Hilfe der EU ben\u00f6tige.<\/p>\n<p>Ungarn dr\u00e4ngt die EU, in dieser Angelegenheit zwei Schritte zu unternehmen, sagte Szijj\u00e1rt\u00f3Das erste davon ist die Beschleunigung der EU-Integration der westlichen Balkanl\u00e4nder. Der Block m\u00fcsse seine Beitrittsgespr\u00e4che mit Serbien bis 2020 abschlie\u00dfen, sagte er und f\u00fcgte hinzu, dass Montenegro nach seinem erfolgreichen Beitritt zur NATO auch der EU beitreten sollte. Der Minister forderte die EU au\u00dferdem auf, so bald wie m\u00f6glich Beitrittsgespr\u00e4che mit Mazedonien aufzunehmen \u201cWenn es uns nicht gelingt, den westlichen Balkan in die EU zu integrieren, dann wird die zentraleurop\u00e4ische Region von S\u00fcden her v\u00f6llig wehrlos sein\u201d, betonte Szijj\u00e1rt\u00f3.<\/p>\n<p>Der zweite Schritt besteht darin, dass die EU-Mitgliedstaaten die westlichen Balkanstaaten unterst\u00fctzen sollten, damit sie den Migrantenstrom auf dieser Route aufrechterhalten k\u00f6nnen. Er sagte, Ungarn werde diese L\u00e4nder weiterhin bei ihren Grenzschutzbem\u00fchungen unterst\u00fctzen, genau wie im vergangenen Jahr.<\/p>\n<p>Szijj\u00e1rt\u00f3 stellte fest, dass Ungarn bisher \u00fcber hundert Polizisten zu Grenzschutzmissionen nach Mazedonien geschickt habe, und f\u00fcgte hinzu, dass Serbien auch Ungarn um Hilfe beim Schutz seiner S\u00fcdgrenze gebeten habe \u201cUnd Ungarn wird Serbien helfen\u201d, sagte er.<\/p>\n<p>Am Rande des Strategischen Forums f\u00fchrte Szijj\u00e1rt\u00f3 Gespr\u00e4che mit seinen lettischen, slowenischen und rum\u00e4nischen Amtskollegen \u00fcber die europ\u00e4ische Sicherheits- und Energiepolitik.<\/p>\n<p><em>Foto: MTI<\/em><\/p>\n","protected":false},"excerpt":{"rendered":"<p>&nbsp; Bled, Slowenien (MTI) \u2013 Die zunehmenden Spannungen in der westlichen Balkanregion stellen ein ernsthaftes Risiko f\u00fcr die Sicherheit Ungarns dar, sagte Au\u00dfenminister P\u00e9ter Szijj\u00e1rt\u00f3 am Dienstag. Angesichts der anhaltenden Grenzstreitigkeiten, des zunehmenden religi\u00f6sen Extremismus und der zunehmenden Bedrohung durch den Terrorismus in der s\u00fcd\u00f6stlichen Nachbarregion der EU sei es keineswegs unm\u00f6glich, dass Europa im [&hellip;]<\/p>\n","protected":false},"author":2,"featured_media":755206,"comment_status":"open","ping_status":"open","sticky":false,"template":"","format":"standard","meta":{"_acf_changed":false,"_display_image":"","footnotes":""},"categories":[1081],"tags":[1169,1082,1739],"class_list":["post-755205","post","type-post","status-publish","format-standard","has-post-thumbnail","hentry","category-politik","tag-aussenministerium-von-ungarn","tag-europaische-union","tag-slowenien"],"blocksy_meta":[],"acf":[],"author_username":"alk","telegram_post":"","public_post_metadata":{"breaking_news":"","important":"","csempe":"","center_tile":"","disable_thumbnail":"","target_lang":"","_featured_image_style":"","telegram_post":"","_xlat_group_id":""},"public_rank_math_data":{"title":"%title% %sep% %sitename%","description":"","focus_keyword":"Slowenien Ungarn","canonical_url":"","robots":"","primary_category":"1081","breadcrumb_title":"","facebook_title":"","facebook_description":"","facebook_image":"","facebook_image_id":"","twitter_title":"","twitter_description":"","twitter_image":"","twitter_image_id":"","twitter_card_type":"","twitter_use_facebook":"","advanced_robots":"","pillar_content":"","seo_score":"3","contentai_score":"","rich_snippet":""},"_links":{"self":[{"href":"https:\/\/dailynewshungary.com\/de\/wp-json\/wp\/v2\/posts\/755205","targetHints":{"allow":["GET"]}}],"collection":[{"href":"https:\/\/dailynewshungary.com\/de\/wp-json\/wp\/v2\/posts"}],"about":[{"href":"https:\/\/dailynewshungary.com\/de\/wp-json\/wp\/v2\/types\/post"}],"author":[{"embeddable":true,"href":"https:\/\/dailynewshungary.com\/de\/wp-json\/wp\/v2\/users\/2"}],"replies":[{"embeddable":true,"href":"https:\/\/dailynewshungary.com\/de\/wp-json\/wp\/v2\/comments?post=755205"}],"version-history":[{"count":0,"href":"https:\/\/dailynewshungary.com\/de\/wp-json\/wp\/v2\/posts\/755205\/revisions"}],"wp:featuredmedia":[{"embeddable":true,"href":"https:\/\/dailynewshungary.com\/de\/wp-json\/wp\/v2\/media\/755206"}],"wp:attachment":[{"href":"https:\/\/dailynewshungary.com\/de\/wp-json\/wp\/v2\/media?parent=755205"}],"wp:term":[{"taxonomy":"category","embeddable":true,"href":"https:\/\/dailynewshungary.com\/de\/wp-json\/wp\/v2\/categories?post=755205"},{"taxonomy":"post_tag","embeddable":true,"href":"https:\/\/dailynewshungary.com\/de\/wp-json\/wp\/v2\/tags?post=755205"}],"curies":[{"name":"wp","href":"https:\/\/api.w.org\/{rel}","templated":true}]}}