{"id":755227,"date":"2016-09-06T12:19:13","date_gmt":"2016-09-06T10:19:13","guid":{"rendered":"https:\/\/dailynewshungary.com\/de\/jobbik-gratuliert-afd-partei-zum-erfolg-bei-der-regionalwahl\/"},"modified":"2016-09-06T12:19:13","modified_gmt":"2016-09-06T10:19:13","slug":"jobbik-gratuliert-afd-partei-zum-erfolg-bei-der-regionalwahl","status":"publish","type":"post","link":"https:\/\/dailynewshungary.com\/de\/jobbik-gratuliert-afd-partei-zum-erfolg-bei-der-regionalwahl\/","title":{"rendered":"Jobbik gratuliert AfD-Partei zum Erfolg bei der Regionalwahl"},"content":{"rendered":"<p><strong>Jobbik-Bewegung f\u00fcr ein besseres Ungarn freut sich \u00fcber die Nachricht, dass Alternative f\u00fcr Deutschland die psychologische Schwelle von 20 Prozent \u00fcberschritten und bei der Landtagswahl in Mecklenburg-Vorpommern den zweiten Platz erreicht hat.<\/strong><\/p>\n<p>Neueste und bisherige Leistungen der AfD bedeuten den Erfolg einer Partei sowie eine Ann\u00e4herung an politische Angelegenheiten, nach den Ergebnissen in den L\u00e4ndern Sachsen-Anhalt und Baden-W\u00fcrttemberg best\u00e4tigt sich erneut, dass die B\u00fcrger es vorziehen w\u00fcrden, die diskreditierten Eliten des 20. Jahrhunderts durch neue Kr\u00e4fte ersetzt zu sehen, die Antworten f\u00fcr die wirklichen Probleme suchen.<\/p>\n<p>Es ist ein verr\u00e4terisches Zeichen, dass die Partei von Angela Merkel, die Europa einem Zustrom von Migranten aussetzte, in Mecklenburg-Vorpommern, einem Staat, der als \u201ceigene Region\u201d der Kanzlerin gilt, eine historische Niederlage gegen die AfD erlitt. Obwohl die AfD Zweiter wurde, kann die Partei aufgrund ihrer zunehmenden Beliebtheit als Sieger dieser Wahlen angesehen werden.<\/p>\n<p>Lassen Sie uns unserer Hoffnung Ausdruck verleihen, dass der j\u00fcngste Erfolg der AfD nur eine weitere Station auf dem Weg zu einem Bundestagswahlsieg einer Partei ist, die eine echte Alternative f\u00fcr Deutschland bietetWir sind der festen \u00dcberzeugung, dass die alten Parteien, die in den falschen Auseinandersetzungen des 20. Jahrhunderts ihren Charakter verloren und einen krisengesch\u00fcttelten Kontinent hinter sich gelassen haben, durch die Kr\u00e4fte ersetzt werden, die in immer mehr L\u00e4ndern, darunter auch Ungarn, wirklich das europ\u00e4ische Interesse f\u00f6rdern.<\/p>\n<p><em>M\u00e1rton Gy\u00f6ngy\u00f6si, Abgeordneter von Jobbik<\/em><\/p>\n","protected":false},"excerpt":{"rendered":"<p>Jobbik-Bewegung f\u00fcr ein besseres Ungarn freut sich \u00fcber die Nachricht, dass Alternative f\u00fcr Deutschland die psychologische Schwelle von 20 Prozent \u00fcberschritten und bei der Landtagswahl in Mecklenburg-Vorpommern den zweiten Platz erreicht hat. Neueste und bisherige Leistungen der AfD bedeuten den Erfolg einer Partei sowie eine Ann\u00e4herung an politische Angelegenheiten, nach den Ergebnissen in den L\u00e4ndern [&hellip;]<\/p>\n","protected":false},"author":2,"featured_media":755228,"comment_status":"open","ping_status":"open","sticky":false,"template":"","format":"standard","meta":{"_acf_changed":false,"_display_image":"","footnotes":""},"categories":[1081],"tags":[1177,1082,1632,1447],"class_list":["post-755227","post","type-post","status-publish","format-standard","has-post-thumbnail","hentry","category-politik","tag-deutschland","tag-europaische-union","tag-jobbik","tag-wahl"],"blocksy_meta":[],"acf":[],"author_username":"alk","telegram_post":"","public_post_metadata":{"breaking_news":"","important":"","csempe":"","center_tile":"","disable_thumbnail":"","target_lang":"","_featured_image_style":"","telegram_post":"","_xlat_group_id":""},"public_rank_math_data":{"title":"%title% %sep% %sitename%","description":"","focus_keyword":"afd jobbik","canonical_url":"","robots":"","primary_category":"1081","breadcrumb_title":"","facebook_title":"","facebook_description":"","facebook_image":"","facebook_image_id":"","twitter_title":"","twitter_description":"","twitter_image":"","twitter_image_id":"","twitter_card_type":"","twitter_use_facebook":"","advanced_robots":"","pillar_content":"","seo_score":"2","contentai_score":"","rich_snippet":""},"_links":{"self":[{"href":"https:\/\/dailynewshungary.com\/de\/wp-json\/wp\/v2\/posts\/755227","targetHints":{"allow":["GET"]}}],"collection":[{"href":"https:\/\/dailynewshungary.com\/de\/wp-json\/wp\/v2\/posts"}],"about":[{"href":"https:\/\/dailynewshungary.com\/de\/wp-json\/wp\/v2\/types\/post"}],"author":[{"embeddable":true,"href":"https:\/\/dailynewshungary.com\/de\/wp-json\/wp\/v2\/users\/2"}],"replies":[{"embeddable":true,"href":"https:\/\/dailynewshungary.com\/de\/wp-json\/wp\/v2\/comments?post=755227"}],"version-history":[{"count":0,"href":"https:\/\/dailynewshungary.com\/de\/wp-json\/wp\/v2\/posts\/755227\/revisions"}],"wp:featuredmedia":[{"embeddable":true,"href":"https:\/\/dailynewshungary.com\/de\/wp-json\/wp\/v2\/media\/755228"}],"wp:attachment":[{"href":"https:\/\/dailynewshungary.com\/de\/wp-json\/wp\/v2\/media?parent=755227"}],"wp:term":[{"taxonomy":"category","embeddable":true,"href":"https:\/\/dailynewshungary.com\/de\/wp-json\/wp\/v2\/categories?post=755227"},{"taxonomy":"post_tag","embeddable":true,"href":"https:\/\/dailynewshungary.com\/de\/wp-json\/wp\/v2\/tags?post=755227"}],"curies":[{"name":"wp","href":"https:\/\/api.w.org\/{rel}","templated":true}]}}