{"id":755252,"date":"2016-09-05T15:00:02","date_gmt":"2016-09-05T13:00:02","guid":{"rendered":"https:\/\/dailynewshungary.com\/de\/eu-vorschlag-fur-europaische-armee-bis-jahresende-enthalten\/"},"modified":"2016-09-05T15:00:02","modified_gmt":"2016-09-05T13:00:02","slug":"eu-vorschlag-fur-europaische-armee-bis-jahresende-enthalten","status":"publish","type":"post","link":"https:\/\/dailynewshungary.com\/de\/eu-vorschlag-fur-europaische-armee-bis-jahresende-enthalten\/","title":{"rendered":"EU-Vorschlag f\u00fcr europ\u00e4ische Armee bis Jahresende enthalten?"},"content":{"rendered":"<p><strong>Budapest (MTI) (Die EU k\u00f6nnte bis Ende des Jahres einen Entwurf einer Verteidigungs- und Sicherheitsstrategie vorlegen, der den Vorschlag Ungarns zur Aufstellung einer europ\u00e4ischen Armee ber\u00fccksichtigt, sagte der Leiter eines ungarischen Parlamentsausschusses am Sonntag nach au\u00dfenpolitischen Gespr\u00e4chen Pozsony (Bratislava).<\/strong><\/p>\n<p>Zsolt N\u00e9meth, der Leiter des Ausschusses f\u00fcr ausw\u00e4rtige Angelegenheiten, f\u00fchrte Gespr\u00e4che mit seinen Amtskollegen aus anderen EU-L\u00e4ndern auf einer Konferenz, an der Federica Mogherini, die Au\u00dfen- und Sicherheitspolitikchefin der EU, und auch die Au\u00dfenministerin des derzeitigen EU-Pr\u00e4sidenten Slowakei teilnahmen.<\/p>\n<p>Ein Hauptaugenmerk der zweit\u00e4gigen Konferenz lag auf der globalen Strategie zur Au\u00dfen &#8211; und Sicherheitspolitik f\u00fcr ein st\u00e4rkeres Europa, die im Sommer vom Europarat verabschiedet wurde, sagte N\u00e9meth gegen\u00fcber MTI.<\/p>\n<p>Er sagte, er habe seinen Partnern einen \u00dcberblick \u00fcber die ungarische Position gegeben, dass eine der wichtigsten Aufgaben der EU darin bestehe, eine eigene Armee aufzubauen, auf die sich die Ausschussvorsitzenden und Mogherini geeinigt h\u00e4tten.<\/p>\n<p>Der EU-Au\u00dfenbeauftragte versprach, in diesem Jahr einen Verteidigungsplan vorzulegen, der einen Zeitplan f\u00fcr den Aufbau einer gemeinsamen europ\u00e4ischen Armee festlegen w\u00fcrde, sagte N\u00e9meth.<\/p>\n<p>Ein weiteres wichtiges Thema des Treffens war Migration und das Quotensystem der EU, das der slowakische Au\u00dfenminister \u201eunmenschlich\u201cnannte, sagte Nemeth. Er sagte, Miroslav Lajcak habe stattdessen vorgeschlagen, eine \u201enachhaltige Migrationspolitik\u201d zu entwerfen.<\/p>\n<p>Ungarns Abstimmung vom 2. Oktober sei in dieser Hinsicht \u201ceher zeitgem\u00e4\u00df\u201d, da sie der EU \u201ceine Orientierung geben\u201d k\u00f6nne, um eine Entscheidung zu treffen, sagte Nemeth und argumentierte, dass das Quotensystem \u201cein unangemessenes Instrument\u201d f\u00fcr eine nachhaltige Migrationspolitik sei.<\/p>\n<p>&nbsp;<\/p>\n","protected":false},"excerpt":{"rendered":"<p>Budapest (MTI) (Die EU k\u00f6nnte bis Ende des Jahres einen Entwurf einer Verteidigungs- und Sicherheitsstrategie vorlegen, der den Vorschlag Ungarns zur Aufstellung einer europ\u00e4ischen Armee ber\u00fccksichtigt, sagte der Leiter eines ungarischen Parlamentsausschusses am Sonntag nach au\u00dfenpolitischen Gespr\u00e4chen Pozsony (Bratislava). Zsolt N\u00e9meth, der Leiter des Ausschusses f\u00fcr ausw\u00e4rtige Angelegenheiten, f\u00fchrte Gespr\u00e4che mit seinen Amtskollegen aus anderen [&hellip;]<\/p>\n","protected":false},"author":2,"featured_media":0,"comment_status":"open","ping_status":"open","sticky":false,"template":"","format":"standard","meta":{"_acf_changed":false,"_display_image":"","footnotes":""},"categories":[1081],"tags":[1203,1082,1445,1658],"class_list":["post-755252","post","type-post","status-publish","format-standard","hentry","category-politik","tag-armee","tag-europaische-union","tag-migration","tag-parlament"],"blocksy_meta":[],"acf":[],"author_username":"alk","telegram_post":"","public_post_metadata":{"breaking_news":"","important":"","csempe":"","center_tile":"","disable_thumbnail":"","target_lang":"","_featured_image_style":"","telegram_post":"","_xlat_group_id":""},"public_rank_math_data":{"title":"%title% %sep% %sitename%","description":"","focus_keyword":"Eu-armee","canonical_url":"","robots":"","primary_category":"1081","breadcrumb_title":"","facebook_title":"","facebook_description":"","facebook_image":"","facebook_image_id":"","twitter_title":"","twitter_description":"","twitter_image":"","twitter_image_id":"","twitter_card_type":"","twitter_use_facebook":"","advanced_robots":"","pillar_content":"","seo_score":"0","contentai_score":"","rich_snippet":""},"_links":{"self":[{"href":"https:\/\/dailynewshungary.com\/de\/wp-json\/wp\/v2\/posts\/755252","targetHints":{"allow":["GET"]}}],"collection":[{"href":"https:\/\/dailynewshungary.com\/de\/wp-json\/wp\/v2\/posts"}],"about":[{"href":"https:\/\/dailynewshungary.com\/de\/wp-json\/wp\/v2\/types\/post"}],"author":[{"embeddable":true,"href":"https:\/\/dailynewshungary.com\/de\/wp-json\/wp\/v2\/users\/2"}],"replies":[{"embeddable":true,"href":"https:\/\/dailynewshungary.com\/de\/wp-json\/wp\/v2\/comments?post=755252"}],"version-history":[{"count":0,"href":"https:\/\/dailynewshungary.com\/de\/wp-json\/wp\/v2\/posts\/755252\/revisions"}],"wp:attachment":[{"href":"https:\/\/dailynewshungary.com\/de\/wp-json\/wp\/v2\/media?parent=755252"}],"wp:term":[{"taxonomy":"category","embeddable":true,"href":"https:\/\/dailynewshungary.com\/de\/wp-json\/wp\/v2\/categories?post=755252"},{"taxonomy":"post_tag","embeddable":true,"href":"https:\/\/dailynewshungary.com\/de\/wp-json\/wp\/v2\/tags?post=755252"}],"curies":[{"name":"wp","href":"https:\/\/api.w.org\/{rel}","templated":true}]}}